{"id":191232,"date":"2025-12-16T21:35:11","date_gmt":"2025-12-16T21:35:11","guid":{"rendered":"https:\/\/www.europesays.com\/pt\/191232\/"},"modified":"2025-12-16T21:35:11","modified_gmt":"2025-12-16T21:35:11","slug":"especialistas-de-arte-rupestre-reunidos-em-macao","status":"publish","type":"post","link":"https:\/\/www.europesays.com\/pt\/191232\/","title":{"rendered":"Especialistas de Arte Rupestre reunidos em Ma\u00e7\u00e3o"},"content":{"rendered":"<p>Ma\u00e7\u00e3o reuniu nos dias 11 e 12 de Dezembro algumas das principais referencias mundiais em Arte Rupestre no CARP-Caminhos de Arte Rupestre Pr\u00e9-hist\u00f3rica e nos trabalhos do projeto TupART.<\/p>\n<p>Vanda Serra, vereadora da Cultura esteve na abertura dos trabalhos, onde especialistas de todo o mundo estiveram presentes no workshop do Projecto TupART, onde foram apresentados temas como o Plano de Comunica\u00e7\u00e3o, Plano de Ac\u00e7\u00e3o para Certifica\u00e7\u00e3o de Destinos Rupestres ou o Turismo Sustent\u00e1vel.<\/p>\n<p>No dia 12, teve lugar a apresenta\u00e7\u00e3o da C\u00e1tedra de Arqueologia Rupestre na Europa, pelo Instituto Polit\u00e9cnico de Tomar e coordenado pela arque\u00f3loga Sara Garc\u00eas.<\/p>\n<p>Na apresenta\u00e7\u00e3o estiveram presentes Jo\u00e3o Coroado, Presidente do IPT, Jos\u00e9 Fernando Martins, Presidente da C\u00e2mara Municipal de Ma\u00e7\u00e3o, Luiz Oosterbeek, Presidente do ITM e Sara Garc\u00eas, Coordenadora da C\u00e1tedra da Arqueologia Rupestre.<\/p>\n<p>Para Sara Garc\u00eas este projecto \u00e9 n\u00e3o s\u00f3 inovador como \u00e9 o primeiro a n\u00edvel nacional e europeu, que \u00e9 o culminar de um processo que come\u00e7ou h\u00e1 25 anos com a descoberta da primeira gravura rupestre em Ma\u00e7\u00e3o, o cavalo do Ocreza.<\/p>\n<p>Este programa da C\u00e1tedra estrutura-se em tr\u00eas eixos: cientifico-tecnol\u00f3gico, pedag\u00f3gico e de transpar\u00eancia de conhecimento.<\/p>\n<ul class=\"embed-photo-gallery-list\">\n<li class=\"embed-photo-gallery-image\">\n<p>        <a class=\"trigger\" href=\"https:\/\/thumbs.web.sapo.io?H=1000&amp;W=1000&amp;delay_optim=1&amp;epic=V2%3AuFiNEardGCQxtRiBFda5UbUbefLmzJe9699iULXQSg9iIEOO3aAtZ0HUQB4UiYDlMGkYrFjrKpVmq6dmTM4iYuk3vxeIwJ9CdYWawWE2NzlfkuIqbb3LF1TBKOaqU7OG&amp;webp=1\" rel=\"nofollow noopener\" target=\"_blank\"><\/p>\n<p>                <img decoding=\"async\" loading=\"lazy\" src=\"https:\/\/www.europesays.com\/pt\/wp-content\/uploads\/2025\/12\/1765920911_412_thumbs.web.sapo.io\" alt=\"\" type=\"image\/jpeg\" \/><\/p>\n<p>        <\/a>\n<\/li>\n<li class=\"embed-photo-gallery-image\">\n<p>        <a class=\"trigger\" href=\"https:\/\/thumbs.web.sapo.io?H=1000&amp;W=1000&amp;delay_optim=1&amp;epic=V2%3AQHv1UN62OGnhocnNBoi0oAngC2sdgU4FdkPT53Z4ETRIRd5Ui3v0slRP7bOdbIaiRw9Bjm%2FNjNxIi%2BvKotI5LKOHfqJf8QzuKIeD3FqLLUV7%2Fgz1HddBd5nVbEYbCecz&amp;webp=1\" rel=\"nofollow noopener\" target=\"_blank\"><\/p>\n<p>                <img decoding=\"async\" loading=\"lazy\" src=\"https:\/\/www.europesays.com\/pt\/wp-content\/uploads\/2025\/12\/1765920911_178_thumbs.web.sapo.io\" alt=\"\" type=\"image\/jpeg\" \/><\/p>\n<p>        <\/a>\n<\/li>\n<\/ul>\n","protected":false},"excerpt":{"rendered":"Ma\u00e7\u00e3o reuniu nos dias 11 e 12 de Dezembro algumas das principais referencias mundiais em Arte Rupestre no&hellip;\n","protected":false},"author":2,"featured_media":191233,"comment_status":"","ping_status":"","sticky":false,"template":"","format":"standard","meta":{"footnotes":""},"categories":[144],"tags":[207,205,206,203,201,202,204,114,115,32,33],"class_list":{"0":"post-191232","1":"post","2":"type-post","3":"status-publish","4":"format-standard","5":"has-post-thumbnail","7":"category-arte-e-design","8":"tag-arte","9":"tag-arte-e-design","10":"tag-artedesign","11":"tag-arts","12":"tag-arts-and-design","13":"tag-artsanddesign","14":"tag-design","15":"tag-entertainment","16":"tag-entretenimento","17":"tag-portugal","18":"tag-pt"},"share_on_mastodon":{"url":"https:\/\/pubeurope.com\/@pt\/115731400585883908","error":""},"_links":{"self":[{"href":"https:\/\/www.europesays.com\/pt\/wp-json\/wp\/v2\/posts\/191232","targetHints":{"allow":["GET"]}}],"collection":[{"href":"https:\/\/www.europesays.com\/pt\/wp-json\/wp\/v2\/posts"}],"about":[{"href":"https:\/\/www.europesays.com\/pt\/wp-json\/wp\/v2\/types\/post"}],"author":[{"embeddable":true,"href":"https:\/\/www.europesays.com\/pt\/wp-json\/wp\/v2\/users\/2"}],"replies":[{"embeddable":true,"href":"https:\/\/www.europesays.com\/pt\/wp-json\/wp\/v2\/comments?post=191232"}],"version-history":[{"count":0,"href":"https:\/\/www.europesays.com\/pt\/wp-json\/wp\/v2\/posts\/191232\/revisions"}],"wp:featuredmedia":[{"embeddable":true,"href":"https:\/\/www.europesays.com\/pt\/wp-json\/wp\/v2\/media\/191233"}],"wp:attachment":[{"href":"https:\/\/www.europesays.com\/pt\/wp-json\/wp\/v2\/media?parent=191232"}],"wp:term":[{"taxonomy":"category","embeddable":true,"href":"https:\/\/www.europesays.com\/pt\/wp-json\/wp\/v2\/categories?post=191232"},{"taxonomy":"post_tag","embeddable":true,"href":"https:\/\/www.europesays.com\/pt\/wp-json\/wp\/v2\/tags?post=191232"}],"curies":[{"name":"wp","href":"https:\/\/api.w.org\/{rel}","templated":true}]}}