{"id":191243,"date":"2025-12-16T21:43:11","date_gmt":"2025-12-16T21:43:11","guid":{"rendered":"https:\/\/www.europesays.com\/pt\/191243\/"},"modified":"2025-12-16T21:43:11","modified_gmt":"2025-12-16T21:43:11","slug":"co-fundador-do-estudio-de-ghost-of-tsushima-anuncia-sua-saida-apos-30-anos","status":"publish","type":"post","link":"https:\/\/www.europesays.com\/pt\/191243\/","title":{"rendered":"Co-fundador do est\u00fadio de Ghost of Tsushima anuncia sua sa\u00edda ap\u00f3s 30 anos"},"content":{"rendered":"<p class=\"wp-block-yoast-seo-estimated-reading-time yoast-reading-time__wrapper\">Estimated reading time: 2 minutos<\/p>\n<p>Ap\u00f3s quase tr\u00eas d\u00e9cadas ajudando a criar franquias como <strong>Sly Cooper<\/strong>, <strong>inFAMOUS<\/strong> e <a href=\"https:\/\/ovicio.com.br\/jogo\/ghost-of-yotei\/\" target=\"_blank\" rel=\"noreferrer noopener nofollow\">Ghost of Tsushima<\/a>, <strong>Brian Fleming<\/strong> est\u00e1 se despedindo da <strong>Sucker Punch Productions<\/strong>, e uma nova gera\u00e7\u00e3o de desenvolvedores assumir\u00e1.<\/p>\n<p>A partir de 1\u00ba de janeiro, <strong>Jason Connell<\/strong> e <strong>Adrian Bentley<\/strong> \u2014 l\u00edderes criativos dos \u00faltimos dois t\u00edtulos do est\u00fadio \u2014 assumir\u00e3o oficialmente como novos chefes.<\/p>\n<p>De acordo com um porta-voz da <strong>Sony<\/strong>, a dupla &#8220;<strong>dar\u00e1 continuidade ao foco da Sucker Punch em experi\u00eancias ambiciosas, centradas em personagens, uma marca registrada dos est\u00fadios PlayStation<\/strong>&#8220;.<\/p>\n<p>Connell atuou como diretor criativo da franquia Ghost, ajudando a estabelecer a identidade visual e o estilo narrativo do est\u00fadio, levando uma abordagem cinematogr\u00e1fica aos jogadores.<\/p>\n<p>Bentley, na fun\u00e7\u00e3o de diretor t\u00e9cnico, comandou os esfor\u00e7os de engenharia e produ\u00e7\u00e3o, impulsionando inova\u00e7\u00f5es em ferramentas de desenvolvimento e sistemas.<\/p>\n<p><strong>Nate Fox<\/strong> seguir\u00e1 como diretor criativo conjunto.<\/p>\n<p>&#8220;<strong>A vis\u00e3o e a lideran\u00e7a de Brian Fleming foram determinantes para moldar a cultura de criatividade e colabora\u00e7\u00e3o do est\u00fadio, al\u00e9m de estabelecer a base sobre a qual Jason Connell, Adrian Bentley e toda a equipe ir\u00e3o construir os pr\u00f3ximos cap\u00edtulos da Sucker Punch no futuro<\/strong>,&#8221; completaram.<\/p>\n<p>Leia mais sobre a Sucker Punch:<\/p>\n<p><strong>Fonte<\/strong>: <a href=\"https:\/\/sonyinteractive.com\/en\/news\/blog\/the-next-chapter-of-sucker-punch\/\" target=\"_blank\" rel=\"noreferrer noopener nofollow\">Sony<\/a><\/p>\n","protected":false},"excerpt":{"rendered":"Estimated reading time: 2 minutos Ap\u00f3s quase tr\u00eas d\u00e9cadas ajudando a criar franquias como Sly Cooper, inFAMOUS e&hellip;\n","protected":false},"author":2,"featured_media":191244,"comment_status":"","ping_status":"","sticky":false,"template":"","format":"standard","meta":{"footnotes":""},"categories":[84],"tags":[109,107,108,38520,24528,2142,32,33,105,103,104,106,110],"class_list":{"0":"post-191243","1":"post","2":"type-post","3":"status-publish","4":"format-standard","5":"has-post-thumbnail","7":"category-ciencia-e-tecnologia","8":"tag-ciencia","9":"tag-ciencia-e-tecnologia","10":"tag-cienciaetecnologia","11":"tag-ghost-of-tsushima","12":"tag-ghost-of-yotei","13":"tag-playstation","14":"tag-portugal","15":"tag-pt","16":"tag-science","17":"tag-science-and-technology","18":"tag-scienceandtechnology","19":"tag-technology","20":"tag-tecnologia"},"share_on_mastodon":{"url":"https:\/\/pubeurope.com\/@pt\/115731431742984100","error":""},"_links":{"self":[{"href":"https:\/\/www.europesays.com\/pt\/wp-json\/wp\/v2\/posts\/191243","targetHints":{"allow":["GET"]}}],"collection":[{"href":"https:\/\/www.europesays.com\/pt\/wp-json\/wp\/v2\/posts"}],"about":[{"href":"https:\/\/www.europesays.com\/pt\/wp-json\/wp\/v2\/types\/post"}],"author":[{"embeddable":true,"href":"https:\/\/www.europesays.com\/pt\/wp-json\/wp\/v2\/users\/2"}],"replies":[{"embeddable":true,"href":"https:\/\/www.europesays.com\/pt\/wp-json\/wp\/v2\/comments?post=191243"}],"version-history":[{"count":0,"href":"https:\/\/www.europesays.com\/pt\/wp-json\/wp\/v2\/posts\/191243\/revisions"}],"wp:featuredmedia":[{"embeddable":true,"href":"https:\/\/www.europesays.com\/pt\/wp-json\/wp\/v2\/media\/191244"}],"wp:attachment":[{"href":"https:\/\/www.europesays.com\/pt\/wp-json\/wp\/v2\/media?parent=191243"}],"wp:term":[{"taxonomy":"category","embeddable":true,"href":"https:\/\/www.europesays.com\/pt\/wp-json\/wp\/v2\/categories?post=191243"},{"taxonomy":"post_tag","embeddable":true,"href":"https:\/\/www.europesays.com\/pt\/wp-json\/wp\/v2\/tags?post=191243"}],"curies":[{"name":"wp","href":"https:\/\/api.w.org\/{rel}","templated":true}]}}