{"id":191247,"date":"2025-12-16T21:45:06","date_gmt":"2025-12-16T21:45:06","guid":{"rendered":"https:\/\/www.europesays.com\/pt\/191247\/"},"modified":"2025-12-16T21:45:06","modified_gmt":"2025-12-16T21:45:06","slug":"mau-pressagio-russia-cetica-quanto-a-solucao-negociada-com-europeus-2","status":"publish","type":"post","link":"https:\/\/www.europesays.com\/pt\/191247\/","title":{"rendered":"Mau &#8220;press\u00e1gio&#8221;. R\u00fassia c\u00e9tica quanto a solu\u00e7\u00e3o negociada com europeus"},"content":{"rendered":"<p>&#13;<br \/>\nPeskov\u00a0admitiu contudo que a R\u00fassia n\u00e3o foi ainda informada sobre os resultados das conversa\u00e7\u00f5es realizadas em Berlim nos \u00faltimos dois dias.\u00a0&#13;\n<\/p>\n<p>&#13;<br \/>\nPeskov afirmou que <b>Moscovo deve &#8220;primeiro tomar conhecimento&#8221; do que foi elaborado durante as recentes negocia\u00e7\u00f5es entre ucranianos e norte-americanos<\/b>, antes da organiza\u00e7\u00e3o de um novo encontro dos Estados Unidos com a R\u00fassia. &#13;\n<\/p>\n<p>&#13;<br \/>\nO presidente ucraniano, Volodymyr Zelensky, participou no domingo e na segunda-feira, em Berlim, em negocia\u00e7\u00f5es com representantes norte-americanos e europeus sobre o plano do hom\u00f3logo dos Estados Unidos, Donald Trump, para terminar a guerra russa contra a Ucr\u00e2nia.&#13;\n<\/p>\n<p>&#13;<br \/>\nO plano norte-americano para p\u00f4r termo \u00e0 guerra que a R\u00fassia iniciou em fevereiro de 2022, quando invadiu a Ucr\u00e2nia, foi reformulado ap\u00f3s as reuni\u00f5es com os ucranianos em Berlim.&#13;\n<\/p>\n<p>&#13;<br \/>\n<b>Os detalhes dessa reformula\u00e7\u00e3o n\u00e3o foram revelados publicamente.<\/b>&#13;\n<\/p>\n<p>Tanto Kiev como os europeus criticaram o  documento original apresentado por  Washington, considerando-o amplamente favor\u00e1vel \u00e0s posi\u00e7\u00f5es do Kremlin.<br \/>\n&#8220;Dificilmente algo de bom&#8221;<\/p>\n<p>&#13;<br \/>\nOs europeus avan\u00e7aram segunda-feira com uma proposta paralela que implica o destacamento de uma for\u00e7a multinacional na Ucr\u00e2nia, garantias semelhantes de aux\u00edlio a Kiev em caso de novo ataque russo e um ex\u00e9rcito ucraniano de 800.000 efetivos.\u00a0&#13;\n<\/p>\n<p>&#13;<br \/>\nA R\u00fassia considerou anteriormente tais condi\u00e7\u00f5es como inaceit\u00e1veis.&#13;\n<\/p>\n<p>&#13;<br \/>\nUma fonte diplom\u00e1tica europeia em Kiev disse esta ter\u00e7a-feira \u00e0 AFP que o desafio atual para a Uni\u00e3o Europeia consiste em &#8220;desligar os Estados Unidos das posi\u00e7\u00f5es russas&#8221;.&#13;\n<\/p>\n<p>&#13;<br \/>\nMoscovo acolheu bem o plano inicial de Donald Trump e est\u00e1 c\u00e9tica quanto \u00e0s altera\u00e7\u00f5es.&#13;\n<\/p>\n<p>&#13;<br \/>\n<b>&#8220;N\u00e3o sei o que resultar\u00e1 no papel depois dessas consultas. Mas dificilmente ser\u00e1 algo bom&#8221;<\/b>, comentou\u00a0o assessor de pol\u00edtica internacional do Kremlin, YuriUshakov, segundo a ag\u00eancia de not\u00edcias espanhola EFE.&#13;\n<\/p>\n<p>&#13;<br \/>\nO presidente russo, Vladimir Putin, tem mantido uma posi\u00e7\u00e3o inflex\u00edvel e aguarda agora o regresso ao Kremlin dos emiss\u00e1rios do hom\u00f3logo norte-americano, Steve Witkoff e Jared Kushner.&#13;\n<\/p>\n<p>&#13;<br \/>\ncom Lusa&#13;<\/p>\n","protected":false},"excerpt":{"rendered":"&#13; Peskov\u00a0admitiu contudo que a R\u00fassia n\u00e3o foi ainda informada sobre os resultados das conversa\u00e7\u00f5es realizadas em Berlim&hellip;\n","protected":false},"author":2,"featured_media":191155,"comment_status":"","ping_status":"","sticky":false,"template":"","format":"standard","meta":{"footnotes":""},"categories":[50],"tags":[27,28,15,16,14,6164,25,26,21,22,62,12,13,19,20,23991,23,24,17,18,840,29,30,31,63,64,65],"class_list":{"0":"post-191247","1":"post","2":"type-post","3":"status-publish","4":"format-standard","5":"has-post-thumbnail","7":"category-mundo","8":"tag-breaking-news","9":"tag-breakingnews","10":"tag-featured-news","11":"tag-featurednews","12":"tag-headlines","13":"tag-kremlin","14":"tag-latest-news","15":"tag-latestnews","16":"tag-main-news","17":"tag-mainnews","18":"tag-mundo","19":"tag-news","20":"tag-noticias","21":"tag-noticias-principais","22":"tag-noticiasprincipais","23":"tag-plano-de-paz","24":"tag-principais-noticias","25":"tag-principaisnoticias","26":"tag-top-stories","27":"tag-topstories","28":"tag-ucrania","29":"tag-ultimas","30":"tag-ultimas-noticias","31":"tag-ultimasnoticias","32":"tag-world","33":"tag-world-news","34":"tag-worldnews"},"share_on_mastodon":{"url":"https:\/\/pubeurope.com\/@pt\/115731439812821623","error":""},"_links":{"self":[{"href":"https:\/\/www.europesays.com\/pt\/wp-json\/wp\/v2\/posts\/191247","targetHints":{"allow":["GET"]}}],"collection":[{"href":"https:\/\/www.europesays.com\/pt\/wp-json\/wp\/v2\/posts"}],"about":[{"href":"https:\/\/www.europesays.com\/pt\/wp-json\/wp\/v2\/types\/post"}],"author":[{"embeddable":true,"href":"https:\/\/www.europesays.com\/pt\/wp-json\/wp\/v2\/users\/2"}],"replies":[{"embeddable":true,"href":"https:\/\/www.europesays.com\/pt\/wp-json\/wp\/v2\/comments?post=191247"}],"version-history":[{"count":0,"href":"https:\/\/www.europesays.com\/pt\/wp-json\/wp\/v2\/posts\/191247\/revisions"}],"wp:featuredmedia":[{"embeddable":true,"href":"https:\/\/www.europesays.com\/pt\/wp-json\/wp\/v2\/media\/191155"}],"wp:attachment":[{"href":"https:\/\/www.europesays.com\/pt\/wp-json\/wp\/v2\/media?parent=191247"}],"wp:term":[{"taxonomy":"category","embeddable":true,"href":"https:\/\/www.europesays.com\/pt\/wp-json\/wp\/v2\/categories?post=191247"},{"taxonomy":"post_tag","embeddable":true,"href":"https:\/\/www.europesays.com\/pt\/wp-json\/wp\/v2\/tags?post=191247"}],"curies":[{"name":"wp","href":"https:\/\/api.w.org\/{rel}","templated":true}]}}