{"id":191248,"date":"2025-12-16T21:46:25","date_gmt":"2025-12-16T21:46:25","guid":{"rendered":"https:\/\/www.europesays.com\/pt\/191248\/"},"modified":"2025-12-16T21:46:25","modified_gmt":"2025-12-16T21:46:25","slug":"ventura-vai-perder-eleitores-porque-e-um-erro-tomar-as-pessoas-por-parvas-o-tempo-todo","status":"publish","type":"post","link":"https:\/\/www.europesays.com\/pt\/191248\/","title":{"rendered":"Ventura vai perder eleitores &#8211; porque \u201c\u00e9 um erro tomar as pessoas por parvas o tempo todo\u201d"},"content":{"rendered":"<p class=\"wp-caption-text top\">Jos\u00e9 Sena Goul\u00e3o \/ LUSA<\/p>\n<p><img decoding=\"async\" loading=\"lazy\" class=\"size-kopa-image-size-3 wp-image-717103\" src=\"https:\/\/www.europesays.com\/pt\/wp-content\/uploads\/2025\/12\/234776de5b314e5787365bd432458e56-783x450.jpg\" alt=\"\" width=\"700\" height=\"402\"  \/><\/p>\n<p class=\"wp-caption-text bot\">O candidato \u00e0 Presid\u00eancia da Rep\u00fablica, Andr\u00e9 Ventura<\/p>\n<p><strong>Os sindicatos eram \u201csanguessugas\u201d. Depois apareceu um \u201ctalvez\u201d. No dia da greve, j\u00e1 havia raz\u00f5es para descontentamento.<\/strong><\/p>\n<p>Andr\u00e9 <strong>Ventura<\/strong> estava contra a greve geral do dia 11 de Dezembro. Disse que os sindicatos s\u00e3o \u201csanguessugas\u201d, porque n\u00e3o resolvem os problemas; disse que \u201cn\u00e3o precisamos de uma<strong> greve geral<\/strong>\u201d porque \u201cuma paralisia (\u2026) \u00e9 um <strong>erro\u201d.<\/strong><\/p>\n<p>Depois, num debate na Assembleia da Rep\u00fablica, comentou em frente a Lu\u00eds Montenegro que <strong>\u201ctalvez<\/strong> n\u00e3o haja motivos para uma greve geral, mas h\u00e1 motivos para um descontentamento geral\u201d.<\/p>\n<p>J\u00e1 no <a href=\"https:\/\/zap.aeiou.pt\/greve-geral-impacto-716297\" data-wpel-link=\"internal\" rel=\"nofollow noopener\" target=\"_blank\">dia da greve<\/a>, num debate com Jorge Pinto, disse: \u201cA greve \u00e9 <strong>leg\u00edtima<\/strong> e h\u00e1 raz\u00f5es para um descontentamento generalizado nesta mat\u00e9ria e t\u00eam raz\u00e3o, mas pod\u00edamos ter evitado que acontecesse\u201d.<\/p>\n<p>Nesse momento, Jorge Pinto (Livre) at\u00e9 disse que Andr\u00e9 Ventura se podia juntar a um sindicato, ou ser mesmo l\u00edder da CGTP. \u201cBem-vindo, camarada Ventura, a esta luta\u201d \u2013 na verdade, Ventura chegou a querer construir um sindicato a partir do pr\u00f3prio Chega.<\/p>\n<p>J\u00e1 na sexta-feira, o presidente do Chega anunciou que o seu partido, afinal, vai votar contra o novo pacote laboral. Isto se o Governo alterar ideias sobre despedimentos e parentalidade.<\/p>\n<p>Repetindo outros exemplos,<strong> Andr\u00e9 Ventura defendeu uma ideia, depois suavizou essa ideia e no fim at\u00e9 acabou por contrariar o que tinha dito<\/strong>.<\/p>\n<p>Nuno Gon\u00e7alo Po\u00e7as salienta que o Chega \u201cfica sem saber o que fazer em alguns temas\u201d. E, por isso, haver\u00e1 <strong>consequ\u00eancias:<\/strong> \u201cMais cedo ou mais tarde, estas coisas pagam-se, estas oscila\u00e7\u00f5es bastante contradit\u00f3rias\u201d.<\/p>\n<p>Na r\u00e1dio <a href=\"https:\/\/observador.pt\/programas\/e-o-vencedor-e\/ventura-ja-nao-consegue-ser-fiel-a-si-proprio\/\" data-wpel-link=\"external\" target=\"_blank\" rel=\"nofollow external noopener noreferrer\" class=\"ext-link\">Observador<\/a>, o advogado refor\u00e7a que \u201cn\u00e3o \u00e9 poss\u00edvel ser a favor e contra o pacote laboral, e ser a favor e contra a greve geral\u201d.<\/p>\n<p>Olhando at\u00e9 para o<strong> percurso ideol\u00f3gico do Chega<\/strong>, Nuno lembra que o partido, no in\u00edcio, tinha um programa econ\u00f3mico bastante liberal e, nos \u00faltimos anos, percebendo os eleitores, foi tendo alguma dificuldades em ser fiel a esse prop\u00f3sito; e \u201cvai fazendo este tipo de <strong>fintas,<\/strong> para tentar beneficiar\u201d disso. Ou seja, ganhar votos.<\/p>\n<p>Mas fica o aviso: \u201cPelo menos do ponto de vista econ\u00f3mico, o <strong>Andr\u00e9 Ventura, mais cedo ou mais tarde, vai ter alguma dificuldade em manter todo o eleitorado<\/strong> que j\u00e1 tem. N\u00e3o \u00e9 poss\u00edvel ser tudo e o seu contr\u00e1rio ao mesmo tempo, sem que as pessoas, a uma determinada altura, n\u00e3o notem isso\u201d.<\/p>\n<p>\u201cN\u00e3o se \u00e9 de direita por se ser contra a cultura woke, s\u00f3. N\u00e3o se \u00e9 direita por se defender uma imigra\u00e7\u00e3o mais regulada, s\u00f3\u201d.<\/p>\n<p>Nuno Gon\u00e7alo Po\u00e7as considera que o l\u00edder do Chega <strong>n\u00e3o tem conseguido ser fiel<\/strong> a diversos princ\u00edpios e valores. \u201cQuando essas coisas se come\u00e7am a notar, volta sempre aos mesmos temas para que se notem menos essas incoer\u00eancias\u201d.<\/p>\n<p>Voltando ao pacote laboral, \u201cningu\u00e9m sabe muito bem o que Andr\u00e9 Ventura quer fazer\u201d.<\/p>\n<p>E as convic\u00e7\u00f5es de um pol\u00edtico \u201cn\u00e3o podem depender de elei\u00e7\u00f5es\u201d, refor\u00e7a.<\/p>\n<p>Numa fase em que o eleitorado do Chega \u00e9 t\u00e3o heterog\u00e9neo, \u201ch\u00e1-de haver eleitores insatisfeitos com este ou aquele tema. Pode haver um denominador comum que fa\u00e7a com que as pessoas n\u00e3o desistam do seu voto, e ignorem estas coisas \u2013 mas tenho as minhas d\u00favidas, porque<strong> \u00e9 um erro tomar as pessoas por parvas o tempo todo<\/strong>. Inevitavelmente, Ventura vai acabar por sofrer consequ\u00eancias por causa disso\u201d.<\/p>\n<p>    <a href=\"https:\/\/zap.aeiou.pt\/subscrever-newsletter\" data-wpel-link=\"internal\" rel=\"nofollow noopener\" target=\"_blank\">&#13;<br \/>\n        <img loading=\"lazy\" decoding=\"async\" class=\"aligncenter size-full wp-image-575475\" src=\"https:\/\/www.europesays.com\/pt\/wp-content\/uploads\/2025\/12\/1765389371_545_2d51fe4a0ba54894421ead1809309ed9-1-450x140.jpg\" alt=\"Subscreva a Newsletter ZAP\" width=\"450\" height=\"140\"\/>&#13;<br \/>\n    <\/a><\/p>\n<p>                <a href=\"https:\/\/whatsapp.com\/channel\/0029VaIC4EE2f3EJZPPSbR34\" data-wpel-link=\"external\" target=\"_blank\" rel=\"nofollow external noopener noreferrer\" class=\"ext-link\">&#13;<br \/>\n                    <img loading=\"lazy\" decoding=\"async\" class=\"aligncenter size-full wp-image-575475\" src=\"https:\/\/www.europesays.com\/pt\/wp-content\/uploads\/2025\/12\/1765389371_770_c68c559d956d4ca20f435ed74a6e71e6.png\" alt=\"Siga-nos no WhatsApp\" width=\"175\" height=\"64\"\/>&#13;<br \/>\n                <\/a><\/p>\n<p>                <a href=\"https:\/\/news.google.com\/publications\/CAAiEHRwZondIV71PDjWNoqMduEqFAgKIhB0cGaJ3SFe9Tw41jaKjHbh?hl=en-US&amp;gl=US&amp;ceid=US%3Aen\" data-wpel-link=\"external\" target=\"_blank\" rel=\"nofollow external noopener noreferrer\" class=\"ext-link\">&#13;<br \/>\n                    <img loading=\"lazy\" decoding=\"async\" class=\"aligncenter size-full wp-image-575475\" src=\"https:\/\/www.europesays.com\/pt\/wp-content\/uploads\/2025\/12\/1765389372_556_5123dd8b087b644fdb8f8603acd1bad4.png\" alt=\"Siga-nos no Google News\" width=\"176\" height=\"64\"\/>&#13;<br \/>\n                <\/a><\/p>\n","protected":false},"excerpt":{"rendered":"Jos\u00e9 Sena Goul\u00e3o \/ LUSA O candidato \u00e0 Presid\u00eancia da Rep\u00fablica, Andr\u00e9 Ventura Os sindicatos eram \u201csanguessugas\u201d. Depois&hellip;\n","protected":false},"author":2,"featured_media":191249,"comment_status":"","ping_status":"","sticky":false,"template":"","format":"standard","meta":{"footnotes":""},"categories":[10],"tags":[3386,27,28,269,1736,15,16,1322,14,25,26,21,22,12,13,19,20,52,32,23,24,33,17,18,29,30,31],"class_list":{"0":"post-191248","1":"post","2":"type-post","3":"status-publish","4":"format-standard","5":"has-post-thumbnail","7":"category-portugal","8":"tag-andre-ventura","9":"tag-breaking-news","10":"tag-breakingnews","11":"tag-capa","12":"tag-chega","13":"tag-featured-news","14":"tag-featurednews","15":"tag-greve","16":"tag-headlines","17":"tag-latest-news","18":"tag-latestnews","19":"tag-main-news","20":"tag-mainnews","21":"tag-news","22":"tag-noticias","23":"tag-noticias-principais","24":"tag-noticiasprincipais","25":"tag-politica","26":"tag-portugal","27":"tag-principais-noticias","28":"tag-principaisnoticias","29":"tag-pt","30":"tag-top-stories","31":"tag-topstories","32":"tag-ultimas","33":"tag-ultimas-noticias","34":"tag-ultimasnoticias"},"share_on_mastodon":{"url":"https:\/\/pubeurope.com\/@pt\/115731443883622600","error":""},"_links":{"self":[{"href":"https:\/\/www.europesays.com\/pt\/wp-json\/wp\/v2\/posts\/191248","targetHints":{"allow":["GET"]}}],"collection":[{"href":"https:\/\/www.europesays.com\/pt\/wp-json\/wp\/v2\/posts"}],"about":[{"href":"https:\/\/www.europesays.com\/pt\/wp-json\/wp\/v2\/types\/post"}],"author":[{"embeddable":true,"href":"https:\/\/www.europesays.com\/pt\/wp-json\/wp\/v2\/users\/2"}],"replies":[{"embeddable":true,"href":"https:\/\/www.europesays.com\/pt\/wp-json\/wp\/v2\/comments?post=191248"}],"version-history":[{"count":0,"href":"https:\/\/www.europesays.com\/pt\/wp-json\/wp\/v2\/posts\/191248\/revisions"}],"wp:featuredmedia":[{"embeddable":true,"href":"https:\/\/www.europesays.com\/pt\/wp-json\/wp\/v2\/media\/191249"}],"wp:attachment":[{"href":"https:\/\/www.europesays.com\/pt\/wp-json\/wp\/v2\/media?parent=191248"}],"wp:term":[{"taxonomy":"category","embeddable":true,"href":"https:\/\/www.europesays.com\/pt\/wp-json\/wp\/v2\/categories?post=191248"},{"taxonomy":"post_tag","embeddable":true,"href":"https:\/\/www.europesays.com\/pt\/wp-json\/wp\/v2\/tags?post=191248"}],"curies":[{"name":"wp","href":"https:\/\/api.w.org\/{rel}","templated":true}]}}