{"id":191260,"date":"2025-12-16T21:55:13","date_gmt":"2025-12-16T21:55:13","guid":{"rendered":"https:\/\/www.europesays.com\/pt\/191260\/"},"modified":"2025-12-16T21:55:13","modified_gmt":"2025-12-16T21:55:13","slug":"prefeitura-leva-vacinacao-antirrabica-a-protetores-e-abrigos-de-animais","status":"publish","type":"post","link":"https:\/\/www.europesays.com\/pt\/191260\/","title":{"rendered":"Prefeitura leva vacina\u00e7\u00e3o antirr\u00e1bica a protetores e abrigos de animais"},"content":{"rendered":"<p>Nas \u00faltimas semanas da Campanha Municipal de Vacina\u00e7\u00e3o Antirr\u00e1bica Animal deste ano, a Prefeitura de Manaus oferta o servi\u00e7o em domic\u00edlio para protetores e abrigos que contam com grande n\u00famero de c\u00e3es e gatos ainda n\u00e3o imunizados. A etapa urbana da a\u00e7\u00e3o, conduzida pela Secretaria Municipal de Sa\u00fade (Semsa), por meio do Centro de Controle de Zoonoses (CCZ) Dr. Carlos Durand, segue ainda com a oferta da vacina\u00e7\u00e3o nos bairros e em 52 pontos fixos, at\u00e9 o dia 29\/12.<\/p>\n<p>O gerente do CCZ Manaus, m\u00e9dico veterin\u00e1rio Rodrigo Ara\u00fajo, explica que protetores e abrigos com pelo menos cinco animais, c\u00e3es e gatos, podem solicitar o atendimento das equipes de vacinadores do \u00f3rg\u00e3o municipal pelo WhatsApp, no n\u00famero (92) 98842-8359, bastando informar endere\u00e7o e nome completo do respons\u00e1vel na mensagem.<\/p>\n<p>\u201cApesar de estarmos chegando ao final da campanha, estabelecemos uma boa log\u00edstica e esperamos atender as demandas de protetores e abrigos de animais pelo servi\u00e7o de vacina\u00e7\u00e3o em um prazo de at\u00e9 48 horas\u201d, informa o gerente.<\/p>\n<p>Em paralelo ao atendimento sob demanda, as equipes do CCZ Manaus continuam com a vacina\u00e7\u00e3o de casa em casa, em todos os bairros das zonas Norte, Leste, Sul e Oeste. A estrat\u00e9gia iniciou em outubro, com visitas feitas por duplas de vacinadores e registradores, devidamente identificados e uniformizados, de segunda-feira a s\u00e1bado, em dias \u00fateis, sempre no per\u00edodo matutino.<\/p>\n<p>\u201cNeste momento, j\u00e1 passamos pelas ruas de todos os bairros, e agora estamos fazendo uma revis\u00e3o, voltando \u00e0s \u00e1reas com maior popula\u00e7\u00e3o animal para atender os tutores que n\u00e3o tiveram os animais vacinados na primeira passagem\u201d, relata Rodrigo.<\/p>\n<p>Para ampliar o acesso dos tutores, o servi\u00e7o de vacina\u00e7\u00e3o de c\u00e3es e gatos contra a raiva est\u00e1 sendo ofertado tamb\u00e9m em 52 pontos fixos, dentre eles o CCZ Manaus, na zona Oeste, e os centros de conviv\u00eancia Prefeito Jos\u00e9 Fernandes, na zona Leste, e Padre Pedro Vignola, na zona Norte, al\u00e9m de cl\u00ednicas veterin\u00e1rias parceiras da iniciativa, distribu\u00eddas por toda a cidade.<\/p>\n<p>A lista de pontos, com endere\u00e7os, dias e hor\u00e1rios de atendimento, pode ser conferida em <a href=\"http:\/\/www.manaus.am.gov.br\/semsa\/vigilancia\/vigilancia-de-zoonoses\/campanha-de-vacinacao-antirrabica-animal\/\" rel=\"nofollow noopener\" target=\"_blank\">www.manaus.am.gov.br\/semsa\/vigilancia\/vigilancia-de-zoonoses\/campanha-de-vacinacao-antirrabica-animal\/<\/a>.\u00a0<\/p>\n<p><strong>Controle e erradica\u00e7\u00e3o<\/strong><\/p>\n<p>A campanha de vacina\u00e7\u00e3o antirr\u00e1bica animal integra as estrat\u00e9gias da gest\u00e3o municipal para controle e erradica\u00e7\u00e3o da raiva, sendo realizada anualmente para proteger tanto os animais quanto os seres humanos da doen\u00e7a. \u201cA campanha deste ano iniciou no dia 1\u00ba\/10 e est\u00e1 se encerrando, no dia 29, ap\u00f3s tr\u00eas meses de atividades, mais do que os 45 dias de dura\u00e7\u00e3o das edi\u00e7\u00f5es anteriores\u201d, pontua Rodrigo Ara\u00fajo.<\/p>\n<p>O gerente do CCZ Manaus enfatiza a import\u00e2ncia da ades\u00e3o dos tutores de c\u00e3es e gatos \u00e0 vacina\u00e7\u00e3o, salientando os registros cada vez mais frequentes de casos de raiva em localidades por todo o pa\u00eds. \u201cH\u00e1 pouco tempo, foram confirmados casos em bovinos em Presidente Figueiredo. Isso refor\u00e7a a import\u00e2ncia da popula\u00e7\u00e3o vacinar seus animais, e assim prevenir a reintrodu\u00e7\u00e3o e circula\u00e7\u00e3o do v\u00edrus na nossa cidade\u201d.<\/p>\n<p>Rodrigo assinala que a raiva \u00e9 uma doen\u00e7a grave, que afeta o sistema nervoso e pode levar v\u00edtimas n\u00e3o vacinadas \u00e0 morte em praticamente 100% dos casos. O v\u00edrus r\u00e1bico, ele explica, pode ser transmitido para as pessoas por meio do contato com a saliva de animais infectados, principalmente por mordida ou arranhadura. Entre eles se incluem n\u00e3o s\u00f3 caninos, felinos, bovinos e equinos, como ainda animais silvestres, como morcegos e macacos.<\/p>\n<p>\u201cCaso seja atacada por um c\u00e3o, um gato ou um animal silvestre, a pessoa deve primeiramente lavar o ferimento com \u00e1gua e sab\u00e3o. Em seguida, deve buscar uma unidade b\u00e1sica para orienta\u00e7\u00f5es e, caso necess\u00e1rio, encaminhamento para tratamento de profilaxia\u201d, orienta.<\/p>\n<p><strong>Balan\u00e7o<\/strong><\/p>\n<p>Ao todo, 206.489 animais, sendo 134.540 caninos e 71.949 felinos, receberam a vacina contra a raiva na etapa urbana da campanha municipal, at\u00e9 a segunda-feira, 15\/12. A etapa rural da estrat\u00e9gia, realizada de abril a junho deste ano, nas comunidades fluviais e terrestres do munic\u00edpio, alcan\u00e7ou um total de 6.775 animais vacinados, dentre eles 5.225 c\u00e3es e 1.550 gatos.<\/p>\n<p>A meta da campanha neste ano \u00e9 imunizar 282.400 animais, dos quais 202.400 c\u00e3es e 80 mil gatos. Para mais informa\u00e7\u00f5es ou d\u00favidas sobre a a\u00e7\u00e3o, a popula\u00e7\u00e3o pode entrar em contato com o CCZ Manaus, por meio do WhatsApp, nos n\u00fameros (92) 98842-8359 e 98842-8484.<\/p>\n<p><strong>\u2014\u2014 \u2014\u2013 \u2014\u2013\u00a0<\/strong><br \/><strong>Texto \u2013 <\/strong>Jony Clay Borges \/ Semsa<br \/><strong>Fotos \u2013 <\/strong>Divulga\u00e7\u00e3o \/ Semsa<\/p>\n","protected":false},"excerpt":{"rendered":"Nas \u00faltimas semanas da Campanha Municipal de Vacina\u00e7\u00e3o Antirr\u00e1bica Animal deste ano, a Prefeitura de Manaus oferta o&hellip;\n","protected":false},"author":2,"featured_media":191261,"comment_status":"","ping_status":"","sticky":false,"template":"","format":"standard","meta":{"footnotes":""},"categories":[86],"tags":[116,32,3243,33,117,3245,38521,38522,38523],"class_list":{"0":"post-191260","1":"post","2":"type-post","3":"status-publish","4":"format-standard","5":"has-post-thumbnail","7":"category-saude","8":"tag-health","9":"tag-portugal","10":"tag-prefeitura-de-manaus","11":"tag-pt","12":"tag-saude","13":"tag-semsa","14":"tag-servico-em-domicilio-para-protetores-e-abrigos","15":"tag-vacinacao-antirrabica-a-protetores-e-abrigos-de-animais","16":"tag-vacinacao-antirrabica-campanha"},"share_on_mastodon":{"url":"https:\/\/pubeurope.com\/@pt\/115731478965901888","error":""},"_links":{"self":[{"href":"https:\/\/www.europesays.com\/pt\/wp-json\/wp\/v2\/posts\/191260","targetHints":{"allow":["GET"]}}],"collection":[{"href":"https:\/\/www.europesays.com\/pt\/wp-json\/wp\/v2\/posts"}],"about":[{"href":"https:\/\/www.europesays.com\/pt\/wp-json\/wp\/v2\/types\/post"}],"author":[{"embeddable":true,"href":"https:\/\/www.europesays.com\/pt\/wp-json\/wp\/v2\/users\/2"}],"replies":[{"embeddable":true,"href":"https:\/\/www.europesays.com\/pt\/wp-json\/wp\/v2\/comments?post=191260"}],"version-history":[{"count":0,"href":"https:\/\/www.europesays.com\/pt\/wp-json\/wp\/v2\/posts\/191260\/revisions"}],"wp:featuredmedia":[{"embeddable":true,"href":"https:\/\/www.europesays.com\/pt\/wp-json\/wp\/v2\/media\/191261"}],"wp:attachment":[{"href":"https:\/\/www.europesays.com\/pt\/wp-json\/wp\/v2\/media?parent=191260"}],"wp:term":[{"taxonomy":"category","embeddable":true,"href":"https:\/\/www.europesays.com\/pt\/wp-json\/wp\/v2\/categories?post=191260"},{"taxonomy":"post_tag","embeddable":true,"href":"https:\/\/www.europesays.com\/pt\/wp-json\/wp\/v2\/tags?post=191260"}],"curies":[{"name":"wp","href":"https:\/\/api.w.org\/{rel}","templated":true}]}}