{"id":191266,"date":"2025-12-16T21:58:26","date_gmt":"2025-12-16T21:58:26","guid":{"rendered":"https:\/\/www.europesays.com\/pt\/191266\/"},"modified":"2025-12-16T21:58:26","modified_gmt":"2025-12-16T21:58:26","slug":"igcp-preve-emissoes-de-297-mil-milhoes-em-2026-dos-quais-24-mil-milhoes-em-ot","status":"publish","type":"post","link":"https:\/\/www.europesays.com\/pt\/191266\/","title":{"rendered":"IGCP prev\u00ea emiss\u00f5es de 29,7 mil milh\u00f5es em 2026 dos quais 24 mil milh\u00f5es em OT"},"content":{"rendered":"<p>        As necessidades l\u00edquidas de financiamentos em 2026 ascendem a 13 mil milh\u00f5es de euros, revela o IGCP. O IGCP diz ainda que \u201cem 2026 espera-se que o financiamento l\u00edquido resultante da emiss\u00e3o de BT tenha um impacto de 5,1 mil milh\u00f5es de euros\u201d.    <\/p>\n<p>A 15 de dezembro de 2025 foi aprovado o Programa de Financiamento da Rep\u00fablica Portuguesa para 2026 que\u00a0contempla as principais linhas de atua\u00e7\u00e3o em termos da gest\u00e3o da d\u00edvida direta e das disponibilidades de tesouraria do Estado que ser\u00e1 executada pela Ag\u00eancia de Gest\u00e3o da Tesouraria e da D\u00edvida P\u00fablica \u2013 IGCP.<\/p>\n<p>As necessidades l\u00edquidas de financiamentos em 2026 ascendem a 13 mil milh\u00f5es de euros, revela o IGCP.<\/p>\n<p>Tendo em considera\u00e7\u00e3o a proposta de Or\u00e7amento do Estado para 2026, as necessidades brutas de financiamento para 2026 s\u00e3o de 29,4 mil milh\u00f5es de euros, tendo em conta que a gest\u00e3o da tesouraria que reporta uma diminui\u00e7\u00e3o do saldo global dos dep\u00f3sitos, de 300 milh\u00f5es, para fazer face a compromissos de pagamento.<\/p>\n<p>Para satisfazer essas necessidades de financiamento o IGCP conta assim emitir 29,7 mil milh\u00f5es em t\u00edtulos de d\u00edvida das v\u00e1rias tipologias. Sendo que a maior componente \u00e9 d\u00edvida de longo prazo, ou Obriga\u00e7\u00f5es do Tesouro, que na previs\u00e3o da ag\u00eancia liderada por Pedro Cabe\u00e7os ascende a 24 mil milh\u00f5es.<\/p>\n<p>Um montante de 24,0 mil milh\u00f5es ser\u00e1 obtido via emiss\u00e3o bruta de OT, combinando sindicatos e leil\u00f5es, prevendo-se a realiza\u00e7\u00e3o de 3 emiss\u00f5es sindicadas e 9 leil\u00f5es, revela o IGCP.<\/p>\n<p>Os leil\u00f5es de OT ter\u00e3o a participa\u00e7\u00e3o dos Operadores Especializados de Valores do Tesouro (OEVT) e Operadores de Mercado Prim\u00e1rio (OMP) e ser\u00e3o realizados \u00e0 segunda ou quarta quartas-feiras de cada m\u00eas. O montante indicativo e as linhas de OT a reabrir ser\u00e3o anunciados ao mercado at\u00e9 3 dias \u00fateis antes do leil\u00e3o.<\/p>\n<p>\u201cA estrat\u00e9gia de financiamento para 2026 centrar-se-\u00e1 na emiss\u00e3o de t\u00edtulos de d\u00edvida p\u00fablica em euros nos mercados financeiros, com a realiza\u00e7\u00e3o regular de emiss\u00f5es de Obriga\u00e7\u00f5es do Tesouro (OT) para promover a liquidez e o eficiente funcionamento dos mercados prim\u00e1rio e secund\u00e1rio. Em 2026, pretende-se dinamizar o programa de papel comercial (Euro Commercial Paper), bem como o programa Euro Medium Term Notes (EMTN), que permitir\u00e1 explorar a emiss\u00e3o de t\u00edtulos de curto e m\u00e9dio-longo prazo em diferentes moedas. Adicionalmente, o IGCP avaliar\u00e1 ao longo do ano a possibilidade de realizar opera\u00e7\u00f5es de troca e recompras de t\u00edtulos\u201d, explica na nota a ag\u00eancia que gere a d\u00edvida do Estado.<\/p>\n<p>O IGCP diz ainda que \u201cem 2026 espera-se que o financiamento l\u00edquido resultante da emiss\u00e3o de BT tenha um impacto de 5,1 mil milh\u00f5es de euros. Ser\u00e1 mantida a estrat\u00e9gia de emiss\u00e3o ao longo de toda a curva de curto prazo\u201d. O IGCP anuncia que manter\u00e1 a realiza\u00e7\u00e3o de leil\u00f5es mensais de BT na terceira quarta-feira de cada m\u00eas e, se se justificar, poder\u00e1 tamb\u00e9m usar a primeira quarta-feira do m\u00eas.<\/p>\n<p>\u201cO montante indicativo dos leil\u00f5es continuar\u00e1 a ser anunciado ao mercado at\u00e9 3 dias \u00fateis antes do leil\u00e3o. A decis\u00e3o de aloca\u00e7\u00e3o a cada s\u00e9rie caber\u00e1 ao IGCP em fun\u00e7\u00e3o da procura verificada e do respetivo pre\u00e7o\u201d, refere a ag\u00eancia.<\/p>\n<p>No calend\u00e1rio de BT est\u00e3o previstas tr\u00eas emiss\u00f5es em janeiro e mar\u00e7o e tr\u00eas reaberturas em fevereiro e mar\u00e7o. Isto \u00e9, a Ag\u00eancia de Gest\u00e3o da Tesouraria e da D\u00edvida P\u00fablica emitir\u00e1, num novo leil\u00e3o, t\u00edtulos de d\u00edvida p\u00fablica que j\u00e1 tinham sido originalmente lan\u00e7ados para o mercado numa data anterior, mas com a mesma data de vencimento (maturidade) e as mesmas carater\u00edsticas.<\/p>\n<p>H\u00e1 uma emiss\u00e3o a 10 meses de BT no dia 7 de janeiro no valor entre 1.000 milh\u00f5es a 1.250 milh\u00f5es de euros; uma emiss\u00e3o no mesmo montante mas de BT a 12 meses no dia 21 de janeiro; e depois h\u00e1 uma emiss\u00e3o a 12 meses, no dia 18 de mar\u00e7o, no valor de 1.750 milh\u00f5es\u00a0 a 2.000 milh\u00f5es.<\/p>\n<p>Nas reaberturas h\u00e1 dois leil\u00f5es a 18 de fevereiro, no montante indicativo de 1.500 milh\u00f5es a 1.750 milh\u00f5es, de prazos 9 e 11 meses.<\/p>\n<p>Depois h\u00e1 outro leil\u00e3o de BT a 6 meses no valor de 1.750 milh\u00f5es\u00a0 a 2.000 milh\u00f5es de euros, a 18 de mar\u00e7o.<\/p>\n","protected":false},"excerpt":{"rendered":"As necessidades l\u00edquidas de financiamentos em 2026 ascendem a 13 mil milh\u00f5es de euros, revela o IGCP. O&hellip;\n","protected":false},"author":2,"featured_media":191267,"comment_status":"","ping_status":"","sticky":false,"template":"","format":"standard","meta":{"footnotes":""},"categories":[83],"tags":[38524,88,89,90,5014,32,33],"class_list":{"0":"post-191266","1":"post","2":"type-post","3":"status-publish","4":"format-standard","5":"has-post-thumbnail","7":"category-empresas","8":"tag-agencia-de-gestao-da-tesouraria-e-da-divida-publica-igcp","9":"tag-business","10":"tag-economy","11":"tag-empresas","12":"tag-igcp","13":"tag-portugal","14":"tag-pt"},"share_on_mastodon":{"url":"https:\/\/pubeurope.com\/@pt\/115731490794998104","error":""},"_links":{"self":[{"href":"https:\/\/www.europesays.com\/pt\/wp-json\/wp\/v2\/posts\/191266","targetHints":{"allow":["GET"]}}],"collection":[{"href":"https:\/\/www.europesays.com\/pt\/wp-json\/wp\/v2\/posts"}],"about":[{"href":"https:\/\/www.europesays.com\/pt\/wp-json\/wp\/v2\/types\/post"}],"author":[{"embeddable":true,"href":"https:\/\/www.europesays.com\/pt\/wp-json\/wp\/v2\/users\/2"}],"replies":[{"embeddable":true,"href":"https:\/\/www.europesays.com\/pt\/wp-json\/wp\/v2\/comments?post=191266"}],"version-history":[{"count":0,"href":"https:\/\/www.europesays.com\/pt\/wp-json\/wp\/v2\/posts\/191266\/revisions"}],"wp:featuredmedia":[{"embeddable":true,"href":"https:\/\/www.europesays.com\/pt\/wp-json\/wp\/v2\/media\/191267"}],"wp:attachment":[{"href":"https:\/\/www.europesays.com\/pt\/wp-json\/wp\/v2\/media?parent=191266"}],"wp:term":[{"taxonomy":"category","embeddable":true,"href":"https:\/\/www.europesays.com\/pt\/wp-json\/wp\/v2\/categories?post=191266"},{"taxonomy":"post_tag","embeddable":true,"href":"https:\/\/www.europesays.com\/pt\/wp-json\/wp\/v2\/tags?post=191266"}],"curies":[{"name":"wp","href":"https:\/\/api.w.org\/{rel}","templated":true}]}}