{"id":191268,"date":"2025-12-16T21:59:09","date_gmt":"2025-12-16T21:59:09","guid":{"rendered":"https:\/\/www.europesays.com\/pt\/191268\/"},"modified":"2025-12-16T21:59:09","modified_gmt":"2025-12-16T21:59:09","slug":"metsola-avisa-que-democracia-nao-e-dado-adquirido-premio-sakharov","status":"publish","type":"post","link":"https:\/\/www.europesays.com\/pt\/191268\/","title":{"rendered":"Metsola avisa que democracia n\u00e3o \u00e9 \u201cdado adquirido\u201d | Pr\u00e9mio Sakharov"},"content":{"rendered":"<p>Um pa\u00eds est\u00e1 na lista para entrar na Uni\u00e3o Europeia, outro partilha fronteira com tr\u00eas Estados-membros, por\u00e9m, tanto na Ge\u00f3rgia como na Bielorr\u00fassia a liberdade de imprensa continua sob amea\u00e7a e as restri\u00e7\u00f5es que ali se vivem, com centenas de presos pol\u00edticos, devem ser o aviso para o resto da Europa n\u00e3o tomar como \u201cdado adquirido\u201d que a democracia \u00e9 uma realidade inabal\u00e1vel.<\/p>\n<p>A atribui\u00e7\u00e3o do <a href=\"https:\/\/www.publico.pt\/premio-sakharov\" rel=\"nofollow noopener\" target=\"_blank\">Pr\u00e9mio Sakharov para a Liberdade de Pensamento<\/a> de 2025 aos jornalistas bielorrusso Andrzej Poczobut\u200b e georgiana Mzia Amaglobeli \u2013 ambos detidos nos seus pa\u00edses \u2013, nesta ter\u00e7a-feira, no Parlamento Europeu, \u00e9 uma forma de reconhecer a sua luta pela democracia mas tamb\u00e9m uma garantia de que o Parlamento Europeu \u201cn\u00e3o vai esquecer nem vai abandonar [os presos pol\u00edticos] at\u00e9 o tempo dos ditadores acabar\u201d. A garantia foi deixada por Roberta Metsola, presidente do Parlamento Europeu na entrega do pr\u00e9mio \u00e0s representantes dos dois jornalistas, que deixaram aos eurodeputados o desafio de continuarem a defender os direitos humanos e a liberdade de imprensa mas tamb\u00e9m o aviso sobre os ataques que se vivem nos dois pa\u00edses e na Ucr\u00e2nia.<\/p>\n<p>\u201cA nossa democracia europeia baseia-se na liberdade de pensamento e de express\u00e3o, que jamais abandonaremos. Nestes tempos incertos, devemos orgulhar-nos deste facto e n\u00e3o pedir desculpa por isso. Derram\u00e1mos sangue por estes valores europeus, sabemos o quanto valem e nunca os abandonaremos\u201d, vincou Metsola. Que garantiu que o Parlamento se \u201c<a href=\"https:\/\/www.publico.pt\/2025\/11\/18\/mundo\/noticia\/tribunal-georgia-confirma-prisao-jornalista-premio-sakharov-2155133\" rel=\"nofollow noopener\" target=\"_blank\">solidariza com Andrzej<\/a> e Mzia na sua luta\u201d, frisando o facto de serem \u201cjornalistas que s\u00e3o presos apenas por fazerem o seu trabalho\u201d. \u201cExigimos a sua liberta\u00e7\u00e3o imediata, bem como a de todas as pessoas injustamente presas.\u201d Congratulou-se com a liberta\u00e7\u00e3o recente de 123 presos pol\u00edticos na Bielorr\u00fassia, mas, num comprometimento colectivo, prometeu que o Parlamento \u201cn\u00e3o descansar\u00e1 at\u00e9 que todos os outros injustamente presos sejam libertados\u201d e \u201cat\u00e9 que a era dos ditadores termine de vez\u201d.<\/p>\n<p>        &#13;<\/p>\n<p>&#13;<br \/>\n                &#13;\n            <\/p>\n<p>&#13;<\/p>\n<p>A jornalista georgiana directora de v\u00e1rios meios de comunica\u00e7\u00e3o independentes e defensora da minoria polaca Mzia Amaglobeli foi presa no in\u00edcio do ano na sequ\u00eancia de manifesta\u00e7\u00f5es contra o Governo e cumpre uma pena de dois anos. Usando uma t-shirt onde se lia \u201cLutem antes que seja tarde de mais\u201d sobre a foto de Mzia, a tamb\u00e9m jornalista Irma Dimitradze leu uma carta da laureada em que esta apela aos l\u00edderes europeus para que \u201cusem todos os mecanismos dispon\u00edveis para pressionar os governantes autocr\u00e1ticos\u201d e para que defendam a sociedade georgiana \u2014 a sua democracia e as suas aspira\u00e7\u00f5es europeias \u2014 \u201cda mesma forma que defendem a liberdade dos seus pr\u00f3prios pa\u00edses\u201d. Porque, avisa, \u00e9 bom que todos tenham consci\u00eancia de que \u201ca for\u00e7a por tr\u00e1s dos horrores na Bielorr\u00fassia, na Ucr\u00e2nia e na Ge\u00f3rgia est\u00e1 a aproximar-se do cora\u00e7\u00e3o da Europa, e a dirigir-se para as suas casas. E n\u00f3s somos apenas um obst\u00e1culo no seu caminho\u201d.<\/p>\n<p>Irma Dimitradze haveria de lembrar a travagem da Ge\u00f3rgia no processo de ades\u00e3o, referindo lamentar que falte uma bandeira entre as dos 27 Estados-membros que se encontram no corredor principal do Parlamento.<\/p>\n<p>Por seu turno, Jana Poczobu, filha do jornalista bielorrusso Andrzej Poczobut, preso em Mar\u00e7o de 2021 e condenado a uma pena de oito anos devido a trabalhos de investiga\u00e7\u00e3o na Gazeta Wyborcza sobre o regime de Aleksandr Lukashenko, contou que a fam\u00edlia nem sabe sequer como ele est\u00e1 \u2013 \u201ca minha fam\u00edlia mudou para sempre\u201d \u2013, e fez quest\u00e3o de nomear outro preso pol\u00edtico, Mikalai Statkevich, para lembrar que \u201cquando pronunciamos estes nomes em voz alta, deixam de ser estat\u00edsticas.\u201d<\/p>\n<p>O pr\u00e9mio, vincou, \u00e9 a prova de que, mesmo quando se prende e silencia algu\u00e9m, \u201cos seus princ\u00edpios n\u00e3o podem ser apagados e a sua voz continua a falar atrav\u00e9s dos outros\u201d. E a aten\u00e7\u00e3o que estes presos, na pessoa do pai, recebem \u201cpreserva a dignidade humana onde tudo o resto tenta apag\u00e1-la\u201d.<\/p>\n<p>Os nomeados para o pr\u00e9mio s\u00e3o escolhidos pelos diversos grupos pol\u00edticos do Parlamento \u2013 os dois jornalistas, que receber\u00e3o 50 mil euros, foram propostos pelo PPE. Os outros finalistas foram os estudantes s\u00e9rvios, o Crescente Vermelho, a Ag\u00eancia das Na\u00e7\u00f5es Unidas de Assist\u00eancia aos Refugiados da Palestina (UNRWA) e o Sindicato dos Jornalistas Palestinianos, representando jornalistas e trabalhadores humanit\u00e1rios.<\/p>\n","protected":false},"excerpt":{"rendered":"Um pa\u00eds est\u00e1 na lista para entrar na Uni\u00e3o Europeia, outro partilha fronteira com tr\u00eas Estados-membros, por\u00e9m, tanto&hellip;\n","protected":false},"author":2,"featured_media":191269,"comment_status":"","ping_status":"","sticky":false,"template":"","format":"standard","meta":{"footnotes":""},"categories":[50],"tags":[2870,27,28,38525,15,16,16960,14,25,26,3806,21,22,62,12,13,19,20,8118,25362,23,24,38526,17,18,29,30,31,63,64,65],"class_list":{"0":"post-191268","1":"post","2":"type-post","3":"status-publish","4":"format-standard","5":"has-post-thumbnail","7":"category-mundo","8":"tag-bielorrussia","9":"tag-breaking-news","10":"tag-breakingnews","11":"tag-europa-que-conta-direitos-humanos-e-o-premio-sakharov","12":"tag-featured-news","13":"tag-featurednews","14":"tag-georgia","15":"tag-headlines","16":"tag-latest-news","17":"tag-latestnews","18":"tag-liberdade-de-imprensa","19":"tag-main-news","20":"tag-mainnews","21":"tag-mundo","22":"tag-news","23":"tag-noticias","24":"tag-noticias-principais","25":"tag-noticiasprincipais","26":"tag-parlamento-europeu","27":"tag-premio-sakharov","28":"tag-principais-noticias","29":"tag-principaisnoticias","30":"tag-roberta-metsola","31":"tag-top-stories","32":"tag-topstories","33":"tag-ultimas","34":"tag-ultimas-noticias","35":"tag-ultimasnoticias","36":"tag-world","37":"tag-world-news","38":"tag-worldnews"},"share_on_mastodon":{"url":"","error":"Validation failed: Text character limit of 500 exceeded"},"_links":{"self":[{"href":"https:\/\/www.europesays.com\/pt\/wp-json\/wp\/v2\/posts\/191268","targetHints":{"allow":["GET"]}}],"collection":[{"href":"https:\/\/www.europesays.com\/pt\/wp-json\/wp\/v2\/posts"}],"about":[{"href":"https:\/\/www.europesays.com\/pt\/wp-json\/wp\/v2\/types\/post"}],"author":[{"embeddable":true,"href":"https:\/\/www.europesays.com\/pt\/wp-json\/wp\/v2\/users\/2"}],"replies":[{"embeddable":true,"href":"https:\/\/www.europesays.com\/pt\/wp-json\/wp\/v2\/comments?post=191268"}],"version-history":[{"count":0,"href":"https:\/\/www.europesays.com\/pt\/wp-json\/wp\/v2\/posts\/191268\/revisions"}],"wp:featuredmedia":[{"embeddable":true,"href":"https:\/\/www.europesays.com\/pt\/wp-json\/wp\/v2\/media\/191269"}],"wp:attachment":[{"href":"https:\/\/www.europesays.com\/pt\/wp-json\/wp\/v2\/media?parent=191268"}],"wp:term":[{"taxonomy":"category","embeddable":true,"href":"https:\/\/www.europesays.com\/pt\/wp-json\/wp\/v2\/categories?post=191268"},{"taxonomy":"post_tag","embeddable":true,"href":"https:\/\/www.europesays.com\/pt\/wp-json\/wp\/v2\/tags?post=191268"}],"curies":[{"name":"wp","href":"https:\/\/api.w.org\/{rel}","templated":true}]}}