{"id":191270,"date":"2025-12-16T22:00:37","date_gmt":"2025-12-16T22:00:37","guid":{"rendered":"https:\/\/www.europesays.com\/pt\/191270\/"},"modified":"2025-12-16T22:00:37","modified_gmt":"2025-12-16T22:00:37","slug":"mau-tempo-dificulta-buscas-em-caminha-meios-bateram-toda-a-insua-mas-so-encontraram-destrocos","status":"publish","type":"post","link":"https:\/\/www.europesays.com\/pt\/191270\/","title":{"rendered":"Mau tempo dificulta buscas em Caminha: Meios bateram toda a \u00cdnsua mas s\u00f3 encontraram destro\u00e7os"},"content":{"rendered":"<p data-remotead-prev-elm=\"true\" data-remotead-elm-id=\"inread\">Alguns meios acederam e bateram toda a ilha da \u00cdnsua, onde foi encalhar o barco acidentado e dois sobreviventes conseguiram chegar, agarrados a uma b\u00f3ia e arrastados pelas correntes, ap\u00f3s mais de meia hora na \u00e1gua.<\/p>\n<p>Segundo o capit\u00e3o do Porto de Caminha e comandante da Pol\u00edcia Mar\u00edtima local, Vieira Pereira, que coordena as opera\u00e7\u00f5es de busca e salvamento, apenas foram encontrados destro\u00e7os e objetos provenientes da embarca\u00e7\u00e3o &#8220;Vila de Caminha&#8221;.<\/p>\n<p>&#8220;Infelizmente, com as buscas que decorreram durante o dia, n\u00e3o foi poss\u00edvel localizar nenhum dos desaparecidos. Conseguimos fazer o desembarque de mergulhadores na ilha da \u00cdnsua para poderem bater a linha de \u00e1gua. Com a \u00e1gua at\u00e9 \u00e0 cintura, percorreram toda aquela zona com a mar\u00e9 em baixo&#8221;, informou o capit\u00e3o de Porto, referindo: &#8220;Foi a \u00fanica coisa que conseguimos fazer hoje. As condi\u00e7\u00f5es de mar n\u00e3o permitiram mais. Continuam a ser localizados em toda a ilha vest\u00edgios do naufr\u00e1gio. Estruturas que se soltaram da embarca\u00e7\u00e3o, equipamentos e material de aprestos&#8221;.<\/p>\n<p data-remotead-prev-elm=\"true\" data-remotead-elm-id=\"centro1\">As opera\u00e7\u00f5es de busca foram interrompidas esta segunda-feira ao final da tarde e ser\u00e3o retomadas ter\u00e7a-feira de manh\u00e3.<\/p>\n<p>Recorde-se que a embarca\u00e7\u00e3o de pesca costeira, com 11,5 metros de comprimento, naufragou domingo ao final da manh\u00e3 quando regressava a terra, ap\u00f3s uma noite de faina, com cinco tripulantes a bordo.<\/p>\n<p>Ter\u00e1 sofrido uma avaria mec\u00e2nica quando se preparava para entrar na barra de Caminha e virou ao ser atingida por um golpe de mar. Esta \u00e9 a vers\u00e3o contada aos mais pr\u00f3ximos pelo mestre da embarca\u00e7\u00e3o, Nuno Castro, de 41 anos, que sobreviveu e j\u00e1 teve alta hospitalar. Um segundo pescador sobrevivente, de nacionalidade indon\u00e9sia, continua internado nos Cuidados Intensivos do hospital de Viana do Castelo, com progn\u00f3stico reservado.<\/p>\n","protected":false},"excerpt":{"rendered":"Alguns meios acederam e bateram toda a ilha da \u00cdnsua, onde foi encalhar o barco acidentado e dois&hellip;\n","protected":false},"author":2,"featured_media":191271,"comment_status":"","ping_status":"","sticky":false,"template":"","format":"standard","meta":{"footnotes":""},"categories":[10],"tags":[27,28,20661,15,16,14,25,26,21,22,2758,12,13,19,20,21461,32,23,24,33,17,18,29,30,31],"class_list":{"0":"post-191270","1":"post","2":"type-post","3":"status-publish","4":"format-standard","5":"has-post-thumbnail","7":"category-portugal","8":"tag-breaking-news","9":"tag-breakingnews","10":"tag-concelho-caminha","11":"tag-featured-news","12":"tag-featurednews","13":"tag-headlines","14":"tag-latest-news","15":"tag-latestnews","16":"tag-main-news","17":"tag-mainnews","18":"tag-naufragio","19":"tag-news","20":"tag-noticias","21":"tag-noticias-principais","22":"tag-noticiasprincipais","23":"tag-pescadores","24":"tag-portugal","25":"tag-principais-noticias","26":"tag-principaisnoticias","27":"tag-pt","28":"tag-top-stories","29":"tag-topstories","30":"tag-ultimas","31":"tag-ultimas-noticias","32":"tag-ultimasnoticias"},"share_on_mastodon":{"url":"https:\/\/pubeurope.com\/@pt\/115731498471035835","error":""},"_links":{"self":[{"href":"https:\/\/www.europesays.com\/pt\/wp-json\/wp\/v2\/posts\/191270","targetHints":{"allow":["GET"]}}],"collection":[{"href":"https:\/\/www.europesays.com\/pt\/wp-json\/wp\/v2\/posts"}],"about":[{"href":"https:\/\/www.europesays.com\/pt\/wp-json\/wp\/v2\/types\/post"}],"author":[{"embeddable":true,"href":"https:\/\/www.europesays.com\/pt\/wp-json\/wp\/v2\/users\/2"}],"replies":[{"embeddable":true,"href":"https:\/\/www.europesays.com\/pt\/wp-json\/wp\/v2\/comments?post=191270"}],"version-history":[{"count":0,"href":"https:\/\/www.europesays.com\/pt\/wp-json\/wp\/v2\/posts\/191270\/revisions"}],"wp:featuredmedia":[{"embeddable":true,"href":"https:\/\/www.europesays.com\/pt\/wp-json\/wp\/v2\/media\/191271"}],"wp:attachment":[{"href":"https:\/\/www.europesays.com\/pt\/wp-json\/wp\/v2\/media?parent=191270"}],"wp:term":[{"taxonomy":"category","embeddable":true,"href":"https:\/\/www.europesays.com\/pt\/wp-json\/wp\/v2\/categories?post=191270"},{"taxonomy":"post_tag","embeddable":true,"href":"https:\/\/www.europesays.com\/pt\/wp-json\/wp\/v2\/tags?post=191270"}],"curies":[{"name":"wp","href":"https:\/\/api.w.org\/{rel}","templated":true}]}}