{"id":191274,"date":"2025-12-16T22:03:13","date_gmt":"2025-12-16T22:03:13","guid":{"rendered":"https:\/\/www.europesays.com\/pt\/191274\/"},"modified":"2025-12-16T22:03:13","modified_gmt":"2025-12-16T22:03:13","slug":"globo-itau-fazem-especial-com-fernanda-montenegro-e-torres-16-12-2025-outro-canal","status":"publish","type":"post","link":"https:\/\/www.europesays.com\/pt\/191274\/","title":{"rendered":"Globo-Ita\u00fa fazem especial com Fernanda Montenegro e Torres &#8211; 16\/12\/2025 &#8211; Outro Canal"},"content":{"rendered":"<p>\n<strong class=\"c-signature__location\">Aracaju <\/strong>\n<\/p>\n<p>A <a href=\"https:\/\/www1.folha.uol.com.br\/folha-topicos\/globo\/\" rel=\"nofollow noopener\" target=\"_blank\">Globo<\/a> e o <a href=\"https:\/\/www1.folha.uol.com.br\/folha-topicos\/itau\/\" rel=\"nofollow noopener\" target=\"_blank\">Ita\u00fa<\/a> fecharam um contrato para a exibi\u00e7\u00e3o de um especial protagonizado por <a href=\"https:\/\/www1.folha.uol.com.br\/folha-topicos\/fernanda-montenegro\/\" rel=\"nofollow noopener\" target=\"_blank\">Fernanda Montenegro<\/a> e <a href=\"https:\/\/www1.folha.uol.com.br\/folha-topicos\/fernanda-torres\/\" rel=\"nofollow noopener\" target=\"_blank\">Fernanda Torres<\/a>. M\u00e3e e filha, que s\u00e3o garotas-propagandas do banco, protagonizar\u00e3o o especial &#8220;Feito de Fernandas&#8221;. A atra\u00e7\u00e3o vai ao ar na sexta (19), \u00e0s 23h, ap\u00f3s o Globo Rep\u00f3rter.<\/p>\n<p>  <a href=\"https:\/\/f5.folha.uol.com.br\/colunistas\/outro-canal\/\" rel=\"nofollow noopener\" target=\"_blank\"><br \/>\n    <img decoding=\"async\" src=\"https:\/\/www.europesays.com\/pt\/wp-content\/uploads\/2025\/10\/172599691166e09f6f54fe2_1725996911_1x1_xs.jpg\" alt=\"Foto de Outro Canal\" class=\"img-responsive c-lazyload\"\/><\/p>\n<p>  <\/a><\/p>\n<p class=\"author__description\">\n    Cobre diariamente os bastidores das novelas, do telejornalismo e da m\u00eddia esportiva. Tem como titular o jornalista Gabriel Vaquer\n  <\/p>\n","protected":false},"excerpt":{"rendered":"Aracaju A Globo e o Ita\u00fa fecharam um contrato para a exibi\u00e7\u00e3o de um especial protagonizado por Fernanda&hellip;\n","protected":false},"author":2,"featured_media":191275,"comment_status":"","ping_status":"","sticky":false,"template":"","format":"standard","meta":{"footnotes":""},"categories":[145],"tags":[219,28296,211,210,13515,470,28084,223,114,115,224,225,1747,1746,226,753,221,220,222,38527,32,33,2566,218,228,227],"class_list":{"0":"post-191274","1":"post","2":"type-post","3":"status-publish","4":"format-standard","5":"has-post-thumbnail","7":"category-celebridades","8":"tag-bichos","9":"tag-bike-sampa","10":"tag-celebridades","11":"tag-celebrities","12":"tag-central-do-brasil","13":"tag-cinema","14":"tag-coca-cola","15":"tag-colunistas","16":"tag-entertainment","17":"tag-entretenimento","18":"tag-estranho","19":"tag-eu-amo","20":"tag-fernanda-montenegro","21":"tag-fernanda-torres","22":"tag-fofices","23":"tag-globo","24":"tag-horoscopo","25":"tag-humanos","26":"tag-humor","27":"tag-ita","28":"tag-portugal","29":"tag-pt","30":"tag-televiso","31":"tag-televisao","32":"tag-tudo","33":"tag-videos"},"share_on_mastodon":{"url":"https:\/\/pubeurope.com\/@pt\/115731510309644543","error":""},"_links":{"self":[{"href":"https:\/\/www.europesays.com\/pt\/wp-json\/wp\/v2\/posts\/191274","targetHints":{"allow":["GET"]}}],"collection":[{"href":"https:\/\/www.europesays.com\/pt\/wp-json\/wp\/v2\/posts"}],"about":[{"href":"https:\/\/www.europesays.com\/pt\/wp-json\/wp\/v2\/types\/post"}],"author":[{"embeddable":true,"href":"https:\/\/www.europesays.com\/pt\/wp-json\/wp\/v2\/users\/2"}],"replies":[{"embeddable":true,"href":"https:\/\/www.europesays.com\/pt\/wp-json\/wp\/v2\/comments?post=191274"}],"version-history":[{"count":0,"href":"https:\/\/www.europesays.com\/pt\/wp-json\/wp\/v2\/posts\/191274\/revisions"}],"wp:featuredmedia":[{"embeddable":true,"href":"https:\/\/www.europesays.com\/pt\/wp-json\/wp\/v2\/media\/191275"}],"wp:attachment":[{"href":"https:\/\/www.europesays.com\/pt\/wp-json\/wp\/v2\/media?parent=191274"}],"wp:term":[{"taxonomy":"category","embeddable":true,"href":"https:\/\/www.europesays.com\/pt\/wp-json\/wp\/v2\/categories?post=191274"},{"taxonomy":"post_tag","embeddable":true,"href":"https:\/\/www.europesays.com\/pt\/wp-json\/wp\/v2\/tags?post=191274"}],"curies":[{"name":"wp","href":"https:\/\/api.w.org\/{rel}","templated":true}]}}