{"id":191278,"date":"2025-12-16T22:08:19","date_gmt":"2025-12-16T22:08:19","guid":{"rendered":"https:\/\/www.europesays.com\/pt\/191278\/"},"modified":"2025-12-16T22:08:19","modified_gmt":"2025-12-16T22:08:19","slug":"valor-sentimental-com-stellan-skarsgard-e-elle-fanning-ganha-data-para-chegar-ao-streaming","status":"publish","type":"post","link":"https:\/\/www.europesays.com\/pt\/191278\/","title":{"rendered":"Valor Sentimental, com Stellan Skarsg\u00e5rd e Elle Fanning, ganha data para chegar ao streaming"},"content":{"rendered":"<p class=\"wp-block-yoast-seo-estimated-reading-time yoast-reading-time__wrapper\">Estimated reading time: 2 minutos<\/p>\n<p>Vencedor do\u00a0Grand Prix\u00a0(segundo pr\u00eamio mais importante) no Festival de Cannes,\u00a0<a href=\"https:\/\/ovicio.com.br\/tag\/Valor-Sentimental\/\" target=\"_blank\" rel=\"noreferrer noopener nofollow\">Valor Sentimental (2025)<\/a>\u00a0j\u00e1 tem data para chegar ao streaming on demand nos Estados Unidos.<\/p>\n<p>Os norte-americanos v\u00e3o poder alugar ou comprar uma c\u00f3pia digital do novo filme de <strong>Joachim Trier<\/strong> a partir de<strong> 23 de dezembro<\/strong>.<\/p>\n<p>No Brasil, o lan\u00e7amento em streaming on demand deve demorar mais um pouco, pois a estreia nos cinemas est\u00e1 marcada para <strong>25 de dezembro<\/strong>.<\/p>\n<p><strong>Valor Sentimental (2025)<\/strong>, vale ressaltar, \u00e9 um dos grandes concorrentes de\u00a0<strong>O Agente Secreto (2025)<\/strong>\u00a0no Globo de Ouro de Melhor Filme Internacional.<\/p>\n<p>Na trama, um diretor de cinema decide fazer um filme sobre a sua fam\u00edlia, oferecendo o papel principal \u00e0 sua filha. Quando\u00a0ela recusa, o papel vai para uma jovem estrela de Hollywood, que entra na hist\u00f3ria como um elemento externo que for\u00e7ar\u00e1 a fam\u00edlia a confrontar o complicado relacionamento com o pai.<\/p>\n<p>O elenco \u00e9 composto principalmente por <strong>Renate Reinsve<\/strong>,<strong> Stellan Skarsg\u00e5rd<\/strong> e <strong>Elle Fanning<\/strong>.<\/p>\n<p>Leia tamb\u00e9m sobre Valor Sentimental e Globo de Ouro<\/p>\n<p><strong>Fonte: <\/strong><a href=\"https:\/\/whentostream.com\/sentimental-value-digital-streaming-release-date-revealed\/\" target=\"_blank\" rel=\"noreferrer noopener nofollow\">WhenToStream<\/a><\/p>\n","protected":false},"excerpt":{"rendered":"Estimated reading time: 2 minutos Vencedor do\u00a0Grand Prix\u00a0(segundo pr\u00eamio mais importante) no Festival de Cannes,\u00a0Valor Sentimental (2025)\u00a0j\u00e1 tem&hellip;\n","protected":false},"author":2,"featured_media":191279,"comment_status":"","ping_status":"","sticky":false,"template":"","format":"standard","meta":{"footnotes":""},"categories":[140],"tags":[114,115,147,148,36481,146,2158,32,33,28441,28481],"class_list":{"0":"post-191278","1":"post","2":"type-post","3":"status-publish","4":"format-standard","5":"has-post-thumbnail","7":"category-filmes","8":"tag-entertainment","9":"tag-entretenimento","10":"tag-film","11":"tag-filmes","12":"tag-joachim-trier","13":"tag-movies","14":"tag-o-agente-secreto","15":"tag-portugal","16":"tag-pt","17":"tag-stellan-skarsgard","18":"tag-valor-sentimental"},"share_on_mastodon":{"url":"https:\/\/pubeurope.com\/@pt\/115731530212179225","error":""},"_links":{"self":[{"href":"https:\/\/www.europesays.com\/pt\/wp-json\/wp\/v2\/posts\/191278","targetHints":{"allow":["GET"]}}],"collection":[{"href":"https:\/\/www.europesays.com\/pt\/wp-json\/wp\/v2\/posts"}],"about":[{"href":"https:\/\/www.europesays.com\/pt\/wp-json\/wp\/v2\/types\/post"}],"author":[{"embeddable":true,"href":"https:\/\/www.europesays.com\/pt\/wp-json\/wp\/v2\/users\/2"}],"replies":[{"embeddable":true,"href":"https:\/\/www.europesays.com\/pt\/wp-json\/wp\/v2\/comments?post=191278"}],"version-history":[{"count":0,"href":"https:\/\/www.europesays.com\/pt\/wp-json\/wp\/v2\/posts\/191278\/revisions"}],"wp:featuredmedia":[{"embeddable":true,"href":"https:\/\/www.europesays.com\/pt\/wp-json\/wp\/v2\/media\/191279"}],"wp:attachment":[{"href":"https:\/\/www.europesays.com\/pt\/wp-json\/wp\/v2\/media?parent=191278"}],"wp:term":[{"taxonomy":"category","embeddable":true,"href":"https:\/\/www.europesays.com\/pt\/wp-json\/wp\/v2\/categories?post=191278"},{"taxonomy":"post_tag","embeddable":true,"href":"https:\/\/www.europesays.com\/pt\/wp-json\/wp\/v2\/tags?post=191278"}],"curies":[{"name":"wp","href":"https:\/\/api.w.org\/{rel}","templated":true}]}}