{"id":191286,"date":"2025-12-16T22:12:23","date_gmt":"2025-12-16T22:12:23","guid":{"rendered":"https:\/\/www.europesays.com\/pt\/191286\/"},"modified":"2025-12-16T22:12:23","modified_gmt":"2025-12-16T22:12:23","slug":"ubisoft-adquire-moba-que-estava-na-amazon","status":"publish","type":"post","link":"https:\/\/www.europesays.com\/pt\/191286\/","title":{"rendered":"Ubisoft adquire MOBA que estava na Amazon"},"content":{"rendered":"<p>  <img decoding=\"async\" src=\"https:\/\/cdn.ome.lt\/static\/omelete\/img\/loading.svg\" alt=\"\"\/><\/p>\n<p>  <img decoding=\"async\" class=\"article__cover__image\" data-lazy-src-mob=\"\/\/cdn.ome.lt\/BbVEpiMQmTEP2ALBtp180YvQso8=\/570x0\/smart\/filters:format(webp)\/uploads\/conteudo\/fotos\/MoG_Keyart_01_Header.webp\" data-lazy-src=\"https:\/\/cdn.ome.lt\/FAr1fhZYzJKyZXgtgLp9kLB357I=\/987x0\/smart\/filters:format(webp)\/uploads\/conteudo\/fotos\/MoG_Keyart_01_Header.webp\" src=\"data:image\/png;base64,iVBORw0KGgoAAAANSUhEUgAAAAEAAAABCAQAAAC1HAwCAAAAC0lEQVR42mNkYAAAAAYAAjCB0C8AAAAASUVORK5CYII=\" alt=\"Ubisoft\" title=\"Ubisoft\" width=\"987\" height=\"555\" fetchpriority=\"high\"\/><\/p>\n<p class=\"article__cover__credits\">\n  Cr\u00e9ditos da imagem:<br \/>\n  Reprodu\u00e7\u00e3o\n<\/p>\n<p>A <strong>Ubisoft<\/strong> anunciou a aquisi\u00e7\u00e3o da equipe de desenvolvimento e do jogo <strong>March of Giants<\/strong>, t\u00edtulo free-to-play que estava sendo produzido pelo est\u00fadio da <strong>Amazon<\/strong> em Montreal. A equipe, que inclui veteranos da pr\u00f3pria Ubisoft, desenvolver\u00e1 o projeto na empresa.<\/p>\n<p>O jogo \u00e9 um MOBA t\u00e1tico 4v4 onde os jogadores controlam gigantes em um campo de batalha urbano inspirado no in\u00edcio do s\u00e9culo XX. A jogabilidade combina elementos de estrat\u00e9gia em tempo real, combate em lanes e o comando de batalh\u00f5es de unidades menores.<\/p>\n<p>            Continua depois da Publicidade<\/p>\n<p>A equipe \u00e9 liderada por dois ex-funcion\u00e1rios da Ubisoft. <strong>Xavier Marquis<\/strong>, diretor criativo, foi o diretor criativo original de Rainbow Six Siege. <strong>Alex Parizeau<\/strong>, l\u00edder de produ\u00e7\u00e3o s\u00eanior, foi diretor administrativo da <strong>Ubisoft Toronto<\/strong>. &#8220;Retornar \u00e0 Ubisoft fecha um ciclo&#8221;, disse Marquis. &#8220;Constru\u00edmos alguns de nossos trabalhos mais significativos aqui, e estamos animados para continuar desenvolvendo March of Giants de dentro da Ubisoft&#8221;.<\/p>\n<p>Parizeau complementou: &#8220;Agora, ao nos unirmos \u00e0 Ubisoft, estamos nos reunindo em torno de uma vis\u00e3o compartilhada para construir March of Giants em um dos pr\u00f3ximos grandes MOBAs duradouros&#8221;. A equipe est\u00e1 trabalhando na pr\u00f3xima grande atualiza\u00e7\u00e3o do t\u00edtulo.<\/p>\n","protected":false},"excerpt":{"rendered":"Cr\u00e9ditos da imagem: Reprodu\u00e7\u00e3o A Ubisoft anunciou a aquisi\u00e7\u00e3o da equipe de desenvolvimento e do jogo March of&hellip;\n","protected":false},"author":2,"featured_media":191287,"comment_status":"","ping_status":"","sticky":false,"template":"","format":"standard","meta":{"footnotes":""},"categories":[84],"tags":[109,107,108,32,33,105,103,104,106,110],"class_list":{"0":"post-191286","1":"post","2":"type-post","3":"status-publish","4":"format-standard","5":"has-post-thumbnail","7":"category-ciencia-e-tecnologia","8":"tag-ciencia","9":"tag-ciencia-e-tecnologia","10":"tag-cienciaetecnologia","11":"tag-portugal","12":"tag-pt","13":"tag-science","14":"tag-science-and-technology","15":"tag-scienceandtechnology","16":"tag-technology","17":"tag-tecnologia"},"share_on_mastodon":{"url":"https:\/\/pubeurope.com\/@pt\/115731546008938660","error":""},"_links":{"self":[{"href":"https:\/\/www.europesays.com\/pt\/wp-json\/wp\/v2\/posts\/191286","targetHints":{"allow":["GET"]}}],"collection":[{"href":"https:\/\/www.europesays.com\/pt\/wp-json\/wp\/v2\/posts"}],"about":[{"href":"https:\/\/www.europesays.com\/pt\/wp-json\/wp\/v2\/types\/post"}],"author":[{"embeddable":true,"href":"https:\/\/www.europesays.com\/pt\/wp-json\/wp\/v2\/users\/2"}],"replies":[{"embeddable":true,"href":"https:\/\/www.europesays.com\/pt\/wp-json\/wp\/v2\/comments?post=191286"}],"version-history":[{"count":0,"href":"https:\/\/www.europesays.com\/pt\/wp-json\/wp\/v2\/posts\/191286\/revisions"}],"wp:featuredmedia":[{"embeddable":true,"href":"https:\/\/www.europesays.com\/pt\/wp-json\/wp\/v2\/media\/191287"}],"wp:attachment":[{"href":"https:\/\/www.europesays.com\/pt\/wp-json\/wp\/v2\/media?parent=191286"}],"wp:term":[{"taxonomy":"category","embeddable":true,"href":"https:\/\/www.europesays.com\/pt\/wp-json\/wp\/v2\/categories?post=191286"},{"taxonomy":"post_tag","embeddable":true,"href":"https:\/\/www.europesays.com\/pt\/wp-json\/wp\/v2\/tags?post=191286"}],"curies":[{"name":"wp","href":"https:\/\/api.w.org\/{rel}","templated":true}]}}