{"id":191288,"date":"2025-12-16T22:13:41","date_gmt":"2025-12-16T22:13:41","guid":{"rendered":"https:\/\/www.europesays.com\/pt\/191288\/"},"modified":"2025-12-16T22:13:41","modified_gmt":"2025-12-16T22:13:41","slug":"ha-terras-raras-em-portugal-estamos-a-beira-de-uma-nova-revolucao","status":"publish","type":"post","link":"https:\/\/www.europesays.com\/pt\/191288\/","title":{"rendered":"H\u00e1 terras raras em Portugal: &#8220;Estamos \u00e0 beira de uma nova revolu\u00e7\u00e3o&#8221;"},"content":{"rendered":"<p class=\"wp-caption-text top\"><a href=\"https:\/\/www.dakotaminerals.com.au\/index.php\/team-2\/portugal\" rel=\"nofollow external noopener noreferrer\" data-wpel-link=\"external\" target=\"_blank\" class=\"ext-link\">(dr) Dakota Minerals<\/a><\/p>\n<p><img decoding=\"async\" loading=\"lazy\" class=\"size-kopa-image-size-3 wp-image-191517\" src=\"https:\/\/www.europesays.com\/pt\/wp-content\/uploads\/2025\/12\/bf63425277091c1d6d032cc92071320c-783x450.jpg\" alt=\"\" width=\"700\" height=\"402\"  \/><\/p>\n<p><strong>Estudos geol\u00f3gicos recentes indicam a exist\u00eancia de elementos cr\u00edticos no subsolo portugu\u00eas. Alentejo e Nordeste Transmontano revelaram ser \u00e1reas-chave. A Europa est\u00e1 atenta.<\/strong><\/p>\n<p>A not\u00edcia de que <strong>Portugal<\/strong> come\u00e7a a surgir no radar europeu como potencial fornecedor de <strong>terras raras<\/strong> \u00e9 dada esta segunda-feira pelo <a href=\"https:\/\/www.jn.pt\/nacional\/artigo\/terras-raras-em-portugal-despertam-apetite-europeu\/18030306\" data-wpel-link=\"external\" target=\"_blank\" rel=\"nofollow external noopener noreferrer\" class=\"ext-link\">Jornal de Not\u00edcias<\/a>.<\/p>\n<p>Segundo o matutino, as descobertas mais recentes foram no <strong>Alentejo<\/strong> e nalgumas regi\u00f5es com forte presen\u00e7a de ferro, como <strong>Moncorvo<\/strong>, no Nordeste Transmontano.<\/p>\n<p>\u201cO Laborat\u00f3rio Nacional de Energia e Geologia (LNEG) fez um levantamento em 2022 e houve algum interesse de empresas privadas em avan\u00e7ar nas explora\u00e7\u00f5es preliminares\u201d, revelou, ao JN, o ge\u00f3logo <strong>Lu\u00eds Martins<\/strong>.<\/p>\n<p>No entanto, o especialista acrescentou que \u201co levantamento \u00e9 ainda muito preliminar e<strong> estamos muito longe de uma poss\u00edvel explora\u00e7\u00e3o<\/strong>\u201c.<\/p>\n<p>Segundo Lu\u00eds Martins, as terras raras surgem frequentemente associadas a dep\u00f3sitos de <strong>ferro<\/strong>, como acontece em Moncorvo.<\/p>\n<p>Em Penedo Gordo, no Alentejo, por exemplo, foram identificados elementos como <strong>zirc\u00f3nio, h\u00e1fnio, tit\u00e2nio, ni\u00f3bio, t\u00e2ntalo, \u00edtrio e esc\u00e2ndio<\/strong>, todos eles cada vez mais procurados no setor tecnol\u00f3gico.<\/p>\n<p>Os elementos de terras raras, tamb\u00e9m conhecidos como <strong>metais de terras raras<\/strong>, s\u00e3o um grupo de <strong>17 elementos qu\u00edmicos<\/strong> na tabela peri\u00f3dica. Incluem os 15 lantan\u00eddeos, al\u00e9m do esc\u00e2ndio (21Sc) e do \u00edtrio (39Y), que tendem a ocorrer nos mesmos dep\u00f3sitos minerais que os lantan\u00eddeos e apresentam propriedades qu\u00edmicas semelhantes.<\/p>\n<p>Estes elementos s\u00e3o <strong>essenciais em v\u00e1rias aplica\u00e7\u00f5es tecnol\u00f3gicas<\/strong> e industriais devido \u00e0s suas propriedades \u00fanicas, como magnetismo, luminesc\u00eancia e resist\u00eancia el\u00e9trica.<\/p>\n<p class=\"wp-caption-text top\">ZAP \/\/ Wikipedia<\/p>\n<p><img decoding=\"async\" loading=\"lazy\" class=\"wp-image-608646 \" src=\"https:\/\/www.europesays.com\/pt\/wp-content\/uploads\/2025\/12\/eccbc87e4b5ce2fe28308fd9f2a7baf3-4-1200x677.jpg\" alt=\"\" width=\"600\" height=\"339\"  \/><\/p>\n<p class=\"wp-caption-text bot\">Terras Raras na Tabela Peri\u00f3dica<\/p>\n<p>Nem todos os minerais identificados no Alentejo integram tecnicamente o grupo das chamadas terras raras, mas muitos s\u00e3o considerados estrat\u00e9gicos ou cr\u00edticos.<\/p>\n<p>Num momento em que a Uni\u00e3o Europeia procura reduzir a depend\u00eancia externa em rela\u00e7\u00e3o \u00e0 China, a busca por estes elementos no Velho Continente \u00e9 cada vez mais importante e<strong> Portugal pode vir a ser fulcral<\/strong>.<\/p>\n<p>Tamb\u00e9m temos ouro e prata<\/p>\n<p>Como refere o JN, al\u00e9m destes minerais, v\u00e1rias das zonas estudadas revelam ainda ind\u00edcios de outros metais valiosos, como <strong>ouro, prata, estanho, chumbo, zinco e volfr\u00e2mio<\/strong>.<\/p>\n<p>Lu\u00eds Martins destacou a exist\u00eancia de <strong>dois dep\u00f3sitos de ouro<\/strong> de grande dimens\u00e3o: <strong>Montemor e Jales\/Gralheira<\/strong>.<\/p>\n<p>\u201cH\u00e1 cerca de um milh\u00e3o de on\u00e7as de ouro evidenciadas, que \u00e0 cota\u00e7\u00e3o atual valem cerca de 3,6 mil milh\u00f5es de euros\u201d, revelou.<\/p>\n<p>\u201cDevemos apostar na explora\u00e7\u00e3o mineira nos pr\u00f3ximos anos. Fazemo-lo melhor do que muitos pa\u00edses da Europa, mesmo em termos de impactos ambientais. <strong>Estamos \u00e0 beira de uma nova revolu\u00e7\u00e3o com estes recursos<\/strong>\u201c, previu.<\/p>\n<p>    <a href=\"https:\/\/zap.aeiou.pt\/subscrever-newsletter\" data-wpel-link=\"internal\" rel=\"nofollow noopener\" target=\"_blank\">&#13;<br \/>\n        <img loading=\"lazy\" decoding=\"async\" class=\"aligncenter size-full wp-image-575475\" src=\"https:\/\/www.europesays.com\/pt\/wp-content\/uploads\/2025\/12\/1765389371_545_2d51fe4a0ba54894421ead1809309ed9-1-450x140.jpg\" alt=\"Subscreva a Newsletter ZAP\" width=\"450\" height=\"140\"\/>&#13;<br \/>\n    <\/a><\/p>\n<p>                <a href=\"https:\/\/whatsapp.com\/channel\/0029VaIC4EE2f3EJZPPSbR34\" data-wpel-link=\"external\" target=\"_blank\" rel=\"nofollow external noopener noreferrer\" class=\"ext-link\">&#13;<br \/>\n                    <img loading=\"lazy\" decoding=\"async\" class=\"aligncenter size-full wp-image-575475\" src=\"https:\/\/www.europesays.com\/pt\/wp-content\/uploads\/2025\/12\/1765389371_770_c68c559d956d4ca20f435ed74a6e71e6.png\" alt=\"Siga-nos no WhatsApp\" width=\"175\" height=\"64\"\/>&#13;<br \/>\n                <\/a><\/p>\n<p>                <a href=\"https:\/\/news.google.com\/publications\/CAAiEHRwZondIV71PDjWNoqMduEqFAgKIhB0cGaJ3SFe9Tw41jaKjHbh?hl=en-US&amp;gl=US&amp;ceid=US%3Aen\" data-wpel-link=\"external\" target=\"_blank\" rel=\"nofollow external noopener noreferrer\" class=\"ext-link\">&#13;<br \/>\n                    <img loading=\"lazy\" decoding=\"async\" class=\"aligncenter size-full wp-image-575475\" src=\"https:\/\/www.europesays.com\/pt\/wp-content\/uploads\/2025\/12\/1765389372_556_5123dd8b087b644fdb8f8603acd1bad4.png\" alt=\"Siga-nos no Google News\" width=\"176\" height=\"64\"\/>&#13;<br \/>\n                <\/a><\/p>\n","protected":false},"excerpt":{"rendered":"(dr) Dakota Minerals Estudos geol\u00f3gicos recentes indicam a exist\u00eancia de elementos cr\u00edticos no subsolo portugu\u00eas. Alentejo e Nordeste&hellip;\n","protected":false},"author":2,"featured_media":191289,"comment_status":"","ping_status":"","sticky":false,"template":"","format":"standard","meta":{"footnotes":""},"categories":[83],"tags":[288,88,269,476,89,90,38528,32,33,110],"class_list":{"0":"post-191288","1":"post","2":"type-post","3":"status-publish","4":"format-standard","5":"has-post-thumbnail","7":"category-empresas","8":"tag-alentejo","9":"tag-business","10":"tag-capa","11":"tag-economia","12":"tag-economy","13":"tag-empresas","14":"tag-mineralogia","15":"tag-portugal","16":"tag-pt","17":"tag-tecnologia"},"share_on_mastodon":{"url":"https:\/\/pubeurope.com\/@pt\/115731550406602291","error":""},"_links":{"self":[{"href":"https:\/\/www.europesays.com\/pt\/wp-json\/wp\/v2\/posts\/191288","targetHints":{"allow":["GET"]}}],"collection":[{"href":"https:\/\/www.europesays.com\/pt\/wp-json\/wp\/v2\/posts"}],"about":[{"href":"https:\/\/www.europesays.com\/pt\/wp-json\/wp\/v2\/types\/post"}],"author":[{"embeddable":true,"href":"https:\/\/www.europesays.com\/pt\/wp-json\/wp\/v2\/users\/2"}],"replies":[{"embeddable":true,"href":"https:\/\/www.europesays.com\/pt\/wp-json\/wp\/v2\/comments?post=191288"}],"version-history":[{"count":0,"href":"https:\/\/www.europesays.com\/pt\/wp-json\/wp\/v2\/posts\/191288\/revisions"}],"wp:featuredmedia":[{"embeddable":true,"href":"https:\/\/www.europesays.com\/pt\/wp-json\/wp\/v2\/media\/191289"}],"wp:attachment":[{"href":"https:\/\/www.europesays.com\/pt\/wp-json\/wp\/v2\/media?parent=191288"}],"wp:term":[{"taxonomy":"category","embeddable":true,"href":"https:\/\/www.europesays.com\/pt\/wp-json\/wp\/v2\/categories?post=191288"},{"taxonomy":"post_tag","embeddable":true,"href":"https:\/\/www.europesays.com\/pt\/wp-json\/wp\/v2\/tags?post=191288"}],"curies":[{"name":"wp","href":"https:\/\/api.w.org\/{rel}","templated":true}]}}