{"id":191290,"date":"2025-12-16T22:14:18","date_gmt":"2025-12-16T22:14:18","guid":{"rendered":"https:\/\/www.europesays.com\/pt\/191290\/"},"modified":"2025-12-16T22:14:18","modified_gmt":"2025-12-16T22:14:18","slug":"piloto-da-jet-blue-evita-colisao-com-aviao-militar-dos-eua-observador","status":"publish","type":"post","link":"https:\/\/www.europesays.com\/pt\/191290\/","title":{"rendered":"Piloto da Jet Blue evita colis\u00e3o com avi\u00e3o militar dos EUA \u2013 Observador"},"content":{"rendered":"<p>Um avi\u00e3o da companhia a\u00e9rea americana\u00a0Jet Blue teve de interromper a sua descolagem para evitar uma colis\u00e3o com um avi\u00e3o-tanque da For\u00e7a A\u00e9rea dos Estados Unidos, pr\u00f3ximo do espa\u00e7o a\u00e9reo venezuelano. O incidente ocorreu na sexta-feira.<\/p>\n<p>\u201cQuase tivemos uma colis\u00e3o no ar aqui em cima. Eles passaram diretamente na nossa rota de voo\u2026 Eles n\u00e3o t\u00eam o transponder ligado, \u00e9 um absurdo\u201d, disse o piloto, segundo uma grava\u00e7\u00e3o da sua conversa com o controlo de tr\u00e1fego a\u00e9reo do aeroporto citada pelo <a href=\"https:\/\/www.theguardian.com\/us-news\/2025\/dec\/14\/jetblue-pilot-avoids-midair-collision-air-force-venezuela\" rel=\"nofollow noopener\" target=\"_blank\">The Guardian<\/a>.<\/p>\n<p>O incidente envolveu o voo 1112 da JetBlue, proveniente de Cura\u00e7ao, com destino ao aeroporto JFK, em Nova Iorque. O piloto alega que, al\u00e9m de o avi\u00e3o militar ter cruzado diretamente a sua rota, seguia com o transponder \u2014 tramissor-recetor \u2014 <strong>desligado.<\/strong><\/p>\n<p>\u201cAcab\u00e1mos de ter tr\u00e1fego a passar diretamente \u00e0 nossa frente, a cerca de 8 km de n\u00f3s \u2014 talvez 3 ou 4 km \u2014, mas era um avi\u00e3o de reabastecimento a\u00e9reo da For\u00e7a A\u00e9rea dos Estados Unidos e estava \u00e0 nossa altitude\u201d, disse o piloto. \u201cTivemos que interromper a nossa subida\u201d, relatou, acrescentando\u00a0que o avi\u00e3o militar seguiu para o espa\u00e7o a\u00e9reo venezuelano.<\/p>\n<p>O porta-voz da JetBlue, Derek Dombrowski, assegurou no domingo que o incidente foi reportado \u00e0s autoridades federais e que a companhia a\u00e9rea participar\u00e1 em qualquer investiga\u00e7\u00e3o necess\u00e1ria.<\/p>\n<p>\u201cOs membros da nossa tripula\u00e7\u00e3o s\u00e3o treinados nos procedimentos adequados para v\u00e1rias situa\u00e7\u00f5es de voo, e agradecemos \u00e0 nossa tripula\u00e7\u00e3o por reportar prontamente esta situa\u00e7\u00e3o \u00e0 nossa equipa de lideran\u00e7a\u201d, acrescentou.<\/p>\n<p>A For\u00e7a A\u00e9rea dos Estados Unidos ainda n\u00e3o reagiu ao sucedido.<\/p>\n<p>O incidente ocorre\u00a0 numa alturam em que <a href=\"https:\/\/observador.pt\/2025\/12\/12\/trump-anuncia-que-ataques-terrestres-contra-traficantes-de-droga-na-venezuela-vao-comecar-a-acontecer\/\" rel=\"nofollow noopener\" target=\"_blank\">for\u00e7as militares norte-americanas t\u00eam lan\u00e7ado ataques a\u00e9reos contra suspeitos de tr\u00e1fico de droga perto da Venezuela.<\/a><\/p>\n<p>*Texto editado por C\u00e1tia Andrea Costa<\/p>\n","protected":false},"excerpt":{"rendered":"Um avi\u00e3o da companhia a\u00e9rea americana\u00a0Jet Blue teve de interromper a sua descolagem para evitar uma colis\u00e3o com&hellip;\n","protected":false},"author":2,"featured_media":191291,"comment_status":"","ping_status":"","sticky":false,"template":"","format":"standard","meta":{"footnotes":""},"categories":[50],"tags":[59,27,28,1814,15,16,14,25,26,186,21,22,62,12,13,19,20,23,24,58,17,18,29,30,31,3023,1080,1813,63,64,65],"class_list":{"0":"post-191290","1":"post","2":"type-post","3":"status-publish","4":"format-standard","5":"has-post-thumbnail","7":"category-mundo","8":"tag-acidente","9":"tag-breaking-news","10":"tag-breakingnews","11":"tag-escapadinhas","12":"tag-featured-news","13":"tag-featurednews","14":"tag-headlines","15":"tag-latest-news","16":"tag-latestnews","17":"tag-lifestyle","18":"tag-main-news","19":"tag-mainnews","20":"tag-mundo","21":"tag-news","22":"tag-noticias","23":"tag-noticias-principais","24":"tag-noticiasprincipais","25":"tag-principais-noticias","26":"tag-principaisnoticias","27":"tag-sociedade","28":"tag-top-stories","29":"tag-topstories","30":"tag-ultimas","31":"tag-ultimas-noticias","32":"tag-ultimasnoticias","33":"tag-venezuela","34":"tag-viagens","35":"tag-voos","36":"tag-world","37":"tag-world-news","38":"tag-worldnews"},"share_on_mastodon":{"url":"https:\/\/pubeurope.com\/@pt\/115731553608929444","error":""},"_links":{"self":[{"href":"https:\/\/www.europesays.com\/pt\/wp-json\/wp\/v2\/posts\/191290","targetHints":{"allow":["GET"]}}],"collection":[{"href":"https:\/\/www.europesays.com\/pt\/wp-json\/wp\/v2\/posts"}],"about":[{"href":"https:\/\/www.europesays.com\/pt\/wp-json\/wp\/v2\/types\/post"}],"author":[{"embeddable":true,"href":"https:\/\/www.europesays.com\/pt\/wp-json\/wp\/v2\/users\/2"}],"replies":[{"embeddable":true,"href":"https:\/\/www.europesays.com\/pt\/wp-json\/wp\/v2\/comments?post=191290"}],"version-history":[{"count":0,"href":"https:\/\/www.europesays.com\/pt\/wp-json\/wp\/v2\/posts\/191290\/revisions"}],"wp:featuredmedia":[{"embeddable":true,"href":"https:\/\/www.europesays.com\/pt\/wp-json\/wp\/v2\/media\/191291"}],"wp:attachment":[{"href":"https:\/\/www.europesays.com\/pt\/wp-json\/wp\/v2\/media?parent=191290"}],"wp:term":[{"taxonomy":"category","embeddable":true,"href":"https:\/\/www.europesays.com\/pt\/wp-json\/wp\/v2\/categories?post=191290"},{"taxonomy":"post_tag","embeddable":true,"href":"https:\/\/www.europesays.com\/pt\/wp-json\/wp\/v2\/tags?post=191290"}],"curies":[{"name":"wp","href":"https:\/\/api.w.org\/{rel}","templated":true}]}}