{"id":191298,"date":"2025-12-16T22:20:11","date_gmt":"2025-12-16T22:20:11","guid":{"rendered":"https:\/\/www.europesays.com\/pt\/191298\/"},"modified":"2025-12-16T22:20:11","modified_gmt":"2025-12-16T22:20:11","slug":"manuel-luis-goucha-tem-novo-projeto-fora-da-televisao-a-revelacao-que-esta-a-surpreender-secret-story","status":"publish","type":"post","link":"https:\/\/www.europesays.com\/pt\/191298\/","title":{"rendered":"Manuel Lu\u00eds Goucha tem novo projeto fora da televis\u00e3o. A revela\u00e7\u00e3o que est\u00e1 a surpreender &#8211; Secret Story"},"content":{"rendered":"<p data-end=\"323\" data-start=\"144\">A nova herdade de Manuel Lu\u00eds Goucha e Rui Oliveira Nunes, em Fronteira, no distrito de Portalegre, j\u00e1 acolhe cerca de 30 vacas irlandesas adquiridas pelo casal no final do ver\u00e3o.<\/p>\n<p data-end=\"815\" data-start=\"325\">Os animais encontram-se agora a adaptar-se ao espa\u00e7o e a prepara\u00e7\u00e3o tem sido feita ao detalhe. \u00c0 margem da emiss\u00e3o especial da TVI \u201cH\u00e1 Festa no Hospital\u201d, realizada na passada ter\u00e7a-feira, dia 9, no Hospital Dona Estef\u00e2nia, o apresentador explicou que todo o processo foi cuidadosamente planeado. <strong>\u00abJ\u00e1 andam \u00e0 solta na nova herdade \u00e0 espera de serem cobertas pelo touro, que \u00e9 em janeiro. Tudo isto \u00e9 pensado. Houve que as vacinar, desparasitar&#8230; H\u00e1 toda uma log\u00edstica. Mas est\u00e1 a correr muito bem\u00bb<\/strong>, referiu.<\/p>\n<p data-end=\"1192\" data-start=\"817\">Conhecido pelo sentido de humor, Manuel Lu\u00eds Goucha aproveitou ainda para comentar os v\u00eddeos descontra\u00eddos que tem partilhado nas redes sociais, onde surge, por exemplo, a ler para as vacas. Entre risos, fez quest\u00e3o de sublinhar a divis\u00e3o de tarefas: \u00abEu fico com a parte est\u00e9tica, s\u00f3 fotografo. O Rui \u00e9 que trabalha ali no duro, assim como os nossos dois caseiros\u00bb, rematou.<\/p>\n","protected":false},"excerpt":{"rendered":"A nova herdade de Manuel Lu\u00eds Goucha e Rui Oliveira Nunes, em Fronteira, no distrito de Portalegre, j\u00e1&hellip;\n","protected":false},"author":2,"featured_media":191299,"comment_status":"","ping_status":"","sticky":false,"template":"","format":"standard","meta":{"footnotes":""},"categories":[142],"tags":[18706,114,115,18705,3416,32,33,151,18704],"class_list":{"0":"post-191298","1":"post","2":"type-post","3":"status-publish","4":"format-standard","5":"has-post-thumbnail","7":"category-tv","8":"tag-bastidores-secret-story","9":"tag-entertainment","10":"tag-entretenimento","11":"tag-entrevistas-concorrentes-tvi","12":"tag-manuel-luis-goucha","13":"tag-portugal","14":"tag-pt","15":"tag-tv","16":"tag-vida-fora-da-casa"},"share_on_mastodon":{"url":"https:\/\/pubeurope.com\/@pt\/115731577278396168","error":""},"_links":{"self":[{"href":"https:\/\/www.europesays.com\/pt\/wp-json\/wp\/v2\/posts\/191298","targetHints":{"allow":["GET"]}}],"collection":[{"href":"https:\/\/www.europesays.com\/pt\/wp-json\/wp\/v2\/posts"}],"about":[{"href":"https:\/\/www.europesays.com\/pt\/wp-json\/wp\/v2\/types\/post"}],"author":[{"embeddable":true,"href":"https:\/\/www.europesays.com\/pt\/wp-json\/wp\/v2\/users\/2"}],"replies":[{"embeddable":true,"href":"https:\/\/www.europesays.com\/pt\/wp-json\/wp\/v2\/comments?post=191298"}],"version-history":[{"count":0,"href":"https:\/\/www.europesays.com\/pt\/wp-json\/wp\/v2\/posts\/191298\/revisions"}],"wp:featuredmedia":[{"embeddable":true,"href":"https:\/\/www.europesays.com\/pt\/wp-json\/wp\/v2\/media\/191299"}],"wp:attachment":[{"href":"https:\/\/www.europesays.com\/pt\/wp-json\/wp\/v2\/media?parent=191298"}],"wp:term":[{"taxonomy":"category","embeddable":true,"href":"https:\/\/www.europesays.com\/pt\/wp-json\/wp\/v2\/categories?post=191298"},{"taxonomy":"post_tag","embeddable":true,"href":"https:\/\/www.europesays.com\/pt\/wp-json\/wp\/v2\/tags?post=191298"}],"curies":[{"name":"wp","href":"https:\/\/api.w.org\/{rel}","templated":true}]}}