{"id":191309,"date":"2025-12-16T22:31:18","date_gmt":"2025-12-16T22:31:18","guid":{"rendered":"https:\/\/www.europesays.com\/pt\/191309\/"},"modified":"2025-12-16T22:31:18","modified_gmt":"2025-12-16T22:31:18","slug":"o-que-sabemos-sobre-nick-reiner-filho-de-rob-e-michele-reiner-suspeito-de-assassinar-os-pais","status":"publish","type":"post","link":"https:\/\/www.europesays.com\/pt\/191309\/","title":{"rendered":"O que sabemos sobre Nick Reiner, filho de Rob e Michele Reiner, suspeito de assassinar os pais"},"content":{"rendered":"<p>\t                Hist\u00f3ria de v\u00edcio e reabilita\u00e7\u00e3o ensombra fatalmente uma &#8220;linhagem&#8221; de Hollywood<\/p>\n<p style=\"margin-bottom:11px\">Quando <a href=\"https:\/\/edition.cnn.com\/entertainment\/live-news\/homicide-detectives-investigating-at-address-connected-with-hollywood-director-rob-reiner\" target=\"_blank\" rel=\"nofollow noopener\">Nick Reiner<\/a> foi fotografado em setembro ao lado da sua fam\u00edlia na estreia em Los Angeles de\u00a0&#8220;Spinal Tap II: O Fim Continua&#8221;, a com\u00e9dia musical do seu pai, ele n\u00e3o estava a sorrir.<\/p>\n<p>Em vez disso, o filho do <a href=\"https:\/\/edition.cnn.com\/2025\/12\/15\/entertainment\/rob-reiner-obituary-films\" target=\"_blank\" rel=\"nofollow noopener\">lend\u00e1rio realizador de Hollywood Rob Reiner<\/a> e da produtora Michele Singer Reiner permaneceu impass\u00edvel para a foto de fam\u00edlia ao lado dos seus irm\u00e3os.<\/p>\n<p>Tr\u00eas meses depois, Reiner, de 32 anos, foi preso e considerado suspeito de ser &#8220;respons\u00e1vel&#8221; pela morte dos seus pais, informou a pol\u00edcia de Los Angeles em comunicado na segunda-feira. Est\u00e1 agora detido sem possibilidade de fian\u00e7a.<\/p>\n<p>A Procuradoria do Condado de Los Angeles, EUA, ainda n\u00e3o apresentou nenhuma acusa\u00e7\u00e3o criminal relacionada com o caso.<\/p>\n<p>N\u00e3o \u00e9 ainda claro se Reiner tem um advogado. A CNN entrou em contato com um porta-voz da fam\u00edlia para comentar o assunto.<\/p>\n<p>Embora a not\u00edcia da morte dos Reiners tenha causado como\u00e7\u00e3o em Hollywood, ela tamb\u00e9m trouxe de volta o foco para o passado de Nick Reiner e as suas lutas anteriores contra o v\u00edcio. Eis o que sabemos:<\/p>\n<p>Pai e filho foram vistos a discutir numa festa <\/p>\n<p>Nick Reiner foi preso na noite de domingo, informou a pol\u00edcia, poucas horas depois de a sua irm\u00e3 ter descoberto os pais mortos dentro da casa da fam\u00edlia em Brentwood, de acordo com a pol\u00edcia e uma fonte familiarizada com o incidente.<\/p>\n<p>Na noite anterior, o casal e o filho participaram numa festa de fim de ano na casa do comediante Conan O&#8217;Brien, em Los Angeles.<\/p>\n<p>Durante a festa, Nick Reiner foi visto a discutir com o pai, disse uma fonte familiarizada com o incidente \u00e0 CNN. N\u00e3o \u00e9 claro que liga\u00e7\u00e3o \u2013 se \u00e9 que houve alguma \u2013 a discuss\u00e3o pode ter tido com os homic\u00eddios.<\/p>\n<p>As autoridades n\u00e3o deram detalhes sobre como as v\u00edtimas morreram ou como os investigadores determinaram que o filho era o respons\u00e1vel.<\/p>\n<p>Reiner era o filho do meio de tr\u00eas irm\u00e3os <\/p>\n<p>Rob e Michele Reiner tinham tr\u00eas filhos biol\u00f3gicos: o filho mais velho, Jake; Nick, o filho do meio; e a filha, Romy, a mais nova.<\/p>\n<p>Rob Reiner tamb\u00e9m adotou e criou a filha de sua ex-mulher Penny Marshall, Tracy. Em coment\u00e1rios feitos \u00e0 <a href=\"https:\/\/www.nbcnews.com\/news\/us-news\/two-found-dead-rob-reiner-home-brentwood-los-angeles-rcna249223\" target=\"_blank\" rel=\"nofollow noopener\">NBC News<\/a>, Tracy disse que estava abalada com a not\u00edcia da morte do seu pai.<\/p>\n<p>&#8220;Eu vim da melhor fam\u00edlia de sempre&#8221;, afirmou. &#8220;N\u00e3o sei o que dizer. Estou em choque.&#8221;<\/p>\n<p>Os Reiners pertencem \u00e0\u00a0&#8220;realeza de Hollywood&#8221;. Na d\u00e9cada de 1950, o comediante, ator e diretor Carl Reiner <a href=\"https:\/\/edition.cnn.com\/2020\/07\/01\/entertainment\/carl-reiner-death-obit\" target=\"_blank\" rel=\"nofollow noopener\">disparou para a fama<\/a> com o programa &#8220;The Dick Van Dyke Show&#8221;.<\/p>\n<p>O seu filho, Rob Reiner, tornou-se um nome conhecido na d\u00e9cada de 1970 por seu papel na com\u00e9dia de sucesso &#8220;All in the Family\/Tudo em Fam\u00edlia&#8221; e, mais tarde, consolidou o seu lugar como \u00edcone de Hollywood ao dirigir filmes como &#8220;Stand by Me\/Conta Comigo&#8221;, &#8220;When Harry Met Sally\/Um Amor Inevit\u00e1vel&#8221; e &#8220;A Few Good Men\/Uma Quest\u00e3o de Honra&#8221;.<\/p>\n<p>Mas, nos bastidores, a fam\u00edlia \u2014 como muitos americanos \u2014 lutava para ajudar o seu filho, Nick, a enfrentar a sua batalha contra o v\u00edcio.<\/p>\n<p>Reiner foi sincero sobre as lutas contra o v\u00edcio <\/p>\n<p>Nick Reiner j\u00e1 disse anteriormente que fez v\u00e1rias tentativas de reabilita\u00e7\u00e3o e que, por vezes, ficou sem abrigo. E tamb\u00e9m falou sobre as discuss\u00f5es que teve com os pais quando estava no auge do v\u00edcio.<\/p>\n<p>Num epis\u00f3dio de 2018 do &#8220;<a href=\"https:\/\/www.youtube.com\/watch?si=YBDri3oSWJa3aia-&amp;t=1582&amp;v=eqr1-mWSh-w&amp;feature=youtu.be\" target=\"_blank\" rel=\"nofollow noopener\">Dopey<\/a>&#8220;, um podcast sobre a sinuosa jornada entre o v\u00edcio e a recupera\u00e7\u00e3o, Reiner disse que entrou pela primeira vez na reabilita\u00e7\u00e3o aos 15 anos e, ao longo dos anos, aprendeu a manipular o sistema.<\/p>\n<p>&#8220;Eu simplesmente disse: \u2018Querem saber, eu quero ir para casa\u2019, ent\u00e3o fiquei s\u00f3brio o tempo suficiente para poder ir para casa e, sim, fui para casa e consumi (drogas)&#8221;, disse Reiner no podcast.<\/p>\n<p>Ele tamb\u00e9m contou aos apresentadores sobre uma explos\u00e3o que teve depois de ser &#8220;isolado&#8221; na casa de h\u00f3spedes dos pais, o que levou a uma discuss\u00e3o.<\/p>\n<p>&#8220;Fiquei totalmente pedrado com estimulantes, acho que era coca\u00edna e outra coisa, e fiquei acordado dias a fio, e comecei a esmurrar v\u00e1rias coisas na minha casa de h\u00f3spedes&#8221;, disse Reiner.<\/p>\n<p>&#8220;Acho que comecei com a TV, depois passei para o abajour e ent\u00e3o&#8230; simplesmente destru\u00ed tudo na casa de h\u00f3spedes.&#8221;<\/p>\n<p>Reiner disse que a explos\u00e3o acabou por levar a outro internamento para reabilita\u00e7\u00e3o.<\/p>\n<p>&#8220;Being Charlie&#8221; <\/p>\n<p>Em 2015, Nick Reiner co-escreveu o filme &#8220;Being Charlie&#8221;, vagamente inspirado nas suas experi\u00eancias com o v\u00edcio e realizado pelo seu pai.<\/p>\n<p>Durante a digress\u00e3o promocional do filme, Nick Reiner apareceu frequentemente ao lado do pai para explicar como usou as suas pr\u00f3prias experi\u00eancias para informar o filme.<\/p>\n<p>&#8220;Isso fez de mim quem eu sou agora, ter de lidar com essas coisas&#8221;, disse ele \u00e0 <a href=\"https:\/\/people.com\/celebrity\/nick-reiner-rob-reiners-son-opens-up-about-drug-addiction-living-on-streets\/\" target=\"_blank\" rel=\"nofollow noopener\">revista People<\/a> em 2016.<\/p>\n<p> <img loading=\"lazy\" decoding=\"async\" alt=\"\" height=\"399\" src=\"https:\/\/www.europesays.com\/pt\/wp-content\/uploads\/2025\/12\/69418f23d34e3caad84c7498.webp\" width=\"600\"\/> <\/p>\n<p>   O realizador Rob Reiner, \u00e0 esquerda, e o seu filho Nick Reiner apresentam o filme &#8220;Being Charlie&#8221; nos est\u00fadios da AOL em Nova Iorque, a 4 de maio de 2016. Foto Rommel Demano\/Getty Images <\/p>\n<p>Durante uma apari\u00e7\u00e3o conjunta na s\u00e9rie de conversas da AOL, &#8220;<a href=\"https:\/\/www.youtube.com\/watch?v=eX1EZuYjmQc\" target=\"_blank\" rel=\"nofollow noopener\">Build<\/a>&#8220;, Reiner disse que passou por &#8220;muitos anos sombrios&#8221; enquanto lutava contra o v\u00edcio.<\/p>\n<p>Mas, segundo ele, aprendeu a usar a com\u00e9dia como forma de lidar com algumas das suas experi\u00eancias na reabilita\u00e7\u00e3o e, mais tarde, canalizou isso para o filme.<\/p>\n<p>A reabilita\u00e7\u00e3o \u00e9 &#8220;tr\u00e1gica e tudo mais, mas as pessoas que est\u00e3o l\u00e1 n\u00e3o querem que voc\u00ea fa\u00e7a uma festa de piedade por elas. Elas querem que voc\u00ea ria da situa\u00e7\u00e3o e a leve na brincadeira&#8221;, disse.<\/p>\n<p>Durante a mesma entrevista, Rob Reiner chamou o projeto de &#8220;a coisa mais pessoal que j\u00e1 fiz&#8221; e falou sobre trabalhar com o seu filho.<\/p>\n<p>&#8220;N\u00e3o se parte com o objetivo de de alguma forma ter uma experi\u00eancia cat\u00e1rtica ou terap\u00eautica&#8221;, disse o Reiner mais velho.<\/p>\n<p>&#8220;O facto de estarmos a lidar com coisas pelas quais Nick passou e como eu me relacionei com isso e como a m\u00e3e dele se relacionou com isso&#8230; isso for\u00e7ou-me a ver mais claramente e compreender mais profundamente o que Nick passou e acho que o for\u00e7ou a ver coisas que eu experimentei durante esse processo.&#8221;<\/p>\n","protected":false},"excerpt":{"rendered":"Hist\u00f3ria de v\u00edcio e reabilita\u00e7\u00e3o ensombra fatalmente uma &#8220;linhagem&#8221; de Hollywood Quando Nick Reiner foi fotografado em setembro&hellip;\n","protected":false},"author":2,"featured_media":191310,"comment_status":"","ping_status":"","sticky":false,"template":"","format":"standard","meta":{"footnotes":""},"categories":[8],"tags":[609,836,611,3438,27,28,470,607,608,333,832,604,135,610,476,15,16,301,830,14,603,25,26,570,21,22,831,833,38193,62,834,12,38529,13,19,20,835,602,52,32,23,24,33,38192,17,18,29,30,31],"class_list":{"0":"post-191309","1":"post","2":"type-post","3":"status-publish","4":"format-standard","5":"has-post-thumbnail","7":"category-principais-noticias","8":"tag-alerta","9":"tag-analise","10":"tag-ao-minuto","11":"tag-assassinato","12":"tag-breaking-news","13":"tag-breakingnews","14":"tag-cinema","15":"tag-cnn","16":"tag-cnn-portugal","17":"tag-comentadores","18":"tag-costa","19":"tag-crime","20":"tag-desporto","21":"tag-direto","22":"tag-economia","23":"tag-featured-news","24":"tag-featurednews","25":"tag-governo","26":"tag-guerra","27":"tag-headlines","28":"tag-justica","29":"tag-latest-news","30":"tag-latestnews","31":"tag-live","32":"tag-main-news","33":"tag-mainnews","34":"tag-mais-vistas","35":"tag-marcelo","36":"tag-michele-reiner","37":"tag-mundo","38":"tag-negocios","39":"tag-news","40":"tag-nick-reiner","41":"tag-noticias","42":"tag-noticias-principais","43":"tag-noticiasprincipais","44":"tag-opiniao","45":"tag-pais","46":"tag-politica","47":"tag-portugal","48":"tag-principais-noticias","49":"tag-principaisnoticias","50":"tag-pt","51":"tag-rob-reiner","52":"tag-top-stories","53":"tag-topstories","54":"tag-ultimas","55":"tag-ultimas-noticias","56":"tag-ultimasnoticias"},"share_on_mastodon":{"url":"","error":"Validation failed: Text character limit of 500 exceeded"},"_links":{"self":[{"href":"https:\/\/www.europesays.com\/pt\/wp-json\/wp\/v2\/posts\/191309","targetHints":{"allow":["GET"]}}],"collection":[{"href":"https:\/\/www.europesays.com\/pt\/wp-json\/wp\/v2\/posts"}],"about":[{"href":"https:\/\/www.europesays.com\/pt\/wp-json\/wp\/v2\/types\/post"}],"author":[{"embeddable":true,"href":"https:\/\/www.europesays.com\/pt\/wp-json\/wp\/v2\/users\/2"}],"replies":[{"embeddable":true,"href":"https:\/\/www.europesays.com\/pt\/wp-json\/wp\/v2\/comments?post=191309"}],"version-history":[{"count":0,"href":"https:\/\/www.europesays.com\/pt\/wp-json\/wp\/v2\/posts\/191309\/revisions"}],"wp:featuredmedia":[{"embeddable":true,"href":"https:\/\/www.europesays.com\/pt\/wp-json\/wp\/v2\/media\/191310"}],"wp:attachment":[{"href":"https:\/\/www.europesays.com\/pt\/wp-json\/wp\/v2\/media?parent=191309"}],"wp:term":[{"taxonomy":"category","embeddable":true,"href":"https:\/\/www.europesays.com\/pt\/wp-json\/wp\/v2\/categories?post=191309"},{"taxonomy":"post_tag","embeddable":true,"href":"https:\/\/www.europesays.com\/pt\/wp-json\/wp\/v2\/tags?post=191309"}],"curies":[{"name":"wp","href":"https:\/\/api.w.org\/{rel}","templated":true}]}}