{"id":191313,"date":"2025-12-16T22:33:08","date_gmt":"2025-12-16T22:33:08","guid":{"rendered":"https:\/\/www.europesays.com\/pt\/191313\/"},"modified":"2025-12-16T22:33:08","modified_gmt":"2025-12-16T22:33:08","slug":"o-grande-blockbuster-de-serralves-em-2026-e-o-arquiteto-frank-gehry","status":"publish","type":"post","link":"https:\/\/www.europesays.com\/pt\/191313\/","title":{"rendered":"&#8220;O grande blockbuster&#8221; de Serralves em 2026 \u00e9 o arquiteto Frank Gehry"},"content":{"rendered":"<p data-remotead-prev-elm=\"true\" data-remotead-elm-id=\"inread\">Serralves entra em 2026 com um programa que se afirma menos como calend\u00e1rio e mais como declara\u00e7\u00e3o de inten\u00e7\u00f5es. Sob o mote &#8220;Novos Horizontes&#8221;, o museu do Porto prop\u00f5e um ano de programa\u00e7\u00e3o multidisciplinar que refor\u00e7a a sua voca\u00e7\u00e3o enquanto espa\u00e7o de cruzamento entre arte contempor\u00e2nea, arquitetura, cinema, paisagem e pensamento cr\u00edtico, ampliando escalas, p\u00fablicos e linguagens.<\/p>\n","protected":false},"excerpt":{"rendered":"Serralves entra em 2026 com um programa que se afirma menos como calend\u00e1rio e mais como declara\u00e7\u00e3o de&hellip;\n","protected":false},"author":2,"featured_media":191314,"comment_status":"","ping_status":"","sticky":false,"template":"","format":"standard","meta":{"footnotes":""},"categories":[144],"tags":[207,205,206,1753,203,201,202,38531,204,114,115,10648,36655,20311,38530,462,32,33],"class_list":{"0":"post-191313","1":"post","2":"type-post","3":"status-publish","4":"format-standard","5":"has-post-thumbnail","7":"category-arte-e-design","8":"tag-arte","9":"tag-arte-e-design","10":"tag-artedesign","11":"tag-artes","12":"tag-arts","13":"tag-arts-and-design","14":"tag-artsanddesign","15":"tag-damien-hirst","16":"tag-design","17":"tag-entertainment","18":"tag-entretenimento","19":"tag-exposicoes","20":"tag-frank-gehry","21":"tag-museu-de-serralves","22":"tag-philippe-vergne","23":"tag-porto","24":"tag-portugal","25":"tag-pt"},"share_on_mastodon":{"url":"https:\/\/pubeurope.com\/@pt\/115731628240360874","error":""},"_links":{"self":[{"href":"https:\/\/www.europesays.com\/pt\/wp-json\/wp\/v2\/posts\/191313","targetHints":{"allow":["GET"]}}],"collection":[{"href":"https:\/\/www.europesays.com\/pt\/wp-json\/wp\/v2\/posts"}],"about":[{"href":"https:\/\/www.europesays.com\/pt\/wp-json\/wp\/v2\/types\/post"}],"author":[{"embeddable":true,"href":"https:\/\/www.europesays.com\/pt\/wp-json\/wp\/v2\/users\/2"}],"replies":[{"embeddable":true,"href":"https:\/\/www.europesays.com\/pt\/wp-json\/wp\/v2\/comments?post=191313"}],"version-history":[{"count":0,"href":"https:\/\/www.europesays.com\/pt\/wp-json\/wp\/v2\/posts\/191313\/revisions"}],"wp:featuredmedia":[{"embeddable":true,"href":"https:\/\/www.europesays.com\/pt\/wp-json\/wp\/v2\/media\/191314"}],"wp:attachment":[{"href":"https:\/\/www.europesays.com\/pt\/wp-json\/wp\/v2\/media?parent=191313"}],"wp:term":[{"taxonomy":"category","embeddable":true,"href":"https:\/\/www.europesays.com\/pt\/wp-json\/wp\/v2\/categories?post=191313"},{"taxonomy":"post_tag","embeddable":true,"href":"https:\/\/www.europesays.com\/pt\/wp-json\/wp\/v2\/tags?post=191313"}],"curies":[{"name":"wp","href":"https:\/\/api.w.org\/{rel}","templated":true}]}}