{"id":191315,"date":"2025-12-16T22:35:08","date_gmt":"2025-12-16T22:35:08","guid":{"rendered":"https:\/\/www.europesays.com\/pt\/191315\/"},"modified":"2025-12-16T22:35:08","modified_gmt":"2025-12-16T22:35:08","slug":"quarta-na-tv-romances-e-kuduro-a-caminho-de-new-vegas-televisao","status":"publish","type":"post","link":"https:\/\/www.europesays.com\/pt\/191315\/","title":{"rendered":"Quarta na TV: romances e kuduro a caminho de New Vegas | Televis\u00e3o"},"content":{"rendered":"<p>CINEMA<\/p>\n<p dir=\"ltr\"><strong><a href=\"https:\/\/cinecartaz.publico.pt\/filme\/lamborghini-homem-tras-lenda-409519\" rel=\"nofollow noopener\" target=\"_blank\">Lamborghini: O Homem por Detr\u00e1s da Lenda<\/a><\/strong><br \/><strong>Hollywood, 21h30<\/strong><\/p>\n<p>        &#13;<\/p>\n<p>&#13;<br \/>\n                &#13;\n            <\/p>\n<p>&#13;<\/p>\n<p dir=\"ltr\">A vida pessoal e profissional de Ferruccio Lamborghini (1916-1993), incluindo a rivalidade com Enzo Ferrari, \u00e9 retratada no filme que Bobby Moresco realizou a partir da biografia assinada por Tonino, filho de Ferruccio. Frank Grillo ocupa o papel principal.<\/p>\n<p dir=\"ltr\"><strong><a href=\"https:\/\/cinecartaz.publico.pt\/filme\/a-sibila-409381\" rel=\"nofollow noopener\" target=\"_blank\">A Sibila<\/a><\/strong><br \/><strong>RTP1, 22h51<\/strong><\/p>\n<p dir=\"ltr\">Eduardo Brito estreou-se na realiza\u00e7\u00e3o de longa-metragem, em 2022, com esta adapta\u00e7\u00e3o do mais famoso romance de Agustina Bessa-Lu\u00eds, em resultado de um desafio lan\u00e7ado por M\u00f3nica Baldaque, filha da escritora. O elenco integra Maria Jo\u00e3o Pinho, Joana Ribeiro, Sandra Faleiro, Jo\u00e3o Pedro Vaz, Sim\u00e3o Cayatte, Gustavo Sumpta, Ana Padr\u00e3o e Rita Martins. Tal como no romance, segue uma narrativa em flashbacks desfiada por Germa na Casa da Vessada (Amarante), uma heran\u00e7a deixada pela sua tia Joaquina Augusta \u2014 ambas inspiradas em pessoas reais. Germa vai relatando a hist\u00f3ria de vida desta mulher, conhecida como a Sibila, \u201cpossuidora de todo o puro enigma do ser humano\u201d, desde a sua inf\u00e2ncia \u00e0 velhice.<\/p>\n<p dir=\"ltr\"><strong><a href=\"http:\/\/www.cinecartaz.publico.pt\/Filme\/344554_chappie\" rel=\"nofollow noopener\" target=\"_blank\">Chappie<\/a><\/strong><br \/><strong>AXN, 22h58<\/strong><\/p>\n<p dir=\"ltr\">Num futuro pr\u00f3ximo, a pol\u00edcia est\u00e1 convertida numa for\u00e7a opressora robotizada que defende os interesses governamentais, sem olhar \u00e0s injusti\u00e7as e aos dramas da popula\u00e7\u00e3o. Neste contexto, \u00e9 criado um rob\u00f4 mais avan\u00e7ado que, para al\u00e9m dos poderes sobre-humanos, tem sentimentos e intelig\u00eancia pr\u00f3pria. Chappie \u201cnasce\u201d assim para a vida como uma crian\u00e7a, capaz de aprender, improvisar e transformar-se a cada dia. Realizado por Neill Blomkamp (que tamb\u00e9m co-escreve o argumento com Terri Tatchell), o filme conta com os actores Hugh Jackman, Sigourney Weaver, Dev Patel e Sharlto Copley (voz de Chappie) e com os rappers Yo-Landi Visser e Ninja.<\/p>\n<p>S\u00c9RIES<\/p>\n<p dir=\"ltr\"><strong>Mulherzinhas<\/strong><br \/><strong>RTP2, 22h16<\/strong><\/p>\n<p dir=\"ltr\">Em estreia na RTP2, mais uma adapta\u00e7\u00e3o \u2014 entre as muitas j\u00e1 feitas para palcos e ecr\u00e3s grandes e pequenos \u2014 do romance de Louisa May Alcott. Acompanha a entrada de quatro jovens na vida adulta, numa das \u00e9pocas mais complexas e conturbadas dos EUA, sob o olhar vigilante da m\u00e3e e de uma tia que as ajudam a entender melhor quest\u00f5es como independ\u00eancia, perda ou expectativas sociais. Com gui\u00e3o de Heidi Thomas, realiza\u00e7\u00e3o de Vanessa Caswill e o carimbo da BBC, esta miniss\u00e9rie de 2017 desenvolve-se em tr\u00eas epis\u00f3dios de cerca de uma hora cada, para ver diariamente.<\/p>\n<p dir=\"ltr\"><strong>Fallout<\/strong><br \/><strong>Prime Video, streaming<\/strong><\/p>\n<p dir=\"ltr\">Eis a segunda temporada da produ\u00e7\u00e3o que verte para a televis\u00e3o, numa mistura de com\u00e9dia, ac\u00e7\u00e3o, viol\u00eancia e fic\u00e7\u00e3o cient\u00edfica, o mundo p\u00f3s-apocal\u00edptico do franchise de videojogos Fallout. A ac\u00e7\u00e3o projecta-se 200 anos depois da arrasadora Grande Guerra de 2077 e ruma a locais t\u00e3o familiares aos jogadores como New Vegas. Walter Goggins, Ella Purnell, Aaron Moten e Kyle MacLachlan no elenco nuclear.<\/p>\n<p>DOCUMENT\u00c1RIO<\/p>\n<p dir=\"ltr\"><strong><a href=\"https:\/\/cinecartaz.publico.pt\/filme\/i-love-kuduro-337538\" rel=\"nofollow noopener\" target=\"_blank\">I Love Kudur<\/a><\/strong><br \/><strong>RTP2, 23h24<\/strong><\/p>\n<p dir=\"ltr\">Um document\u00e1rio que segue algumas das mais idolatradas estrelas do fen\u00f3meno urbano que \u00e9 o kuduro. No princ\u00edpio da d\u00e9cada de 1990, em Angola, o kuduro surge essencialmente como uma dan\u00e7a. Com o passar do tempo, influenciado pelos c\u00e2nticos nativos e pelos ritmos de kizomba, sungura, semba, ragga e afro-house, entre outros, evolui para um novo g\u00e9nero musical, ligado \u00e0 divers\u00e3o da popula\u00e7\u00e3o mais pobre da baixa de Luanda. As letras misturam o portugu\u00eas com os dialectos locais e contam hist\u00f3rias simples do dia-a-dia. Dali, o kuduro rapidamente se espalhou pelo continente africano e europeu e hoje tem express\u00e3o pelo mundo inteiro.<\/p>\n<p dir=\"ltr\">Estreado em 2013, I Love Kuduro \u00e9 um projecto cinematogr\u00e1fico dos irm\u00e3os M\u00e1rio e Pedro Patroc\u00ednio, a dupla respons\u00e1vel pelo document\u00e1rio Complexo: Universo Paralelo que, em 2011, ganhou o Pr\u00e9mio Direitos Humanos no Artivist Film Festival, em Los Angeles (EUA).<\/p>\n<p>INFORMA\u00c7\u00c3O<\/p>\n<p dir=\"ltr\"><strong>Grande Entrevista<\/strong><br \/><strong>RTP Not\u00edcias, 23h15<\/strong><\/p>\n<p dir=\"ltr\">V\u00edtor Gon\u00e7alves entrevista Rui Cardoso, director do Departamento Central de Investiga\u00e7\u00e3o e Ac\u00e7\u00e3o Penal, com perguntas apontadas a investiga\u00e7\u00f5es de monta, como a <a href=\"https:\/\/www.publico.pt\/operacao-influencer\" rel=\"nofollow noopener\" target=\"_blank\">Opera\u00e7\u00e3o Influencer<\/a> ou o <a href=\"https:\/\/www.publico.pt\/Spinumviva\" rel=\"nofollow noopener\" target=\"_blank\">caso Spinumviva<\/a>.<\/p>\n","protected":false},"excerpt":{"rendered":"CINEMA Lamborghini: O Homem por Detr\u00e1s da LendaHollywood, 21h30 &#13; &#13; &#13; &#13; A vida pessoal e profissional&hellip;\n","protected":false},"author":2,"featured_media":191316,"comment_status":"","ping_status":"","sticky":false,"template":"","format":"standard","meta":{"footnotes":""},"categories":[142],"tags":[470,1413,1414,114,115,294,32,33,291,941,940,218,151],"class_list":{"0":"post-191315","1":"post","2":"type-post","3":"status-publish","4":"format-standard","5":"has-post-thumbnail","7":"category-tv","8":"tag-cinema","9":"tag-cultura-ipsilon","10":"tag-documentario","11":"tag-entertainment","12":"tag-entretenimento","13":"tag-lazer","14":"tag-portugal","15":"tag-pt","16":"tag-relaxar","17":"tag-series","18":"tag-streaming","19":"tag-televisao","20":"tag-tv"},"share_on_mastodon":{"url":"https:\/\/pubeurope.com\/@pt\/115731636242269217","error":""},"_links":{"self":[{"href":"https:\/\/www.europesays.com\/pt\/wp-json\/wp\/v2\/posts\/191315","targetHints":{"allow":["GET"]}}],"collection":[{"href":"https:\/\/www.europesays.com\/pt\/wp-json\/wp\/v2\/posts"}],"about":[{"href":"https:\/\/www.europesays.com\/pt\/wp-json\/wp\/v2\/types\/post"}],"author":[{"embeddable":true,"href":"https:\/\/www.europesays.com\/pt\/wp-json\/wp\/v2\/users\/2"}],"replies":[{"embeddable":true,"href":"https:\/\/www.europesays.com\/pt\/wp-json\/wp\/v2\/comments?post=191315"}],"version-history":[{"count":0,"href":"https:\/\/www.europesays.com\/pt\/wp-json\/wp\/v2\/posts\/191315\/revisions"}],"wp:featuredmedia":[{"embeddable":true,"href":"https:\/\/www.europesays.com\/pt\/wp-json\/wp\/v2\/media\/191316"}],"wp:attachment":[{"href":"https:\/\/www.europesays.com\/pt\/wp-json\/wp\/v2\/media?parent=191315"}],"wp:term":[{"taxonomy":"category","embeddable":true,"href":"https:\/\/www.europesays.com\/pt\/wp-json\/wp\/v2\/categories?post=191315"},{"taxonomy":"post_tag","embeddable":true,"href":"https:\/\/www.europesays.com\/pt\/wp-json\/wp\/v2\/tags?post=191315"}],"curies":[{"name":"wp","href":"https:\/\/api.w.org\/{rel}","templated":true}]}}