{"id":191317,"date":"2025-12-16T22:36:16","date_gmt":"2025-12-16T22:36:16","guid":{"rendered":"https:\/\/www.europesays.com\/pt\/191317\/"},"modified":"2025-12-16T22:36:16","modified_gmt":"2025-12-16T22:36:16","slug":"rolling-stones-desistem-de-turne-em-2026-saiba-o-motivo","status":"publish","type":"post","link":"https:\/\/www.europesays.com\/pt\/191317\/","title":{"rendered":"Rolling Stones desistem de turn\u00ea em 2026; saiba o motivo"},"content":{"rendered":"<p>Os Rolling Stones cancelaram os planos para fazer uma turn\u00ea por est\u00e1dios do Reino Unido e da Europa em 2026. A informa\u00e7\u00e3o foi dada por uma fonte pr\u00f3xima a banda \u00e0 Variety.<\/p>\n<p>Segundo o site da revista americana, a ideia de turn\u00ea n\u00e3o se concretizou porque o guitarrista Keith Richards n\u00e3o conseguiu se comprometer com uma excurs\u00e3o desta dimens\u00e3o devido a problemas relacionados \u00e0 artrite, doen\u00e7a com a qual ele lida h\u00e1 anos. Eles n\u00e3o chegaram a anunciar oficialmente os shows e nem as datas.<\/p>\n<p>Recentemente, o pianista dos Rolling Stones, Chuck Leavell, afirmou que a banda est\u00e1 finalizando um novo \u00e1lbum, o segundo seguido produzido por Andrew Watt, e a ideia era levar o trabalho \u00e0 estrada no ano que vem. A princ\u00edpio, a turn\u00ea rodaria o Reino Unido e depois outros pa\u00edses da Europa.<\/p>\n<p>Segundo a Variety, Keith Richards, que completa 82 anos nesta semana, estava em \u00f3tima forma durante um curto show, de apenas tr\u00eas m\u00fasicas, em Nova York, na semana passada. Mas n\u00e3o estaria pronto para aguentar uma sequ\u00eancia longa de apresenta\u00e7\u00f5es com a dimens\u00e3o de uma turn\u00ea dos Stones.<\/p>\n<p>A \u00faltima excurs\u00e3o dos Rolling Stones aconteceu em 2024, ap\u00f3s o lan\u00e7amento do \u00e1lbum &#8220;Hackney Diamonds&#8221;, no ano anterior. Hoje a banda conta com Mick Jagger, de 82 anos, Ron Wood, de 78, al\u00e9m de Richards, como integrantes principais, sendo que Steve Jordan assumiu a bateria ap\u00f3s a morte de Charlie Watts, em 2021.<\/p>\n","protected":false},"excerpt":{"rendered":"Os Rolling Stones cancelaram os planos para fazer uma turn\u00ea por est\u00e1dios do Reino Unido e da Europa&hellip;\n","protected":false},"author":2,"featured_media":191318,"comment_status":"","ping_status":"","sticky":false,"template":"","format":"standard","meta":{"footnotes":""},"categories":[141],"tags":[114,115,38532,149,150,3602,32,33,8665],"class_list":{"0":"post-191317","1":"post","2":"type-post","3":"status-publish","4":"format-standard","5":"has-post-thumbnail","7":"category-musica","8":"tag-entertainment","9":"tag-entretenimento","10":"tag-keith-richards","11":"tag-music","12":"tag-musica","13":"tag-novo-album","14":"tag-portugal","15":"tag-pt","16":"tag-rolling-stones"},"share_on_mastodon":{"url":"https:\/\/pubeurope.com\/@pt\/115731640172399717","error":""},"_links":{"self":[{"href":"https:\/\/www.europesays.com\/pt\/wp-json\/wp\/v2\/posts\/191317","targetHints":{"allow":["GET"]}}],"collection":[{"href":"https:\/\/www.europesays.com\/pt\/wp-json\/wp\/v2\/posts"}],"about":[{"href":"https:\/\/www.europesays.com\/pt\/wp-json\/wp\/v2\/types\/post"}],"author":[{"embeddable":true,"href":"https:\/\/www.europesays.com\/pt\/wp-json\/wp\/v2\/users\/2"}],"replies":[{"embeddable":true,"href":"https:\/\/www.europesays.com\/pt\/wp-json\/wp\/v2\/comments?post=191317"}],"version-history":[{"count":0,"href":"https:\/\/www.europesays.com\/pt\/wp-json\/wp\/v2\/posts\/191317\/revisions"}],"wp:featuredmedia":[{"embeddable":true,"href":"https:\/\/www.europesays.com\/pt\/wp-json\/wp\/v2\/media\/191318"}],"wp:attachment":[{"href":"https:\/\/www.europesays.com\/pt\/wp-json\/wp\/v2\/media?parent=191317"}],"wp:term":[{"taxonomy":"category","embeddable":true,"href":"https:\/\/www.europesays.com\/pt\/wp-json\/wp\/v2\/categories?post=191317"},{"taxonomy":"post_tag","embeddable":true,"href":"https:\/\/www.europesays.com\/pt\/wp-json\/wp\/v2\/tags?post=191317"}],"curies":[{"name":"wp","href":"https:\/\/api.w.org\/{rel}","templated":true}]}}