{"id":191321,"date":"2025-12-16T22:38:13","date_gmt":"2025-12-16T22:38:13","guid":{"rendered":"https:\/\/www.europesays.com\/pt\/191321\/"},"modified":"2025-12-16T22:38:13","modified_gmt":"2025-12-16T22:38:13","slug":"the-best-bernardo-silva-vota-em-vitinha-martinez-escolhe-nuno-mendes","status":"publish","type":"post","link":"https:\/\/www.europesays.com\/pt\/191321\/","title":{"rendered":"The Best: Bernardo Silva vota em Vitinha, Mart\u00ednez escolhe Nuno Mendes"},"content":{"rendered":"<p style=\"margin-bottom:11px\">Na qualidade de capit\u00e3o da Sele\u00e7\u00e3o, Bernardo Silva votou em Vitinha, Nuno Mendes e Demb\u00e9l\u00e9 para o pr\u00e9mio The Best, promovido pela FIFA. Por sua vez, Roberto Mart\u00ednez escolheu Nuno Mendes, Vitinha e Yamal.<\/p>\n<p>Numa extensa lista de votos, Vitinha mereceu os votos, por exemplo, dos media da Esc\u00f3cia, Julian Nagelsmann e de Modric. Ainda assim, os votos dos media portugueses foram para Demb\u00e9l\u00e9, Pedri e Nuno Mendes.<\/p>\n<p>Quanto a caras conhecidas do futebol nacional, James Rodr\u00edguez, Mbemba e Oblak colocaram o avan\u00e7ado Demb\u00e9l\u00e9 no primeiro lugar. Quanto a Vitinha, surge no terceiro lugar da lista do defesa ex-FC Porto.<\/p>\n<p>Vitinha e Nuno Mendes ficaram fora do p\u00f3dio do pr\u00e9mio de melhor jogador, mas integraram o <a href=\"https:\/\/maisfutebol.iol.pt\/the-best\/fifa\/the-best-vitinha-e-nuno-mendes-no-melhor-onze-de-2025\" target=\"_blank\" rel=\"nofollow noopener\"><strong>\u201conze ideal\u201d de 2025<\/strong><\/a>.<\/p>\n","protected":false},"excerpt":{"rendered":"Na qualidade de capit\u00e3o da Sele\u00e7\u00e3o, Bernardo Silva votou em Vitinha, Nuno Mendes e Demb\u00e9l\u00e9 para o pr\u00e9mio&hellip;\n","protected":false},"author":2,"featured_media":191322,"comment_status":"","ping_status":"","sticky":false,"template":"","format":"standard","meta":{"footnotes":""},"categories":[87],"tags":[5405,135,2698,82,436,46,9523,32,33,47,12996,4338,134,38533,7331],"class_list":{"0":"post-191321","1":"post","2":"type-post","3":"status-publish","4":"format-standard","5":"has-post-thumbnail","7":"category-desporto","8":"tag-bernardo-silva","9":"tag-desporto","10":"tag-fifa","11":"tag-internacional","12":"tag-made-in","13":"tag-maisfutebol","14":"tag-nuno-mendes","15":"tag-portugal","16":"tag-pt","17":"tag-pura-paixao","18":"tag-roberto-martinez","19":"tag-selecao","20":"tag-sports","21":"tag-the-best","22":"tag-vitinha"},"share_on_mastodon":{"url":"https:\/\/pubeurope.com\/@pt\/115731648155763067","error":""},"_links":{"self":[{"href":"https:\/\/www.europesays.com\/pt\/wp-json\/wp\/v2\/posts\/191321","targetHints":{"allow":["GET"]}}],"collection":[{"href":"https:\/\/www.europesays.com\/pt\/wp-json\/wp\/v2\/posts"}],"about":[{"href":"https:\/\/www.europesays.com\/pt\/wp-json\/wp\/v2\/types\/post"}],"author":[{"embeddable":true,"href":"https:\/\/www.europesays.com\/pt\/wp-json\/wp\/v2\/users\/2"}],"replies":[{"embeddable":true,"href":"https:\/\/www.europesays.com\/pt\/wp-json\/wp\/v2\/comments?post=191321"}],"version-history":[{"count":0,"href":"https:\/\/www.europesays.com\/pt\/wp-json\/wp\/v2\/posts\/191321\/revisions"}],"wp:featuredmedia":[{"embeddable":true,"href":"https:\/\/www.europesays.com\/pt\/wp-json\/wp\/v2\/media\/191322"}],"wp:attachment":[{"href":"https:\/\/www.europesays.com\/pt\/wp-json\/wp\/v2\/media?parent=191321"}],"wp:term":[{"taxonomy":"category","embeddable":true,"href":"https:\/\/www.europesays.com\/pt\/wp-json\/wp\/v2\/categories?post=191321"},{"taxonomy":"post_tag","embeddable":true,"href":"https:\/\/www.europesays.com\/pt\/wp-json\/wp\/v2\/tags?post=191321"}],"curies":[{"name":"wp","href":"https:\/\/api.w.org\/{rel}","templated":true}]}}