{"id":191325,"date":"2025-12-16T22:41:17","date_gmt":"2025-12-16T22:41:17","guid":{"rendered":"https:\/\/www.europesays.com\/pt\/191325\/"},"modified":"2025-12-16T22:41:17","modified_gmt":"2025-12-16T22:41:17","slug":"agencia-de-comunicacao-lg-e-destaque-no-ces-2026-innovation-awards","status":"publish","type":"post","link":"https:\/\/www.europesays.com\/pt\/191325\/","title":{"rendered":"Agencia de Comunicac\u00e3o &#8211; LG \u00e9 destaque no CES 2026 Innovation Awards"},"content":{"rendered":"<p class=\"prntac\">Empresa \u00e9 reconhecida em diversas categorias por suas solu\u00e7\u00f5es inteligentes para o dia a dia e conquista dois pr\u00eamios Best of Innovation<\/p>\n<p>S\u00c3O PAULO, 16 de dezembro de 2025 \/PRNewswire\/ \u2014 A LG Electronics (LG) foi reconhecida com diversos pr\u00eamios no CES(R) 2026 Innovation Awards, incluindo duas categorias do \u201cBest of Innovation\u201d, refor\u00e7ando sua lideran\u00e7a em solu\u00e7\u00f5es inteligentes de nova gera\u00e7\u00e3o e em excel\u00eancia em tecnologia de displays.<\/p>\n<p><a href=\"https:\/\/mma.prnewswire.com\/media\/2847133\/image__29.html\" target=\"_blank\" rel=\"nofollow noopener\">  <img decoding=\"async\" src=\"https:\/\/www.europesays.com\/pt\/wp-content\/uploads\/2025\/12\/image__29.jpg\" title=\"CES\" alt=\"CES\"\/><\/a><\/p>\n<p>Concedidos anualmente pela Consumer Technology Association (CTA) antes da CES (Consumer Electronics Show) \u2013 o maior evento de tecnologia e eletr\u00f4nicos de consumo do mundo \u2013 os Innovation Awards destacam produtos e servi\u00e7os inovadores que impulsionam o futuro da tecnologia e do design.<\/p>\n<p>As novas conquistas da LG abrangem v\u00e1rias categorias, com seus televisores e monitores OLED recebendo sozinhos cinco pr\u00eamios nas \u00e1reas de <b>Imagem<\/b>, <b>Gaming &amp; eSports<\/b> e <b>Hardware de Computadores e Componentes<\/b>. Entre os destaques est\u00e1 o <b>LG SIGNATURE OLED T<\/b>, que levou o pr\u00eamio <b>Best of Innovation<\/b> na categoria Imagem. O reconhecimento refor\u00e7a a lideran\u00e7a da LG em tecnologia OLED e seu compromisso em entregar novas experi\u00eancias e valor aos consumidores.<\/p>\n<p>Esta \u00e9 a <b>quarta vez consecutiva<\/b> que um televisor OLED da LG conquista o pr\u00eamio Best of Innovation. A marca vem de uma s\u00e9rie impressionante de vit\u00f3rias: o LG OLED evo com a tecnologia Brightness Enhancement (2025), a primeira OLED sem fio da empresa (2024) e a OLED gamer flex\u00edvel, LG OLED Flex (2023). Em 2026, o <b>primeiro televisor totalmente sem fios e transparente do mundo<\/b> \u2013 o LG SIGNATURE OLED T \u2013 d\u00e1 sequ\u00eancia a esse legado de inova\u00e7\u00e3o no topo da ind\u00fastria de TVs.<\/p>\n<p>O LG SIGNATURE OLED T redefine o conceito de experi\u00eancia visual com sua tela OLED transparente de 77 polegadas, resolu\u00e7\u00e3o 4K (3.840 x 2.160) e tecnologia de transmiss\u00e3o AV sem fio da LG. Com design revolucion\u00e1rio e desempenho excepcional, o modelo estabelece um novo padr\u00e3o para propostas imersivas. No m\u00eas passado, o OLED T ganhou destaque global no <b>APEC CEO Summit Korea 2025<\/b>, em Gyeongju, onde a LG utilizou 28 unidades do modelo para criar um imponente candelabro de m\u00eddia cin\u00e9tica \u2013 um exemplo marcante da vis\u00e3o da empresa para o futuro dos displays.<\/p>\n<p>A plataforma smart TV <b>webOS<\/b>, um dos pilares do neg\u00f3cio de servi\u00e7os baseados em plataforma da LG, tamb\u00e9m foi duplamente premiada este ano, nas categorias <b>Intelig\u00eancia Artificial<\/b> e <b>Ciberseguran\u00e7a<\/b>. \u00c9 o segundo ano consecutivo em que o webOS \u00e9 reconhecido na categoria de Ciberseguran\u00e7a, consolidando sua reputa\u00e7\u00e3o como uma plataforma de entretenimento segura e inteligente.<\/p>\n<p>Na categoria <b>Eletrodom\u00e9sticos<\/b>, a nova esta\u00e7\u00e3o embutida para o rob\u00f4 aspirador da LG recebeu um Innovation Award por seu design inteligente e funcionalidade avan\u00e7ada. Instalado em \u00e1reas pouco aproveitadas, como sob pias ou atr\u00e1s de portas, o equipamento permanece oculto quando n\u00e3o est\u00e1 em uso. Ele traz o <b>primeiro sistema de limpeza a vapor do mundo aplicado tanto ao rob\u00f4 quanto \u00e0 esta\u00e7\u00e3o<\/b>, elevando o n\u00edvel de desempenho e higiene na limpeza dom\u00e9stica.<\/p>\n<p>Outros produtos da LG reconhecidos no CES 2026 Innovation Awards incluem uma TV LCD premium com tecnologia Micro RGB; o <b>LG StanbyME 2<\/b>, tela port\u00e1til de nova gera\u00e7\u00e3o voltada ao estilo de vida; e o monitor profissional <b>LG UltraFine evo 6K<\/b>, o primeiro do mundo a oferecer resolu\u00e7\u00e3o 6K (6.144 \u00d7 3.456) e compatibilidade com a nova interface Thunderbolt(TM) 5.<\/p>\n<p>A lista completa dos produtos premiados da LG no CES 2026 ser\u00e1 divulgada durante o evento, em Las Vegas, no dia <b>6 de janeiro de 2026<\/b>.<\/p>\n<p class=\"prntaj\"><b>CONTATO ASSESSORIA DE IMPRENSA:<br \/><\/b>Alex de Cara \u2013 <a href=\"https:\/\/bluestudio.estadao.com.br\/agencia-de-comunicacao\/prnewswire\/lg-e-destaque-no-ces-2026-innovation-awards\/mailto:alex.cara@bursonglobal.com\" target=\"_blank\" rel=\"nofollow noopener\">alex.cara@bursonglobal.com<\/a><br \/>Celia Almudena \u2013 <a href=\"https:\/\/bluestudio.estadao.com.br\/agencia-de-comunicacao\/prnewswire\/lg-e-destaque-no-ces-2026-innovation-awards\/mailto:celia.almudena@bursonglobal.com\" target=\"_blank\" rel=\"nofollow noopener\">celia.almudena@bursonglobal.com<\/a><br \/>Edgard Assis \u2013 <a href=\"https:\/\/bluestudio.estadao.com.br\/agencia-de-comunicacao\/prnewswire\/lg-e-destaque-no-ces-2026-innovation-awards\/mailto:edgard.assis@bursonglobal.com\" target=\"_blank\" rel=\"nofollow noopener\">edgard.assis@bursonglobal.com<\/a><br \/>Julia Oliveira \u2013 <a href=\"https:\/\/bluestudio.estadao.com.br\/agencia-de-comunicacao\/prnewswire\/lg-e-destaque-no-ces-2026-innovation-awards\/mailto:julia.jacintho@bursonglobal.com\" target=\"_blank\" rel=\"nofollow noopener\">julia.jacintho@bursonglobal.com<\/a><\/p>\n<p class=\"prntaj\"><b>CONTATO \u2013 LG:<br \/><\/b>Angela Sakuma \u2013 <a href=\"https:\/\/bluestudio.estadao.com.br\/agencia-de-comunicacao\/prnewswire\/lg-e-destaque-no-ces-2026-innovation-awards\/mailto:angela.sakuma@lge.com\" target=\"_blank\" rel=\"nofollow noopener\">angela.sakuma@lge.com<\/a><br \/>Melissa Castro \u2013 <a href=\"https:\/\/bluestudio.estadao.com.br\/agencia-de-comunicacao\/prnewswire\/lg-e-destaque-no-ces-2026-innovation-awards\/mailto:melissa.castro@lge.com\" target=\"_blank\" rel=\"nofollow noopener\">melissa.castro@lge.com<\/a><\/p>\n<p><b>SOBRE A LG ELECTRONICS, INC.<br \/><\/b>A LG Electronics \u00e9 uma l\u00edder global em tecnologia e eletr\u00f4nicos de consumo, com presen\u00e7a em quase todos os pa\u00edses e uma for\u00e7a de trabalho internacional superior a 75 mil pessoas. A companhia reorganizou suas opera\u00e7\u00f5es em quatro divis\u00f5es de neg\u00f3cios: <b>Home Appliance Solution (HS), Media Entertainment Solution (MS), Vehicle Solution (VS) e Eco Solution (ES)<\/b>, redefinindo seus pap\u00e9is e identidades para acelerar sua vis\u00e3o de futuro at\u00e9 2030. Em 2024, as quatro divis\u00f5es combinadas geraram uma receita global de mais de 87,74 trilh\u00f5es de KRW (US$ 64,32 bilh\u00f5es). A LG \u00e9 reconhecida mundialmente por suas solu\u00e7\u00f5es inovadoras em TVs, eletrodom\u00e9sticos, ar-condicionado, monitores, componentes automotivos e solu\u00e7\u00f5es sustent\u00e1veis. Suas marcas premium LG SIGNATURE e a plataforma inteligente LG ThinQ refor\u00e7am o compromisso da empresa com inova\u00e7\u00e3o e qualidade. Para mais informa\u00e7\u00f5es, acesse: <a href=\"https:\/\/urldefense.com\/v3\/__http:\/www.lgnewsroom.com\/__;!!IfJP2Nwhk5Z0yJ43lA!JB8jB_aDq9q12ibgovI6-LbtY20JVh38xXUo475_MtX_u-KAleYlWRWWG4S7nFpo1h15OwLmCUvyCfYHbjftcyax$\" target=\"_blank\" rel=\"nofollow noopener\">www.LGnewsroom.com<\/a>.<\/p>\n<p><b>SOBRE A LG ELECTRONICS NO BRASIL<br \/><\/b>Presente no Brasil desde 1996, a LG Electronics oferece um amplo portf\u00f3lio com mais de 350 produtos, incluindo TVs, caixas de som, pain\u00e9is, monitores, som automotivo, equipamentos de inform\u00e1tica, ar-condicionado (residencial e comercial), produtos de linha branca e solu\u00e7\u00f5es corporativas. Alinhada \u00e0 nova estrutura global, a opera\u00e7\u00e3o brasileira integra iniciativas das quatro divis\u00f5es da LG: HS, MS, VS e ES. Nossa f\u00e1brica em Manaus produz a maior parte dos itens comercializados no Pa\u00eds, consolidando a subsidi\u00e1ria brasileira como uma das cinco maiores opera\u00e7\u00f5es da LG fora da Coreia. Com cerca de tr\u00eas mil colaboradores, a empresa conta com assist\u00eancia t\u00e9cnica e call center pr\u00f3prios, Business Solution Center em S\u00e3o Paulo e duas lojas conceito (Salvador e S\u00e3o Paulo) al\u00e9m de uma f\u00e1brica de Linha Branca em Constru\u00e7\u00e3o na regi\u00e3o metropolitana de Curitiba, Paran\u00e1.<\/p>\n<p><b>LIFE\u2019S GOOD<br \/><\/b>A LG Electronics tem como prop\u00f3sito central o bem-estar do consumidor, oferecendo produtos que trazem solu\u00e7\u00f5es pr\u00e1ticas e impacto real no conforto do dia a dia das pessoas ao redor do mundo. Esse \u00e9 o verdadeiro significado de \u2018Life\u2019s Good\u2019. Para levar essa filosofia al\u00e9m da experi\u00eancia com seus produtos, a empresa lan\u00e7ou iniciativas como o \u2018<a href=\"https:\/\/urldefense.com\/v3\/__https:\/radiooptimism.lg.com\/pt__;!!IfJP2Nwhk5Z0yJ43lA!M9j_zEjJ89z154ULUt6eY3pwOZwuH7e_L_9LnZBVfOAQjtfVtRxD67Yg1lYYYK9GYpGk097wTvqGv0zWHjEsPHZ3qw$\" target=\"_blank\" rel=\"nofollow noopener\">Radio Optimism<\/a>\u2018 \u2014 uma plataforma gratuita que transforma mensagens de carinho em m\u00fasicas personalizadas, com a miss\u00e3o de levar otimismo e aproximar as pessoas. Essa e outras a\u00e7\u00f5es da campanha \u2018Life\u2019s Good\u2019 buscam fortalecer conex\u00f5es mais profundas entre as pessoas, mostrando na pr\u00e1tica como a inova\u00e7\u00e3o da LG atua para tornar a vida genuinamente melhor.<\/p>\n<p><b>ACOMPANHE TODAS AS INFORMA\u00c7\u00d5ES NOS CANAIS LG<\/b><\/p>\n<p>Site: <a href=\"http:\/\/www.lg.com\/br\" target=\"_blank\" rel=\"nofollow noopener\">http:\/\/www.lg.com\/br<\/a> <br \/>Instagram: <a href=\"https:\/\/www.instagram.com\/lgbrasil\/\" target=\"_blank\" rel=\"nofollow noopener\">https:\/\/www.instagram.com\/lgbrasil\/<\/a> <br \/>Twitter: <a href=\"http:\/\/twitter.com\/lgdobrasil\" target=\"_blank\" rel=\"nofollow noopener\">http:\/\/twitter.com\/lgdobrasil<\/a> <br \/>YouTube: <a href=\"http:\/\/www.youtube.com\/lgdobrasil\" target=\"_blank\" rel=\"nofollow noopener\">http:\/\/www.youtube.com\/lgdobrasil<\/a> <br \/>Facebook: <a href=\"http:\/\/www.facebook.com\/lgdobrasil\" target=\"_blank\" rel=\"nofollow noopener\">http:\/\/www.facebook.com\/lgdobrasil<\/a> <br \/>Linkedin: <a href=\"https:\/\/www.linkedin.com\/company\/lg-electronics-brasil\" target=\"_blank\" rel=\"nofollow noopener\">www.linkedin.com\/company\/lg-electronics-brasil<\/a><\/p>\n<p class=\"prntac\"><b>LG ELECTRONICS \u2013 SAC<br \/><\/b>4004 5400 (Capitais e regi\u00f5es metropolitanas)<br \/>0800 707 5454 (Demais localidades)<\/p>\n<p>Foto \u2013 <a href=\"https:\/\/www.europesays.com\/pt\/wp-content\/uploads\/2025\/12\/image__29.jpg\" target=\"_blank\" rel=\"nofollow\">https:\/\/www.europesays.com\/pt\/wp-content\/uploads\/2025\/12\/image__29.jpg<\/a><\/p>\n<p id=\"PURL\"><img loading=\"lazy\" decoding=\"async\" title=\"Cision\" width=\"12\" height=\"12\" alt=\"Cision\" src=\"https:\/\/www.europesays.com\/pt\/wp-content\/uploads\/2025\/12\/1765924877_414_favicon.png\"\/> View original content to download multimedia:<a id=\"PRNURL\" rel=\"nofollow noopener\" href=\"https:\/\/www.prnewswire.com\/br\/comunicados-para-a-imprensa\/lg-e-destaque-no-ces-2026-innovation-awards-302643961.html\" target=\"_blank\">https:\/\/www.prnewswire.com\/br\/comunicados-para-a-imprensa\/lg-e-destaque-no-ces-2026-innovation-awards-302643961.html<\/a><\/p>\n<p>FONTE LG Electronics Brasil<\/p>\n<p><strong>T\u00f3picos Relacionados:<\/strong> Not\u00edcias de Feiras Comerciais, Produtos Dom\u00e9sticos, Varejo, Pr\u00eamios, Eletr\u00f4nicos de Consumo, Dom\u00e9stico\/Consumidor\/Cosm\u00e9ticos, Computador\/Eletr\u00f4nica, Entretenimento<\/p>\n<p>A <b>OESP<\/b> n\u00e3o \u00e9(s\u00e3o) respons\u00e1vel(is) por erros, incorre\u00e7\u00f5es, atrasos ou quaisquer decis\u00f5es tomadas por seus clientes com base nos Conte\u00fados ora disponibilizados, bem como tais Conte\u00fados n\u00e3o representam a opini\u00e3o da <b>OESP<\/b> e s\u00e3o de inteira responsabilidade da <b>PR Newswire Ltda<\/b><\/p>\n<p><script async src=\"https:\/\/platform.twitter.com\/widgets.js\" charset=\"utf-8\"><\/script><script async src=\"\/\/www.instagram.com\/embed.js\"><\/script><\/p>\n","protected":false},"excerpt":{"rendered":"Empresa \u00e9 reconhecida em diversas categorias por suas solu\u00e7\u00f5es inteligentes para o dia a dia e conquista dois&hellip;\n","protected":false},"author":2,"featured_media":191326,"comment_status":"","ping_status":"","sticky":false,"template":"","format":"standard","meta":{"footnotes":""},"categories":[84],"tags":[109,107,108,32,33,105,103,104,106,110],"class_list":{"0":"post-191325","1":"post","2":"type-post","3":"status-publish","4":"format-standard","5":"has-post-thumbnail","7":"category-ciencia-e-tecnologia","8":"tag-ciencia","9":"tag-ciencia-e-tecnologia","10":"tag-cienciaetecnologia","11":"tag-portugal","12":"tag-pt","13":"tag-science","14":"tag-science-and-technology","15":"tag-scienceandtechnology","16":"tag-technology","17":"tag-tecnologia"},"share_on_mastodon":{"url":"https:\/\/pubeurope.com\/@pt\/115731659958949210","error":""},"_links":{"self":[{"href":"https:\/\/www.europesays.com\/pt\/wp-json\/wp\/v2\/posts\/191325","targetHints":{"allow":["GET"]}}],"collection":[{"href":"https:\/\/www.europesays.com\/pt\/wp-json\/wp\/v2\/posts"}],"about":[{"href":"https:\/\/www.europesays.com\/pt\/wp-json\/wp\/v2\/types\/post"}],"author":[{"embeddable":true,"href":"https:\/\/www.europesays.com\/pt\/wp-json\/wp\/v2\/users\/2"}],"replies":[{"embeddable":true,"href":"https:\/\/www.europesays.com\/pt\/wp-json\/wp\/v2\/comments?post=191325"}],"version-history":[{"count":0,"href":"https:\/\/www.europesays.com\/pt\/wp-json\/wp\/v2\/posts\/191325\/revisions"}],"wp:featuredmedia":[{"embeddable":true,"href":"https:\/\/www.europesays.com\/pt\/wp-json\/wp\/v2\/media\/191326"}],"wp:attachment":[{"href":"https:\/\/www.europesays.com\/pt\/wp-json\/wp\/v2\/media?parent=191325"}],"wp:term":[{"taxonomy":"category","embeddable":true,"href":"https:\/\/www.europesays.com\/pt\/wp-json\/wp\/v2\/categories?post=191325"},{"taxonomy":"post_tag","embeddable":true,"href":"https:\/\/www.europesays.com\/pt\/wp-json\/wp\/v2\/tags?post=191325"}],"curies":[{"name":"wp","href":"https:\/\/api.w.org\/{rel}","templated":true}]}}