{"id":191338,"date":"2025-12-16T23:00:21","date_gmt":"2025-12-16T23:00:21","guid":{"rendered":"https:\/\/www.europesays.com\/pt\/191338\/"},"modified":"2025-12-16T23:00:21","modified_gmt":"2025-12-16T23:00:21","slug":"pragmata-desperta-elevado-interesse-eurogamer-pt","status":"publish","type":"post","link":"https:\/\/www.europesays.com\/pt\/191338\/","title":{"rendered":"Pragmata desperta elevado interesse | Eurogamer.pt"},"content":{"rendered":"<p>A Capcom agradeceu a todos os jogadores que j\u00e1 manifestaram o seu interesse por Pragmata, uma nova propriedade intelectual que est\u00e1 a produzir para lan\u00e7ar em abril de 2026.<\/p>\n<p>Pragmata recebeu recentemente uma demonstra\u00e7\u00e3o jog\u00e1vel para PC (chegar\u00e1 \u00e0 PS5, Xbox Series e Nintendo <a href=\"https:\/\/www.eurogamer.pt\/tudo-o-que-foi-anunciado-na-nintendo-direc-da-switch-2\" rel=\"nofollow noopener\" target=\"_blank\">Switch 2<\/a> em breve), um novo trailer e a data de lan\u00e7amento para 24 de abril de 2026, o que ajudou a chamar a aten\u00e7\u00e3o para o jogo e a registar um forte n\u00edvel de interesse.<\/p>\n<p>De acordo com a Capcom, mais de 1 milh\u00e3o de jogadores j\u00e1 adicionaram Pragmata \u00e0 sua lista de desejos, sugerindo que o v\u00e3o comprar no lan\u00e7amento ou pelo menos manter no radar para adquirir quando conseguirem. Isto n\u00e3o representa unidades vendidas, mas \u00e9 um sinal empolgante de curiosidade em torno do jogo.<\/p>\n<p>Pragmata \u00e9 uma nova propriedade intelectual da Capcom, que ap\u00f3s Kunitsu-Gami e Exoprimal parece disposta a apresentar experi\u00eancias fora da caixa, enquanto continua a apostar nas suas principais s\u00e9ries para alcan\u00e7ar jogadores em todo o mundo.<\/p>\n","protected":false},"excerpt":{"rendered":"A Capcom agradeceu a todos os jogadores que j\u00e1 manifestaram o seu interesse por Pragmata, uma nova propriedade&hellip;\n","protected":false},"author":2,"featured_media":191339,"comment_status":"","ping_status":"","sticky":false,"template":"","format":"standard","meta":{"footnotes":""},"categories":[84],"tags":[109,107,108,32,33,105,103,104,106,110],"class_list":{"0":"post-191338","1":"post","2":"type-post","3":"status-publish","4":"format-standard","5":"has-post-thumbnail","7":"category-ciencia-e-tecnologia","8":"tag-ciencia","9":"tag-ciencia-e-tecnologia","10":"tag-cienciaetecnologia","11":"tag-portugal","12":"tag-pt","13":"tag-science","14":"tag-science-and-technology","15":"tag-scienceandtechnology","16":"tag-technology","17":"tag-tecnologia"},"share_on_mastodon":{"url":"https:\/\/pubeurope.com\/@pt\/115731734402545111","error":""},"_links":{"self":[{"href":"https:\/\/www.europesays.com\/pt\/wp-json\/wp\/v2\/posts\/191338","targetHints":{"allow":["GET"]}}],"collection":[{"href":"https:\/\/www.europesays.com\/pt\/wp-json\/wp\/v2\/posts"}],"about":[{"href":"https:\/\/www.europesays.com\/pt\/wp-json\/wp\/v2\/types\/post"}],"author":[{"embeddable":true,"href":"https:\/\/www.europesays.com\/pt\/wp-json\/wp\/v2\/users\/2"}],"replies":[{"embeddable":true,"href":"https:\/\/www.europesays.com\/pt\/wp-json\/wp\/v2\/comments?post=191338"}],"version-history":[{"count":0,"href":"https:\/\/www.europesays.com\/pt\/wp-json\/wp\/v2\/posts\/191338\/revisions"}],"wp:featuredmedia":[{"embeddable":true,"href":"https:\/\/www.europesays.com\/pt\/wp-json\/wp\/v2\/media\/191339"}],"wp:attachment":[{"href":"https:\/\/www.europesays.com\/pt\/wp-json\/wp\/v2\/media?parent=191338"}],"wp:term":[{"taxonomy":"category","embeddable":true,"href":"https:\/\/www.europesays.com\/pt\/wp-json\/wp\/v2\/categories?post=191338"},{"taxonomy":"post_tag","embeddable":true,"href":"https:\/\/www.europesays.com\/pt\/wp-json\/wp\/v2\/tags?post=191338"}],"curies":[{"name":"wp","href":"https:\/\/api.w.org\/{rel}","templated":true}]}}