{"id":191357,"date":"2025-12-16T23:17:24","date_gmt":"2025-12-16T23:17:24","guid":{"rendered":"https:\/\/www.europesays.com\/pt\/191357\/"},"modified":"2025-12-16T23:17:24","modified_gmt":"2025-12-16T23:17:24","slug":"cotrim-diz-que-qualidades-de-seguro-nao-chegam-socialista-acusa-o-de-inclinar-pais-a-direita","status":"publish","type":"post","link":"https:\/\/www.europesays.com\/pt\/191357\/","title":{"rendered":"Cotrim diz que qualidades de Seguro n\u00e3o chegam, socialista acusa-o de inclinar pa\u00eds \u00e0 direita"},"content":{"rendered":"<p>O candidato liberal come\u00e7ou por dizer ser \u201cum gosto particular\u201d debater com o socialista, a quem reconhece \u201cqualidades de integridade e transpar\u00eancia\u201d, mas considerou que isso \u201cn\u00e3o chega\u201d.<\/p>\n<p><b>\u201cSe nem no PS consegue fazer o pleno, dificilmente conseguir\u00e1 fazer isso no pa\u00eds\u201d<\/b>, apontou Cotrim.<\/p>\n<p>Respondendo a uma quest\u00e3o do jornalista V\u00edtor Gon\u00e7alves sobre as negocia\u00e7\u00f5es entre Governo e UGT acerca da lei laboral, o candidato apoiado pela Iniciativa Liberal disse esperar que a reuni\u00e3o desta ter\u00e7a-feira conduza \u201ca um acordo que possa ser aceit\u00e1vel para ambas as partes\u201d e que \u201cn\u00e3o constitua um recuo do Governo\u201d.<br \/>&#13;\n<\/p>\n<p>          <img decoding=\"async\" itemprop=\"image\" class=\"img-fluid\"   src=\"https:\/\/www.europesays.com\/pt\/wp-content\/uploads\/2025\/12\/81ed3fb3f059aaf17506620cee13d667_N.jpg\"\/><\/p>\n<p>\nNa sua interven\u00e7\u00e3o, Ant\u00f3nio Jos\u00e9 Seguro diferenciou-se de Cotrim de Figueiredo quanto \u00e0 reforma laboral. \u201cA nossa diferen\u00e7a \u00e9 que eu vetaria tal como estava e o meu advers\u00e1rio promulgaria tal como estava\u201d, declarou.<\/p>\n<p>Na vis\u00e3o do socialista, isto demonstra que <b>a eventual elei\u00e7\u00e3o do liberal como presidente \u201crefor\u00e7ava o poder absoluto que j\u00e1 existe no espectro pol\u00edtico da direita em Portugal\u201d<\/b>.<\/p>\n<p>\u201cN\u00f3s precisamos de ter sensibilidade social, equilibrar o sistema pol\u00edtico, e eu sou o \u00fanico candidato que pode contribuir para essa modera\u00e7\u00e3o\u201d, defendeu.&#13;\n<\/p>\n<p>&#13;<br \/>\nPara o socialista, a proposta laboral do Governo \u201cinduz precariedade e, como est\u00e1 demonstrado atrav\u00e9s de evid\u00eancia cient\u00edfica, a precariedade (\u2026) faz com que muitos casais adiem o seu primeiro filho, e portanto isso diminui a natalidade quando n\u00f3s precis\u00e1vamos de rejuvenescer a nossa base demogr\u00e1fica em Portugal\u201d.&#13;\n<\/p>\n<p>Jo\u00e3o Cotrim de Figueiredo <b>disse ser \u201cuma teoria muito perigosa\u201d a de que um candidato \u00e0 Presid\u00eancia deve ser eleito por ter \u201cuma cor diferente do Governo\u201d<\/b>, j\u00e1 que \u201cpressup\u00f5e que, n\u00e3o vindo da mesma \u00e1rea pol\u00edtica, \u00e9 imposs\u00edvel n\u00e3o ser independente nesta mat\u00e9ria\u201d.<\/p>\n<p>Seguro explicou que \u201co nosso sistema de Governo precisa de equil\u00edbrio e de sensibilidade social\u201d e que se fosse Cotrim o presidente este \u201cpromulgaria\u201d a lei laboral \u201ctal como est\u00e1\u201d e isso n\u00e3o representaria \u201ctodo o pa\u00eds\u201d.&#13;\n<\/p>\n<p>&#13;<br \/>\nSeguro considera sa\u00fade mais urgente do que reforma laboral&#13;\n<\/p>\n<p>\u201cEste Governo tinha tanto por onde come\u00e7ar como prioridade\u201d, acusou o socialista. \u201c<b>Podia ter come\u00e7ado por uma proposta para que reorganizasse melhor o Servi\u00e7o Nacional de Sa\u00fade<\/b>, de modo a que os portugueses pudessem aceder a tempo e horas aos cuidados de sa\u00fade, coisa que n\u00e3o acontece neste momento\u201d. \u201cPorque \u00e9 que \u00e9 esta a prioridade [a reforma laboral] se ela n\u00e3o apareceu na proposta eleitoral?\u201d, questionou Seguro.<\/p>\n<p>Ant\u00f3nio Jos\u00e9 Seguro considerou mais urgente, por exemplo, a necessidade de tornar atrativas as profiss\u00f5es do SNS. \u201cN\u00f3s precisamos de captar os melhores. O nosso pa\u00eds tem um r\u00e1cio superior \u00e0 m\u00e9dia europeia em termos de m\u00e9dicos por 100 mil habitantes. No entanto, eles n\u00e3o est\u00e3o no SNS\u201d, constatou.<\/p>\n<p>O candidato presidencial considerou que <b>\u201cn\u00f3s precisamos de ter um pacto de m\u00e9dio prazo e n\u00e3o um pacto de curto prazo\u201d na sa\u00fade<\/b>.<\/p>\n<p>Jo\u00e3o Cotrim de Figueiredo respondeu que \u201cgostava de perceber o que \u00e9 a \u2018nova organiza\u00e7\u00e3o da sa\u00fade\u2019\u201d, ao que Seguro retorquiu que \u201ca t\u00e9cnica\u201d do liberal neste debate \u00e9 fazer-lhe perguntas \u201cpara depois ganhar tempo\u201d.<\/p>\n<p>\u201cO senhor na forma \u00e9 ex\u00edmio, e tamb\u00e9m no marketing. Deixe-me dar-lhe os parab\u00e9ns. Mas isso n\u00e3o faz um presidente\u201d, apontou o candidato apoiado pelo PS.&#13;\n<\/p>\n<p>&#13;<br \/>\nCotrim de Figueiredo respondeu que &#8220;estamos num debate entre candidatos \u00e0 Presid\u00eancia da Rep\u00fablica e acho que temos o direito de saber o que \u00e9 que as pessoas defendem&#8221;.&#13;\n<\/p>\n<p>Cotrim diz que promulgaria Lei da Nacionalidade<br \/>\nAo abordar a decis\u00e3o do Tribunal Constitucional de chumbar a altera\u00e7\u00e3o \u00e0 lei penal integrada na nova legisla\u00e7\u00e3o sobre a nacionalidade, o candidato da \u00e1rea liberal considerou que esta &#8220;j\u00e1 era esperada&#8221; e que o TC decidiu &#8220;bem&#8221;.<\/p>\n<p>Quanto ao chumbo de outras normas consideradas inconstitucionais, Cotrim de Figueiredo classificou-o como &#8220;o normal funcionamento das institui\u00e7\u00f5es&#8221;.<\/p>\n<p>Das oito normas de que foi pedida fiscaliza\u00e7\u00e3o, tr\u00eas foram aprovadas e, das cinco chumbadas, s\u00f3 uma lhe pareceu interessante discutir: a que abrange o impedimento de atribui\u00e7\u00e3o da nacionalidade a pessoas condenadas por crimes que ao abrigo da lei portuguesa tenham pena superior a dois anos.<\/p>\n<p>&#8220;A exig\u00eancia de um registo criminal limpo n\u00e3o me parece extraordin\u00e1ria&#8221;, considerou. <b>Cotrim afirmou ainda esperar que, quando os partidos que apoiaram a lei tiverem de a rever em sede da Assembleia, &#8220;n\u00e3o entrem em bra\u00e7o de ferro com o TC&#8221;<\/b>. <\/p>\n<p>O candidato referiu que assim &#8220;ningu\u00e9m ganha&#8221;, lamentando tal cen\u00e1rio j\u00e1 que a lei &#8220;\u00e9 necess\u00e1ria&#8221;.<br \/>&#13;\n<\/p>\n<p>          <img decoding=\"async\" itemprop=\"image\" class=\"img-fluid\"   src=\"https:\/\/www.europesays.com\/pt\/wp-content\/uploads\/2025\/12\/81ed3fb3f059aaf17506620cee13d667_N.jpg\"\/><\/p>\n<p>\nAnt\u00f3nio Jos\u00e9 Seguro passou ao ataque, manifestando-se &#8220;estupefacto&#8221; com a posi\u00e7\u00e3o do advers\u00e1rio, porque &#8220;na Goleg\u00e3&#8221; Cotrim de Figueiredo disse que &#8220;aprovaria esta lei&#8221;, perante o sil\u00eancio do liberal.<\/p>\n<p>&#8220;Em que \u00e9 que ficamos?&#8221; questionou o candidato apoiado pelo Partido Socialista.<\/p>\n<p><b>&#8220;Promulgava esta lei&#8221;, respondeu Cotrim. &#8220;Estou esclarecido&#8221;, retorquiu Seguro<\/b>, perante um rival atrapalhado com a quest\u00e3o.&#13;\n<\/p>\n<p>Candidatos de acordo quanto \u00e0 gravidade da crise demogr\u00e1fica<br \/>\nNa eventualidade de ser eleito, o socialista garantiu que ir\u00e1 &#8220;cooperar institucionalmente com o Governo&#8221;, refor\u00e7ando que ir\u00e1 apresentar ao primeiro-ministro, nas reuni\u00f5es semanais entre ambos, &#8220;os objetivos que considero essenciais&#8221;. <\/p>\n<p>Entre estes, Seguro elencou a necessidade de o pa\u00eds &#8220;criar riqueza&#8221; e um &#8220;Estado eficiente, organizado&#8221;. <b>&#8220;Sinto que o Estado est\u00e1 a abrir muitas frechas&#8221;.<\/b><\/p>\n<p>Quanto a recomenda\u00e7\u00f5es de substitui\u00e7\u00e3o de membros do Executivo, tal conversa ser\u00e1 &#8220;privada&#8221;, em nome da &#8220;solidariedade institucional&#8221;, atitude \u00e0 qual Cotrim de Figueiredo anuiu.<\/p>\n<p>O candidato liberal afirmou igualmente que os presidentes &#8220;devem ter a obriga\u00e7\u00e3o de colaborarem institucionalmente com o Governo, de facilitarem a a\u00e7\u00e3o do Governo no exerc\u00edcio da sua atividade governativa&#8221; sendo ainda &#8220;exigentes nas reuni\u00f5es que t\u00eam&#8221;.<\/p>\n<p>&#8220;A minha no\u00e7\u00e3o de interven\u00e7\u00e3o \u00e9 um bocadinho diferente&#8221;, apontou, depois de invocar a necessidade de &#8220;conhecimento t\u00e9cnico&#8221; das propostas a discutir para pressionar o Executivo. <b>Cotrim de Figueiredo quer que temas como Sa\u00fade, Educa\u00e7\u00e3o, Migra\u00e7\u00f5es e Seguran\u00e7a, &#8220;n\u00e3o saiam da agenda de preocupa\u00e7\u00e3o do Governo&#8221;.<\/b><\/p>\n<p>O futuro tem tamb\u00e9m de ser acautelado. &#8220;Um pa\u00eds que funcione hoje tem tamb\u00e9m de ser um pa\u00eds que funcione amanh\u00e3&#8221;, afirmou, como a demografia ou os problemas da terceira idade. <b>&#8220;Em 2050 vamos ter mais de um ter\u00e7o da nossa popula\u00e7\u00e3o com ais de 65 anos&#8221;<\/b>, lembrou.<\/p>\n<p>Seguro aproveitou para esclarecer que &#8220;n\u00e3o serei um primeiro-ministro sombra em Bel\u00e9m&#8221; e lembrou a vantagem da sua experi\u00eancia governativa que lhe permitiu conhecer bem o &#8220;sistema de governo&#8221;. &#8220;Uma vantagem em rela\u00e7\u00e3o ao meu advers\u00e1rio&#8221;, afirmou.<\/p>\n<p>Os dois concordaram na necessidade e na forma de responder \u00e0 crise demogr\u00e1fica do pa\u00eds.&#13;\n<\/p>\n<p>Pol\u00edtica dos EUA face \u00e0 Europa esteve em debate<br \/>\nAo retomar a palavra, Cotrim de Figueiredo recordou os &#8220;35 anos de experi\u00eancia profissional\u201d que possui. <\/p>\n<p>&#8220;Se tivesse dez anos de experi\u00eancia em iniciativa privada saberia com certeza que esse tipo de incentivos fiscais&#8221;, como os que pretendem levar as PME a fundirem-se e que j\u00e1 existem no c\u00f3digo do IRS&#8221;, &#8220;n\u00e3o funciona&#8221;, desafiou o liberal.<\/p>\n<p>A resposta est\u00e1 na celeridade e desburocratiza\u00e7\u00e3o dos investimentos, considerou, &#8220;com c\u00f3digos fiscais muito mais simples&#8221;.<\/p>\n<p>Um tema que assinalou a diferen\u00e7a de projetos econ\u00f3micos de futuro de ambos os candidatos.<\/p>\n<p>Os dois concordaram contudo na an\u00e1lise \u00e0 pol\u00edtica norte-americana face \u00e0 Europa. Seguro afirmou que <b>os &#8220;Estados Unidos n\u00e3o t\u00eam de se envolver na pol\u00edtica interna europeia&#8221;<\/b>, defendendo que a Europa deve &#8220;aprofundar a sua autonomia estrat\u00e9gica&#8221; e Cotrim de Figueiredo disse acreditar que <b>o presidente Donald Trump tem medo da uni\u00e3o e da for\u00e7a da Uni\u00e3o Europeia<\/b>, se esta se conseguir organizar.&#13;\n<\/p>\n<p>&#13;<br \/>\nSeguro nega &#8220;encontros informais&#8221; com Ventura&#13;\n<\/p>\n<p>No in\u00edcio do debate, Ant\u00f3nio Jos\u00e9 Seguro aproveitou para fazer uma \u201cclarifica\u00e7\u00e3o\u201d relativa ao debate de segunda-feira entre Andr\u00e9 Ventura e Henrique Gouveia e Melo, no qual o l\u00edder do Chega \u201cinsinuou que tinha tido encontros informais\u201d com o socialista.<\/p>\n<p>\u201cEu quero dizer que isso \u00e9 completamente falso. <b>Se ele entende que deve andar de bra\u00e7o dado em almo\u00e7os secretos com Henrique Gouveia e Melo, isso \u00e9 um problema do deputado Andr\u00e9 Ventura.<\/b> Agora a pol\u00edtica, na minha opini\u00e3o, n\u00e3o se faz assim. Faz-se com clareza, faz-se com transpar\u00eancia, n\u00e3o se faz com insinua\u00e7\u00f5es\u201d, vincou.<\/p>\n","protected":false},"excerpt":{"rendered":"O candidato liberal come\u00e7ou por dizer ser \u201cum gosto particular\u201d debater com o socialista, a quem reconhece \u201cqualidades&hellip;\n","protected":false},"author":2,"featured_media":191358,"comment_status":"","ping_status":"","sticky":false,"template":"","format":"standard","meta":{"footnotes":""},"categories":[10],"tags":[3399,27,28,14074,2258,15,16,14,10662,17460,25,26,7197,21,22,12,13,19,20,32,5215,23,24,455,33,17,18,29,30,31],"class_list":{"0":"post-191357","1":"post","2":"type-post","3":"status-publish","4":"format-standard","5":"has-post-thumbnail","7":"category-portugal","8":"tag-antonio-jose-seguro","9":"tag-breaking-news","10":"tag-breakingnews","11":"tag-debate","12":"tag-eleicoes","13":"tag-featured-news","14":"tag-featurednews","15":"tag-headlines","16":"tag-il","17":"tag-joao-cotrim-de-figueiredo","18":"tag-latest-news","19":"tag-latestnews","20":"tag-lei-laboral","21":"tag-main-news","22":"tag-mainnews","23":"tag-news","24":"tag-noticias","25":"tag-noticias-principais","26":"tag-noticiasprincipais","27":"tag-portugal","28":"tag-presidenciais","29":"tag-principais-noticias","30":"tag-principaisnoticias","31":"tag-ps","32":"tag-pt","33":"tag-top-stories","34":"tag-topstories","35":"tag-ultimas","36":"tag-ultimas-noticias","37":"tag-ultimasnoticias"},"share_on_mastodon":{"url":"","error":"Validation failed: Text character limit of 500 exceeded"},"_links":{"self":[{"href":"https:\/\/www.europesays.com\/pt\/wp-json\/wp\/v2\/posts\/191357","targetHints":{"allow":["GET"]}}],"collection":[{"href":"https:\/\/www.europesays.com\/pt\/wp-json\/wp\/v2\/posts"}],"about":[{"href":"https:\/\/www.europesays.com\/pt\/wp-json\/wp\/v2\/types\/post"}],"author":[{"embeddable":true,"href":"https:\/\/www.europesays.com\/pt\/wp-json\/wp\/v2\/users\/2"}],"replies":[{"embeddable":true,"href":"https:\/\/www.europesays.com\/pt\/wp-json\/wp\/v2\/comments?post=191357"}],"version-history":[{"count":0,"href":"https:\/\/www.europesays.com\/pt\/wp-json\/wp\/v2\/posts\/191357\/revisions"}],"wp:featuredmedia":[{"embeddable":true,"href":"https:\/\/www.europesays.com\/pt\/wp-json\/wp\/v2\/media\/191358"}],"wp:attachment":[{"href":"https:\/\/www.europesays.com\/pt\/wp-json\/wp\/v2\/media?parent=191357"}],"wp:term":[{"taxonomy":"category","embeddable":true,"href":"https:\/\/www.europesays.com\/pt\/wp-json\/wp\/v2\/categories?post=191357"},{"taxonomy":"post_tag","embeddable":true,"href":"https:\/\/www.europesays.com\/pt\/wp-json\/wp\/v2\/tags?post=191357"}],"curies":[{"name":"wp","href":"https:\/\/api.w.org\/{rel}","templated":true}]}}