{"id":191405,"date":"2025-12-17T00:00:39","date_gmt":"2025-12-17T00:00:39","guid":{"rendered":"https:\/\/www.europesays.com\/pt\/191405\/"},"modified":"2025-12-17T00:00:39","modified_gmt":"2025-12-17T00:00:39","slug":"antram-bloqueios-em-franca-2","status":"publish","type":"post","link":"https:\/\/www.europesays.com\/pt\/191405\/","title":{"rendered":"ANTRAM :: Bloqueios em Fran\u00e7a"},"content":{"rendered":"<p>(atualizado \u00e0s 18h00)<\/p>\n<p>O Governo Regional do Pa\u00eds Basco, em coordena\u00e7\u00e3o \u2014 segundo eles \u2014 com as autoridades francesas, acaba de informar sobre uma altera\u00e7\u00e3o de \u00faltima hora dos plano iniciais, em rela\u00e7\u00e3o ao hor\u00e1rio de passagem dos cami\u00f5es.<\/p>\n<p>Foi estabelecido o seguinte hor\u00e1rio para a passagem da fronteira em Biriatou em direc\u00e7\u00e3o a Bayonne para ve\u00edculos de transporte de mercadorias com mais de 7,5 toneladas:<br \/>&#8211; Das 18h00 \u00e0s 20h00: passagem controlada de um m\u00e1ximo de 200 cami\u00f5es por hora ao contr\u00e1rio do anteriormente previsto que seria das 7h00 \u00e0s 17h00.<\/p>\n<p>(atualizado \u00e0s 17h20)<\/p>\n<p class=\"MsoNormal\">De acordo com uma informa\u00e7\u00e3o agora recebida, <strong>a situa\u00e7\u00e3o continua particularmente grave no sudoeste franc\u00eas<\/strong>, estendendo-se at\u00e9 \u00e0 extremidade norte da regi\u00e3o do Mediterr\u00e2neo. <\/p>\n<p>Na fronteira espanhola, do lado do Pa\u00eds Basco, apesar das autoridades terem revogado esta tarde as restri\u00e7\u00f5es de circula\u00e7\u00e3o com hor\u00e1rios estipulados para circula\u00e7\u00e3o (ver essa informa\u00e7\u00e3o na atualiza\u00e7\u00e3o efetuada \u00e0s 16h30-mais em baixo no hist\u00f3rico), a verdade \u00e9 que os cami\u00f5es continuam bloqueados. <\/p>\n<p>No sector centro-oeste, os protestos parecem estar a deslocar-se para norte e est\u00e3o agora a alastrar em direc\u00e7\u00e3o a Poitiers, na N10, bem como aos departamentos de Creuse e Deux-S\u00e8vres. <\/p>\n<p>Na regi\u00e3o de \u00cele-de-France (regi\u00e3o de Paris), a N12 foi encerrada no departamento de Yvelines (78). <\/p>\n<p>No sudeste, est\u00e3o em curso v\u00e1rias a\u00e7\u00f5es lideradas pelos agricultores na N132 e N122 em Cantal (15) e na A43 em Is\u00e8re (38). A N132 est\u00e1 igualmente bloqueada.<\/p>\n<p style=\"margin: 0cm; margin-bottom: .0001pt; text-align: justify;\">Mais informa\u00e7\u00f5es e atualiza\u00e7\u00f5es sobre o estado do tr\u00e2nsito noutros locais do territ\u00f3rio franc\u00eas dispon\u00edveis em:\u00a0 <a href=\"https:\/\/www.fntr.fr\/espace-presse\/actualites-agenda\/infos-alerte-circulation\" rel=\"nofollow noopener\" target=\"_blank\">https:\/\/www.fntr.fr\/espace-presse\/actualites-agenda\/infos-alerte-circulation<\/a>\u00a0\u00a0<\/p>\n<p>\u00a0<\/p>\n<p>Consulte igualmente em baixo, o estado do tr\u00e2nsito em tempo real no territ\u00f3rio espanhol.<br \/><strong><br \/><\/strong><strong>Espanha:\u00a0<\/strong><br \/>&#8211; Catalunha:<br \/><a href=\"https:\/\/cit.transit.gencat.cat\/cit\/AppJava\/views\/incidents.xhtml\" rel=\"nofollow noopener\" target=\"_blank\">https:\/\/cit.transit.gencat.cat\/cit\/AppJava\/views\/incidents.xhtml<\/a><\/p>\n<p>&#8211; Pa\u00eds Basco:\u00a0<br \/><a href=\"https:\/\/apps.trafikoa.euskadi.eus\/wps\/portal\/trafico\/incidenciasTrafico\" rel=\"nofollow noopener\" target=\"_blank\">https:\/\/apps.trafikoa.euskadi.eus\/wps\/portal\/trafico\/incidenciasTrafico<\/a>\u00a0<\/p>\n<p>&#8211; restante territ\u00f3rio:\u00a0<a href=\"https:\/\/infocar.dgt.es\/etraffic\/\" rel=\"nofollow noopener\" target=\"_blank\">https:\/\/infocar.dgt.es\/etraffic\/<\/a><\/p>\n<p><\/p>\n<p><strong>Ainda n\u00e3o h\u00e1 informa\u00e7\u00e3o quanto \u00e0 previs\u00e3o do fim das manifesta\u00e7\u00f5es.<br \/><\/strong><br \/>A ANTRAM manter-se-\u00e1 atenta a esta situa\u00e7\u00e3o e logo que nos sejam facultados novos detalhes efetuaremos a devida atualiza\u00e7\u00e3o a esta informa\u00e7\u00e3o.<\/p>\n<p><strong><br \/>HIST\u00d3RICO<\/strong><\/p>\n<p>(atualizado \u00e0s 16h30)<\/p>\n<p>Como not\u00edcia de \u00faltima hora, informo que as autoridades bascas, acabam de revogar a resolu\u00e7\u00e3o emitida ontem, dia 15 de dezembro de 2025, pelo Diretor de Tr\u00e2nsito, que restringia a circula\u00e7\u00e3o de ve\u00edculos com mais de 7,5 toneladas no transporte transfronteiri\u00e7o nas estradas do Pa\u00eds Basco.<\/p>\n<p>A resolu\u00e7\u00e3o fica sem efeitos a partir das 17h00 do dia de hoje (hora espanhola).<\/p>\n<p>Devido \u00e0 crise bovina em curso em Fran\u00e7a, e em coordena\u00e7\u00e3o com as autoridades francesas, e desde que as circunst\u00e2ncias o permitam, <strong>ficam desde j\u00e1 estabelecidos os seguintes hor\u00e1rios para a passagem da fronteira em Biriatou em direc\u00e7\u00e3o a Bayonne para o transporte de mercadorias com mais de 7,5 toneladas:<\/strong><\/p>\n<p>&#8211; <strong>Das 7h \u00e0s 17h: passagem controlada de um m\u00e1ximo de 200 cami\u00f5es por hora<\/strong>.<\/p>\n<p>&#8211; <strong>Das 17h \u00e0s 7h: sem restri\u00e7\u00f5es.<\/strong><\/p>\n<p>&#8211; Todos os motoristas devem devem seguir as instru\u00e7\u00f5es da Ertzaintza (Pol\u00edcia Basca).<\/p>\n<p class=\"MsoNormal\">Neste momento, o foco principal dos protestos est\u00e1 no sudoeste de Fran\u00e7a, embora tenham sido relatados incidentes isolados.<\/p>\n<p class=\"MsoNormal\"><strong>Principais restri\u00e7\u00f5es de tr\u00e1fego em vigor:<\/strong><\/p>\n<p class=\"MsoNormal\">&#8211; A20 (19) \u2013 Brive-Ouest \u2194\ufe0f Noailles: fechada em ambos os sentidos; desvio local atrav\u00e9s de RD1089, RD159, RD54 e RD920. Dura\u00e7\u00e3o: indeterminada.<\/p>\n<p class=\"MsoNormal\">&#8211; A64 (Bayonne \u2192 Toulouse): restri\u00e7\u00e3o para ve\u00edculos pesados \u200b\u200bacima de 7,5 t a partir do entroncamento A63\/A64.<\/p>\n<p class=\"MsoNormal\">&#8211;\u00a0A63 (Cestos, sul \u2192 norte): fecho a todos os ve\u00edculos; desvio obrigat\u00f3rio pela sa\u00edda 23 e estradas locais. \u00c1reas de espera para cami\u00f5es instaladas em St-Geours-de-Maremne\/Dax (n\u00ba 9) e Castets (n\u00ba 12), com medidas adicionais ativadas \u00e0 medida que as zonas atingem a capacidade m\u00e1xima. Encerramento norte-sul entre Bord\u00e9us (sa\u00edda 15) e Marcheprime (sa\u00edda 23). Regresso para ve\u00edculos pesados \u200b\u200bna portagem de Biriatou (Espanha \u2192 Fran\u00e7a).<\/p>\n<p>&#8211;\u00a0N141 (87) \u2013 La Barre \u2194\ufe0f Saint-Junien Ouest: encerrada em ambos os sentidos, desvio pela RD941. Dura\u00e7\u00e3o: indeterminada.<\/p>\n<p class=\"MsoNormal\">&#8211; Outras vias afetadas: encerramentos intermitentes na A64, N125, RN88, N20, N320, N22.<\/p>\n<p class=\"MsoNormal\"><strong>Apesar da abertura da fronteira no Pa\u00eds Basco, ainda n\u00e3o temos informa\u00e7\u00e3o quanto \u00e0 previs\u00e3o do fim das manifesta\u00e7\u00f5es.<\/strong><\/p>\n<p style=\"margin: 0cm; margin-bottom: .0001pt; text-align: justify;\">Mais informa\u00e7\u00f5es e atualiza\u00e7\u00f5es sobre o estado do tr\u00e2nsito noutros locais do territ\u00f3rio franc\u00eas dispon\u00edveis em:\u00a0 <a href=\"https:\/\/www.fntr.fr\/espace-presse\/actualites-agenda\/infos-alerte-circulation\" rel=\"nofollow noopener\" target=\"_blank\">https:\/\/www.fntr.fr\/espace-presse\/actualites-agenda\/infos-alerte-circulation<\/a>\u00a0\u00a0<\/p>\n<p>\u00a0<\/p>\n<p>Consulte igualmente em baixo, o estado do tr\u00e2nsito em tempo real no territ\u00f3rio espanhol.<br \/><strong><br \/><\/strong><strong>Espanha:\u00a0<\/strong><br \/>&#8211; Catalunha:<br \/><a href=\"https:\/\/cit.transit.gencat.cat\/cit\/AppJava\/views\/incidents.xhtml\" rel=\"nofollow noopener\" target=\"_blank\">https:\/\/cit.transit.gencat.cat\/cit\/AppJava\/views\/incidents.xhtml<\/a><\/p>\n<p>&#8211; Pa\u00eds Basco:\u00a0<br \/><a href=\"https:\/\/apps.trafikoa.euskadi.eus\/wps\/portal\/trafico\/incidenciasTrafico\" rel=\"nofollow noopener\" target=\"_blank\">https:\/\/apps.trafikoa.euskadi.eus\/wps\/portal\/trafico\/incidenciasTrafico<\/a>\u00a0<\/p>\n<p>&#8211; restante territ\u00f3rio:\u00a0<a href=\"https:\/\/infocar.dgt.es\/etraffic\/\" rel=\"nofollow noopener\" target=\"_blank\">https:\/\/infocar.dgt.es\/etraffic\/<\/a><\/p>\n<p><\/p>\n<p>A ANTRAM manter-se-\u00e1 atenta a esta situa\u00e7\u00e3o e logo que nos sejam facultados novos detalhes efetuaremos a devida atualiza\u00e7\u00e3o a esta informa\u00e7\u00e3o.<\/p>\n<p>(atualizado \u00e0s 14h15)<\/p>\n<p>\nA circula\u00e7\u00e3o de ve\u00edculos peso bruto superior a 7.5ton. nas estradas bascas, em direc\u00e7\u00e3o a Fran\u00e7a, continua inbterdita e at\u00e9 nova ordem das autoridades bascas. <a href=\"https:\/\/www.cetm.es\/el-gobierno-vasco-prohibe-la-circulacion-de-camiones-transfronterizos-de-mas-de-7-5-t-debido-a-las-protestas-de-los-ganaderos-franceses\/\" rel=\"nofollow noopener\" target=\"_blank\">Ver aqui<\/a>, a resolu\u00e7\u00e3o do governo basco que assim o determina.<br \/>De igual forma, a circula\u00e7\u00e3o em dire\u00e7\u00e3o a Fran\u00e7a atrav\u00e9s da Catalunha, tamb\u00e9m se encontra bastante congestionada.<\/p>\n<p>Para j\u00e1, ainda n\u00e3o h\u00e1 informa\u00e7\u00e3o quanto ao t\u00e9rmino das manifesta\u00e7\u00f5es.<\/p>\n<p>Consulte em baixo o estado do tr\u00e2nsito em tempo real no territ\u00f3rio espanhol.<br \/><strong><br \/><\/strong><strong>Espanha:\u00a0<\/strong><br \/>&#8211; Catalunha:<br \/><a href=\"https:\/\/cit.transit.gencat.cat\/cit\/AppJava\/views\/incidents.xhtml\" rel=\"nofollow noopener\" target=\"_blank\">https:\/\/cit.transit.gencat.cat\/cit\/AppJava\/views\/incidents.xhtml<\/a><\/p>\n<p>&#8211; Pa\u00eds Basco:\u00a0<br \/><a href=\"https:\/\/apps.trafikoa.euskadi.eus\/wps\/portal\/trafico\/incidenciasTrafico\" rel=\"nofollow noopener\" target=\"_blank\">https:\/\/apps.trafikoa.euskadi.eus\/wps\/portal\/trafico\/incidenciasTrafico<\/a>\u00a0<\/p>\n<p>&#8211; restante territ\u00f3rio:\u00a0<a href=\"https:\/\/infocar.dgt.es\/etraffic\/\" rel=\"nofollow noopener\" target=\"_blank\">https:\/\/infocar.dgt.es\/etraffic\/<\/a><\/p>\n<p><strong>Quanto \u00e0 circula\u00e7\u00e3o no territ\u00f3rio franc\u00eas, neste momento, os bloqueios provocados pelos manifestantes, centram-se nos seguintes locais:<\/strong><\/p>\n<p style=\"margin: 0cm; margin-bottom: .0001pt; text-align: justify;\">Recomenda-se a utiliza\u00e7\u00e3o das autoestradas A7 e A20 para as suas viagens entre o sul e o norte de Fran\u00e7a.<\/p>\n<p style=\"margin: 0cm; margin-bottom: .0001pt; text-align: justify;\">Autoestrada A64:<\/p>\n<p style=\"margin: 0cm; margin-bottom: .0001pt; text-align: justify;\">A autoestrada A64 continua encerrada a ve\u00edculos pesados \u200b\u200bentre o entroncamento A63\/A64 e a fronteira com o departamento dos Piren\u00e9us Atl\u00e2nticos.<\/p>\n<p style=\"margin: 0cm; margin-bottom: .0001pt; text-align: justify;\">Ponto de bloqueio atual: A64 entre o entroncamento A63\/A64 e a fronteira com o departamento 64, em dire\u00e7\u00e3o a Toulouse.<\/p>\n<p style=\"margin: 0cm; margin-bottom: .0001pt; text-align: justify;\">\u00a0<\/p>\n<p style=\"margin: 0cm; margin-bottom: .0001pt; text-align: justify;\">A autoestrada A63 encontra-se encerrada no sentido norte em Cestas. Devido ao congestionamento, adie a sua viagem pela \u00e1rea metropolitana de Bord\u00e9us, em dire\u00e7\u00e3o a Espanha, se poss\u00edvel. <\/p>\n<p style=\"margin: 0cm; margin-bottom: .0001pt; text-align: justify;\">\u00a0<\/p>\n<p style=\"margin: 0cm; margin-bottom: .0001pt; text-align: justify;\">Gironde (33): Ambos os sentidos da A63 est\u00e3o agora encerrados entre a circular e o entroncamento 23 em Marcheprime (sentido sul) e entre o entroncamento 23 e o entroncamento 25 (sentido norte).<\/p>\n<p style=\"margin: 0cm; margin-bottom: .0001pt; text-align: justify;\">Percurso alternativo de Biriatou para Bord\u00e9us: Todos os ve\u00edculos devem sair no entroncamento 23 da A63 para aceder \u00e0 circular de Bord\u00e9us no entroncamento 16, atrav\u00e9s da RD1010.<\/p>\n<p style=\"margin: 0cm; margin-bottom: .0001pt; text-align: justify;\">\u00a0<\/p>\n<p style=\"margin: 0cm; margin-bottom: .0001pt; text-align: justify;\">Landes (40): Sa\u00edda obrigat\u00f3ria para todos os ve\u00edculos ligeiros que viajam de Biriatou para Bord\u00e9us no entroncamento 17<\/p>\n<p style=\"margin: 0cm; margin-bottom: .0001pt; text-align: justify;\">D824: Bloqueio ainda em vigor.<\/p>\n<p style=\"margin: 0cm; margin-bottom: .0001pt; text-align: justify;\">\u00c1rea de reten\u00e7\u00e3o de Le Souquet ativada no sentido sul \u00e0s 10:00<\/p>\n<p style=\"margin: 0cm; margin-bottom: .0001pt; text-align: justify;\">\u00a0<\/p>\n<p style=\"margin: 0cm; margin-bottom: .0001pt; text-align: justify;\">Gironde (33) e Landes (40):<\/p>\n<p style=\"margin: 0cm; margin-bottom: .0001pt; text-align: justify;\">&#8211; D824: Bloqueio ainda em vigor<\/p>\n<p style=\"margin: 0cm; margin-bottom: .0001pt; text-align: justify;\">Reten\u00e7\u00e3o de ve\u00edculos pesados \u200b\u200bde mercadorias com mais de 7,5 t de PBT no sentido Biriatou-Bord\u00e9us: Medida A63\/2 Lugos: desde as 7:00 horas desta manh\u00e3.<\/p>\n<p style=\"margin: 0cm; margin-bottom: .0001pt; text-align: justify;\">Reten\u00e7\u00e3o de ve\u00edculos pesados \u200b\u200bde mercadorias com mais de 7,5 t de PBT no sentido Biriatou-Bord\u00e9us: Medida A63\/4 Le Souquet: Ativa\u00e7\u00e3o assim que a \u00e1rea anterior estiver cheia.<\/p>\n<p style=\"margin: 0cm; margin-bottom: .0001pt; text-align: justify;\">Reten\u00e7\u00e3o de ve\u00edculos pesados \u200b\u200bde mercadorias com mais de 7,5 t de PBT no sentido Biriatou-Bord\u00e9us: Medida A63\/6 St Geours de Maremne: Ativa\u00e7\u00e3o assim que a \u00e1rea anterior estiver cheia Completo.<\/p>\n<p style=\"margin: 0cm; margin-bottom: .0001pt; text-align: justify;\">\u00a0<\/p>\n<p style=\"margin: 0cm; margin-bottom: .0001pt; text-align: justify;\">Pyr\u00e9n\u00e9es-Atlantiques (64):<\/p>\n<p style=\"margin: 0cm; margin-bottom: .0001pt; text-align: justify;\">Retorno de ve\u00edculos pesados \u200b\u200bacima de 7,5 toneladas de peso bruto total: Biriatou-Bord\u00e9us: Medida A63\/8 Biriatou.\u00a0<\/p>\n<p style=\"margin: 0cm; margin-bottom: .0001pt; text-align: justify;\">Bloqueio atual: Biriatou atualmente encerrada no sentido sul, podendo haver altera\u00e7\u00f5es nas pr\u00f3ximas horas ou dias.<\/p>\n<p style=\"margin: 0cm; margin-bottom: .0001pt; text-align: justify;\">\u00a0<\/p>\n<p style=\"margin: 0cm; margin-bottom: .0001pt; text-align: justify;\">N10:<\/p>\n<p style=\"margin: 0cm; margin-bottom: .0001pt; text-align: justify;\">Charente (16):<\/p>\n<p style=\"margin: 0cm; margin-bottom: .0001pt; text-align: justify;\">Bloqueios retomados esta manh\u00e3. Faixa da esquerda reaberta.<\/p>\n<p style=\"margin: 0cm; margin-bottom: .0001pt; text-align: justify;\">\u00a0<\/p>\n<p style=\"margin: 0cm; margin-bottom: .0001pt; text-align: justify;\">N21:<\/p>\n<p style=\"margin: 0cm; margin-bottom: .0001pt; text-align: justify;\">Dordogne (24):<\/p>\n<p style=\"margin: 0cm; margin-bottom: .0001pt; text-align: justify;\">Rotunda N21\/A89: ainda encerrada.<\/p>\n<p style=\"margin: 0cm; margin-bottom: .0001pt; text-align: justify;\">A89 fechada entre as sa\u00eddas 14 e 16 em ambos os sentidos. Continuar\u00e1 encerrada a 16 de dezembro.<\/p>\n<p style=\"margin: 0cm; margin-bottom: .0001pt; text-align: justify;\">\u00a0<\/p>\n<p style=\"margin: 0cm; margin-bottom: .0001pt; text-align: justify;\">Bloqueio atual em Thenon La Bachellerie: bloqueio de passagem.<\/p>\n<p style=\"margin: 0cm; margin-bottom: .0001pt; text-align: justify;\">\u00a0<\/p>\n<p style=\"margin: 0cm; margin-bottom: .0001pt; text-align: justify;\">N141:<\/p>\n<p style=\"margin: 0cm; margin-bottom: .0001pt; text-align: justify;\">Haute-Vienne (87)<\/p>\n<p style=\"margin: 0cm; margin-bottom: .0001pt; text-align: justify;\">Fecho entre os entroncamentos 65 e 68, em ambos os sentidos. Limpeza em curso para reabertura em breve.<\/p>\n<p style=\"margin: 0cm; margin-bottom: .0001pt; text-align: justify;\">\u00a0<\/p>\n<p style=\"margin: 0cm; margin-bottom: .0001pt; text-align: justify;\">Autoestrada A75:\u00a0<\/p>\n<p style=\"margin: 0cm; margin-bottom: .0001pt; text-align: justify;\">O tr\u00e1fego de ve\u00edculos pesados \u200b\u200bde mercadorias est\u00e1 proibido na autoestrada A75, no departamento de Cantal, sentido norte em dire\u00e7\u00e3o a Montpellier, a partir do entroncamento 29 &#8220;Saint-Georges Saint-Flour Bellevue&#8221;.<\/p>\n<p style=\"margin: 0cm; margin-bottom: .0001pt; text-align: justify;\">\u00a0<\/p>\n<p style=\"margin: 0cm; margin-bottom: .0001pt; text-align: justify;\">Uma \u00e1rea de manobra para cami\u00f5es est\u00e1 dispon\u00edvel no entroncamento 29 &#8220;Saint-Georges Saint-Flour Bellevue&#8221;.<\/p>\n<p style=\"margin: 0cm; margin-bottom: .0001pt; text-align: justify;\">\u00a0<\/p>\n<p style=\"margin: 0cm; margin-bottom: .0001pt; text-align: justify;\">O acesso \u00e0 autoestrada A75, no departamento de Cantal, est\u00e1 interdito a todos os ve\u00edculos que se dirijam para norte em dire\u00e7\u00e3o a Montpellier nos n\u00f3s 30 &#8220;Ruynes en Margeride&#8221; e 31 &#8220;Loubarresse&#8221;. Um desvio pela RD 909 foi estabelecido pelo Conselho de Departamento.<\/p>\n<p style=\"margin: 0cm; margin-bottom: .0001pt; text-align: justify;\">\u00a0<\/p>\n<p style=\"margin: 0cm; margin-bottom: .0001pt; text-align: justify;\">Loz\u00e8re (48): O tr\u00e2nsito est\u00e1 interdito na A75 a todos os ve\u00edculos no sentido norte entre o entroncamento 34 (St Ch\u00e9ly d&#8217;Apcher) e o entroncamento 37 (Le Buisson) e no sentido sul entre o entroncamento 39.1 Bourgs sur Colagne e o entroncamento 34 (St Ch\u00e9ly d&#8217;Apcher), sendo o tr\u00e1fego permitido nas estradas secund\u00e1rias.<\/p>\n<p style=\"margin: 0cm; margin-bottom: .0001pt; text-align: justify;\"> Aveyron (12):<\/p>\n<p style=\"margin: 0cm; margin-bottom: .0001pt; text-align: justify;\">A RN 88 foi encerrada nos dois sentidos ao quil\u00f3metro 67+600, em Baraqueville. A sa\u00edda \u00e9 obrigat\u00f3ria no n\u00f3 n\u00ba. 25 Naucelle para o tr\u00e1fego que viaja de Albi para Rodez e no cruzamento n. 27 para o tr\u00e1fego que viaja de Rodez para Albi.<\/p>\n<p style=\"margin: 0cm; margin-bottom: .0001pt; text-align: justify;\">Os desvios est\u00e3o em vigor.<\/p>\n<p style=\"margin: 0cm; margin-bottom: .0001pt; text-align: justify;\">\u00a0<\/p>\n<p style=\"margin: 0cm; margin-bottom: .0001pt; text-align: justify;\">Ari\u00e8ge (09) &#8211; Piren\u00e9us Orientais (66):<\/p>\n<p style=\"margin: 0cm; margin-bottom: .0001pt; text-align: justify;\">Encerramento para cami\u00f5es e autocarros n\u00e3o escolares:<\/p>\n<p style=\"margin: 0cm; margin-bottom: .0001pt; text-align: justify;\">&#8211; RN20 de Foix em Ari\u00e8ge a Ur em Pyr\u00e9n\u00e9es-Orientales (acesso local permitido at\u00e9 Tarascon-sur-Ari\u00e8ge).<\/p>\n<p style=\"margin: 0cm; margin-bottom: .0001pt; text-align: justify;\">&#8211; RN320 de L&#8217;Hospitalet-pr\u00e8s-l&#8217;Andorre em Ari\u00e8ge at\u00e9 ao cruzamento La Croisade em Pyr\u00e9n\u00e9es-Orientales.<\/p>\n<p style=\"margin: 0cm; margin-bottom: .0001pt; text-align: justify;\">&#8211; RN22 entre o cruzamento de La Croisade e a rotunda que d\u00e1 acesso ao t\u00fanel de Envalira, nos Piren\u00e9us Orientais.<\/p>\n<p style=\"margin: 0cm; margin-bottom: .0001pt; text-align: justify;\">\u00a0<\/p>\n<p style=\"margin: 0cm; margin-bottom: .0001pt; text-align: justify;\">O acesso a Andorra para ve\u00edculos pesados \u200b\u200bde mercadorias s\u00f3 \u00e9 poss\u00edvel atrav\u00e9s do departamento dos Piren\u00e9us Orientais.<\/p>\n<p style=\"margin: 0cm; margin-bottom: .0001pt; text-align: justify;\">\u00a0<\/p>\n<p style=\"margin: 0cm; margin-bottom: .0001pt; text-align: justify;\">Informa\u00e7\u00f5es sobre como chegar ao departamento dos Piren\u00e9us Orientais atrav\u00e9s da autoestrada A9.<\/p>\n<p style=\"margin: 0cm; margin-bottom: .0001pt; text-align: justify;\">\u00a0<\/p>\n<p style=\"margin: 0cm; margin-bottom: .0001pt; text-align: justify;\">Haute-Garonne (31): A autoestrada A64 est\u00e1 encerrada em ambos os sentidos entre o entroncamento 26 (Lafitte) e o entroncamento 27 (Carbonne).<\/p>\n<p style=\"margin: 0cm; margin-bottom: .0001pt; text-align: justify;\">Desvio em vigor para todos os ve\u00edculos:<\/p>\n<p style=\"margin: 0cm; margin-bottom: .0001pt; text-align: justify;\">&#8211; Na direc\u00e7\u00e3o Toulouse\/Bayonne, sair no entroncamento 27, seguir pela D239, D73 e D241 e regressar \u00e0 A64 no entroncamento 26.<\/p>\n<p style=\"margin: 0cm; margin-bottom: .0001pt; text-align: justify;\">&#8211; Na direc\u00e7\u00e3o Bayonne-Toulouse, saia no entroncamento 26, siga pela D626B, D627 e regresse \u00e0 A64 no entroncamento 27.<\/p>\n<p style=\"margin: 0cm; margin-bottom: .0001pt; text-align: justify;\">A A645 e a RN 125 est\u00e3o encerradas em ambos os sentidos, sendo necess\u00e1rio que os cami\u00f5es fa\u00e7am o retorno nas rotundas de Bazert (31) e Barbazan (31).<\/p>\n<p style=\"margin: 0cm; margin-bottom: .0001pt; text-align: justify;\">\u00a0<\/p>\n<p style=\"margin: 0cm; margin-bottom: .0001pt; text-align: justify;\"><b style=\"mso-bidi-font-weight: normal;\">A A64 est\u00e1 encerrada na dire\u00e7\u00e3o Bayonne-Toulouse ao quil\u00f3metro 274. A sa\u00edda \u00e9 obrigat\u00f3ria no entroncamento 35 Muret Nord e o retorno deve ser feito diretamente na rampa de acesso \u00e0 ponte.<\/b><\/p>\n<p style=\"margin: 0cm; margin-bottom: .0001pt; text-align: justify;\">\u00a0<\/p>\n<p style=\"margin: 0cm; margin-bottom: .0001pt; text-align: justify;\">Hautes-Pyr\u00e9n\u00e9es (65):<\/p>\n<p style=\"margin: 0cm; margin-bottom: .0001pt; text-align: justify;\">A A64 est\u00e1 encerrada em ambos os sentidos a partir do entroncamento 17 Montrejeau. A partida \u00e9 obrigat\u00f3ria at\u00e9 \u00e0 fronteira departamental com os Piren\u00e9us Atl\u00e2nticos. Desvios locais est\u00e3o em vigor.<\/p>\n<p style=\"margin: 0cm; margin-bottom: .0001pt; text-align: justify;\">\u00a0<\/p>\n<p style=\"margin: 0cm; margin-bottom: .0001pt; text-align: justify;\">Encerramento da A64 prolongado no departamento dos Piren\u00e9us Atl\u00e2nticos at\u00e9 ao entroncamento n\u00ba 3 (Briscous).<\/p>\n<p style=\"margin: 0cm; margin-bottom: .0001pt; text-align: justify;\">\u00a0<\/p>\n<p style=\"margin: 0cm; margin-bottom: .0001pt; text-align: justify;\">Tarn (81):<\/p>\n<p style=\"margin: 0cm; margin-bottom: .0001pt; text-align: justify;\">Encerramento da RN 88 entre o entroncamento n\u00ba 13 (Fonlabour) e o entroncamento n\u00ba 14 (Le Sequestre), em ambos os sentidos.<\/p>\n<p style=\"margin: 0cm; margin-bottom: .0001pt; text-align: justify;\">\u00a0<\/p>\n<p style=\"margin: 0cm; margin-bottom: .0001pt; text-align: justify;\">Corr\u00e8ze (19):<\/p>\n<p style=\"margin: 0cm; margin-bottom: .0001pt; text-align: justify;\">&#8211; Previs\u00e3o de interrup\u00e7\u00e3o de tr\u00e2nsito: corte de tr\u00e2nsito na rotunda de Saint-Angel a partir das 13h00 e corte entre os n\u00f3s 23 e 24 da A89 a partir das 13h00.<\/p>\n<p style=\"margin: 0cm; margin-bottom: .0001pt; text-align: justify;\">&#8211; Previs\u00e3o de interrup\u00e7\u00e3o de tr\u00e2nsito: corte da A20 na sa\u00edda 51, sentido sul, a partir das 13h00.<\/p>\n<p style=\"margin: 0cm; margin-bottom: .0001pt; text-align: justify;\">\u00a0<\/p>\n<p style=\"margin: 0cm; margin-bottom: .0001pt; text-align: justify;\">Creuse (23):<\/p>\n<p style=\"margin: 0cm; margin-bottom: .0001pt; text-align: justify;\">&#8211; Fecho entre os entroncamentos 15 da circular e 23 da A63.<\/p>\n<p style=\"margin: 0cm; margin-bottom: .0001pt; text-align: justify;\">\u00a0<\/p>\n<p style=\"margin: 0cm; margin-bottom: .0001pt; text-align: justify;\">Bloqueio previsto: a RN145 estar\u00e1 cortada em ambos os sentidos na rotunda 47, na cidade de Sainte-Feyre. O bloqueio dever\u00e1 durar pelo menos dois dias.<\/p>\n<p style=\"margin: 0cm; margin-bottom: .0001pt; text-align: justify;\">\u00a0<\/p>\n<p style=\"margin: 0cm; margin-bottom: .0001pt; text-align: justify;\">Gard (30):<\/p>\n<p style=\"margin: 0cm; margin-bottom: .0001pt; text-align: justify;\">A Federa\u00e7\u00e3o Departamental dos Sindicatos de Agricultores (FDSEA) apela a um bloqueio de todas as entradas e sa\u00eddas das autoestradas no departamento de Gard amanh\u00e3, ter\u00e7a-feira, 16 de dezembro.<\/p>\n<p style=\"margin: 0cm; margin-bottom: .0001pt; text-align: justify;\">\u00a0<\/p>\n<p style=\"margin: 0cm; margin-bottom: .0001pt; text-align: justify;\">Cantal (15)<\/p>\n<p style=\"margin: 0cm; margin-bottom: .0001pt; text-align: justify;\">RN122 &gt; Ordem abaixo<\/p>\n<p style=\"margin: 0cm; margin-bottom: .0001pt; text-align: justify;\">Todo o tr\u00e1fego de ve\u00edculos est\u00e1 temporariamente proibido na RN122 entre Aurillac e Murat em ambos os sentidos. Esta medida n\u00e3o se aplica aos ve\u00edculos de emerg\u00eancia, que continuar\u00e3o a circular nesta via.<\/p>\n<p style=\"margin: 0cm; margin-bottom: .0001pt; text-align: justify;\">\u00a0<\/p>\n<p style=\"margin: 0cm; margin-bottom: .0001pt; text-align: justify;\">Est\u00e3o em vigor desvios obrigat\u00f3rios, implementados pelo conselho departamental, seguindo estes percursos:<\/p>\n<p style=\"margin: 0cm; margin-bottom: .0001pt; text-align: justify;\">A partir de Aurillac: siga pela D990 at\u00e9 Saint-Flour.<\/p>\n<p style=\"margin: 0cm; margin-bottom: .0001pt; text-align: justify;\">A partir de Murat: apanhe o D3 e depois o D922.<\/p>\n<p>Mais informa\u00e7\u00f5es e atualiza\u00e7\u00f5es sobre o estado do tr\u00e2nsito dispon\u00edveis em:\u00a0 <a href=\"https:\/\/www.fntr.fr\/espace-presse\/actualites-agenda\/infos-alerte-circulation\" rel=\"nofollow noopener\" target=\"_blank\">https:\/\/www.fntr.fr\/espace-presse\/actualites-agenda\/infos-alerte-circulation<\/a>\u00a0\u00a0<\/p>\n<p>\u00a0<\/p>\n<p>(atualizado \u00e0s 13h30)<\/p>\n<p>Recomenda-se a utiliza\u00e7\u00e3o das autoestradas A7 e A20 para as suas viagens entre o sul e o norte de Fran\u00e7a.<\/p>\n<p>A autoestrada A64 continua encerrada a ve\u00edculos pesados \u200b\u200bentre o entroncamento A63\/A64 e a fronteira com o departamento dos Piren\u00e9us Atl\u00e2nticos.<\/p>\n<p>Bloqueio atual: A64 entre o entroncamento A63\/A64 e a fronteira com o departamento 64, em dire\u00e7\u00e3o a Toulouse.<\/p>\n<p>A A63 est\u00e1 encerrada no sentido norte em Cestas. Devido ao congestionamento, adie a sua viagem pela \u00e1rea metropolitana de Bord\u00e9us, em dire\u00e7\u00e3o a Espanha, se poss\u00edvel.<\/p>\n<p>Gironde (33): Ambos os sentidos da A63 est\u00e3o encerrados entre a circular e o entroncamento 23 em Marcheprime (sentido sul) e entre o entroncamento 23 e o entroncamento 25 (sentido norte).<\/p>\n<p>Percurso alternativo de Biriatou para Bord\u00e9us: Todos os ve\u00edculos devem sair no entroncamento 23 da A63 para aceder \u00e0 circular de Bord\u00e9us no entroncamento 16, atrav\u00e9s da RD1010.<\/p>\n<p>Landes (40):<br \/>Sa\u00edda obrigat\u00f3ria para todos os ve\u00edculos ligeiros que viajam de Biriatou para Bord\u00e9us no entroncamento 17<br \/>D824: Bloqueio ainda em curso<br \/>Ativa\u00e7\u00e3o da zona de espera de Le Souquet, sentido sul, \u00e0s 10h00<\/p>\n<p>Gironde (33) e Landes (40):<br \/>Reten\u00e7\u00e3o de ve\u00edculos pesados \u200b\u200bde mercadorias com mais de 7,5 t de peso bruto total que viajam de Biriatou para Bord\u00e9us: Medida A63\/2 Lugos: desde as 7:00 da manh\u00e3 de hoje.<br \/>Reten\u00e7\u00e3o de ve\u00edculos pesados \u200b\u200bde mercadorias com mais de 7,5 t de peso bruto total que viajam de Biriatou para Bord\u00e9us: Medida A63\/4 Le Souquet: Ativa\u00e7\u00e3o assim que a \u00e1rea anterior estiver cheia.<br \/>Reten\u00e7\u00e3o de ve\u00edculos pesados \u200b\u200bde mercadorias com mais de 7,5 t de peso bruto total que viajam de Biriatou para Bord\u00e9us: Medida A63\/6 St Geours de Maremne: Ativa\u00e7\u00e3o assim que a \u00e1rea anterior estiver cheia.<\/p>\n<p>Pyr\u00e9n\u00e9es-Atlantiques (64):<br \/>Retorno de ve\u00edculos pesados \u200b\u200bde mercadorias com mais de 7,5 t PTAC: Biriatou-Bord\u00e9us: Medida A63\/8 Biriatou Portagem: Recolhido \u00e0s 23h00<br \/>Bloqueio atual: Biriatou atualmente encerrada no sentido sul, podendo haver altera\u00e7\u00f5es nas pr\u00f3ximas horas ou dias.<\/p>\n<p>N10:<br \/>Charente (16): Bloqueios retomados esta manh\u00e3. Faixa da esquerda reaberta.<\/p>\n<p>N21:<br \/>Dordogne (24):<br \/>Rotunda N21\/A89: ainda encerrada.<br \/>A89 fechada entre as sa\u00eddas 14 e 16 em ambos os sentidos. Continuar\u00e1 encerrada a 16 de dezembro.<\/p>\n<p>Bloqueio atual em Thenon La Bachellerie: bloqueio de passagem.<\/p>\n<p>N141:<br \/>Haute-Vienne (87)<br \/>Encerramento entre os entroncamentos 65 e 68, em ambos os sentidos, limpeza em curso para reabertura prevista para esta manh\u00e3.<\/p>\n<p>Autoestrada A75: O tr\u00e1fego de ve\u00edculos pesados \u200b\u200bde mercadorias est\u00e1 proibido na autoestrada A75, no departamento de Cantal, sentido norte em dire\u00e7\u00e3o a Montpellier, a partir do entroncamento 29 &#8220;Saint-Georges Saint-Flour Bellevue&#8221;.<\/p>\n<p>Uma \u00e1rea de manobra para cami\u00f5es est\u00e1 dispon\u00edvel no entroncamento 29 &#8220;Saint-Georges Saint-Flour Bellevue&#8221;.<\/p>\n<p>O acesso de todos os ve\u00edculos est\u00e1 interdito na autoestrada A75, no departamento de Cantal, no sentido norte em dire\u00e7\u00e3o a Montpellier, nos n\u00f3s 30 &#8220;Ruynes en Margeride&#8221; e 31 &#8220;Loubarresse&#8221;. Est\u00e1 em vigor um desvio pela RD 909, gerido pelo Conselho de Departamento.<\/p>\n<p>Loz\u00e8re (48): O tr\u00e2nsito est\u00e1 proibido na autoestrada A75 para todos os ve\u00edculos que circulam no sentido norte entre o entroncamento 34 (St Ch\u00e9ly d&#8217;Apcher) e o entroncamento 37 (Le Buisson), e no sentido sul entre o entroncamento 39.1 (Bourgs-sur-Colagne) e o entroncamento 34 (St Ch\u00e9ly d&#8217;Apcher), com o tr\u00e2nsito a fluir por estradas secund\u00e1rias.<\/p>\n<p>Aveyron (12): A RN 88 est\u00e1 encerrada em ambos os sentidos ao quil\u00f3metro 67+600 em Baraqueville. A sa\u00edda \u00e9 obrigat\u00f3ria no entroncamento 25 (Naucelle) para o tr\u00e1fego que viaja de Albi para Rodez e no entroncamento 27 para o tr\u00e1fego que viaja de Rodez para Albi.<\/p>\n<p>Os desvios est\u00e3o sinalizados.<\/p>\n<p>Ari\u00e8ge (09) &#8211; Piren\u00e9us Orientais (66):<br \/>Encerramento para ve\u00edculos pesados \u200b\u200be autocarros n\u00e3o escolares:<br \/>RN20 de Foix em Ari\u00e8ge a Ur em Pyr\u00e9n\u00e9es-Orientales (acesso local permitido at\u00e9 Tarascon-sur-Ari\u00e8ge).<br \/>RN320 de L&#8217;Hospitalet-pr\u00e8s-l&#8217;Andorre em Ari\u00e8ge at\u00e9 ao cruzamento La Croisade em Pyr\u00e9n\u00e9es-Orientales.<br \/>RN22 entre o cruzamento de La Croisade e a rotunda de acesso ao t\u00fanel de Envalira nos Piren\u00e9us Orientais.<br \/>O acesso a Andorra para ve\u00edculos pesados \u200b\u200bs\u00f3 \u00e9 poss\u00edvel atrav\u00e9s dos Piren\u00e9us Orientais.<\/p>\n<p>Conselhos para viagens de longa dist\u00e2ncia para chegar aos Piren\u00e9us Orientais pela autoestrada A9.<\/p>\n<p>Haute-Garonne (31):<br \/>A autoestrada A64 est\u00e1 encerrada em ambos os sentidos entre o entroncamento 26 (Lafitte) e o entroncamento 27 (Carbonne).<\/p>\n<p>Est\u00e1 em vigor um desvio para todos os ve\u00edculos:<\/p>\n<p>&#8211; No sentido Toulouse\/Bayonne, sair no entroncamento 27, seguir pelas D239, D73 e D241 e, de seguida, regressar \u00e0 A64 no entroncamento 26.<\/p>\n<p>&#8211; No sentido Bayonne-Toulouse, saia no entroncamento 26, siga pelas D626B e D627 e, de seguida, regresse \u00e0 A64 no entroncamento 27.<br \/>A A645 e a RN 125 est\u00e3o encerradas em ambos os sentidos, sendo necess\u00e1rio que os cami\u00f5es fa\u00e7am o retorno nas rotundas de Bazert (31) e Barbazan (31).<\/p>\n<p>A A64 est\u00e1 encerrada no sentido Bayonne-Toulouse ao quil\u00f3metro 274. Sa\u00edda obrigat\u00f3ria no entroncamento n\u00ba 274. 35 Muret Nord e reentrada direta na rampa de acesso \u00e0 ponte.<\/p>\n<p>Hautes-Pyr\u00e9n\u00e9es (65): A64 encerrada em ambos os sentidos a partir do entroncamento n\u00ba 17 Montrejeau, sa\u00edda obrigat\u00f3ria para a fronteira departamental com Pyr\u00e9n\u00e9es-Atlantiques. Desvio local.<\/p>\n<p>Encerramento da A64 prolongado em Pyr\u00e9n\u00e9es-Atlantiques at\u00e9 ao entroncamento n\u00ba 3 Briscous.<\/p>\n<p>Tarn (81): RN 88 encerrada entre o entroncamento n\u00ba 13 (Fonlabour) e o entroncamento n\u00ba 14 (Le Sequestre), em ambos os sentidos.<\/p>\n<p>Corr\u00e8ze (19): Bloqueio previsto: corte de tr\u00e2nsito na rotunda de Saint-Angel a partir das 13h00 e corte entre os n\u00f3s 23 e 24 da A89 a partir das 13h00. Bloqueio previsto: Bloqueio da A20 na sa\u00edda 51 em dire\u00e7\u00e3o a sul a partir das 13h00.<\/p>\n<p>Creuse (23): Bloqueio previsto: Bloqueio da RN145 em ambos os sentidos na rotunda 47, na cidade de Sainte-Feyre. O bloqueio dever\u00e1 durar pelo menos dois dias.<\/p>\n<p>&#8211; Manifesta\u00e7\u00e3o a 17 de Dezembro no centro de Gu\u00e9ret (Pra\u00e7a Bognot)<\/p>\n<p>Gard (30): A Federa\u00e7\u00e3o Departamental dos Sindicatos de Agricultores (FDSEA) apela a um bloqueio de todas as entradas e sa\u00eddas das autoestradas no departamento de Gard amanh\u00e3, ter\u00e7a-feira, 16 de dezembro.<\/p>\n<p>Cantal (15)<\/p>\n<p>RN122:<br \/>O tr\u00e1fego de ve\u00edculos pesados \u200b\u200best\u00e1 temporariamente regulado na RN122 entre Aurillac e Murat em ambos os sentidos. Est\u00e3o em vigor desvios recomendados, conforme indicado pelo conselho departamental, seguindo estes percursos:<br \/>A partir de Aurillac: siga pela D990 at\u00e9 Saint-Flour. A partir de Murat: siga pela D3 e depois pela D922.<\/p>\n<p>\u00a0<\/p>\n<p><\/p>\n<p>(atualizado \u00e0s 9h00 do dia 16\/12)<\/p>\n<p>Ponto de situa\u00e7\u00e3o: Manifesta\u00e7\u00f5es de agricultores &#8211; Dezembro de 2025<\/p>\n<p>\u00a0<\/p>\n<p>\u00a0<\/p>\n<p><strong>Auto-estrada A64:<\/strong>\u00a0A autoestrada A64 encontra-se encerrada aux PL entre a bifurca\u00e7\u00e3o A63\/A64 e o limite do departamento dos Piren\u00e9us Atl\u00e2nticos.<\/p>\n<p>Arr\u00eat\u00e9 ci-dessous<\/p>\n<p>\u00a0<\/p>\n<p><strong>Auto-estrada A63:<\/strong><\/p>\n<p>\u00a0<\/p>\n<p>Gironda (33):<\/p>\n<p>Interdi\u00e7\u00e3o de circula\u00e7\u00e3o de todos os ve\u00edculos em Biriatou-Bord\u00e9us: Entre o permutador 23 e o ponto de bloqueio.<\/p>\n<p>Itiner\u00e1rio alternativo para Biriatou-Bord\u00e9us: Para todos os ve\u00edculos, fa\u00e7a uma sa\u00edda obrigat\u00f3ria para o c\u00e2mbio 23 da A63 para regressar \u00e0 rota bordelaise no c\u00e2mbio 16 pela RD1010.<\/p>\n<p>\u00a0<\/p>\n<p>Landes (40):<\/p>\n<p>Sortie obrigat\u00f3ria para todos os VL sens Biriatou-Bord\u00e9us \u00e0 mudan\u00e7a 17<\/p>\n<p>Stock de PL de +7,5 t de PTAC sentido Biriatou-Bord\u00e9us : Medida A63\/4 Le Souquet : partida 16h30 a 15\/12<\/p>\n<p>Stockage des PL de +7,5 tde PTAC sens Biriatou-Bordeaux : Medida A63\/6 St Geours de Maremne : lev\u00e9e \u00e0s 19h le 15\/12<\/p>\n<p>\u00a0<\/p>\n<p>Gironda (33) e Landes (40):<\/p>\n<p>Itiner\u00e1rio alternativo para Biriatou-Bord\u00e9us : Para ve\u00edculos mais longos, itiner\u00e1rio obrigat\u00f3rio da mudan\u00e7a 17 da A63 para passar pela A62 no n\u00edvel de l&#8217;\u00e9changeur 3.<\/p>\n<p>\u00a0<\/p>\n<p>Piren\u00e9us-Atl\u00e2nticos (64):<\/p>\n<p>Retorno de PL de+7,5 t de PTAC sens Biriatou-Bord\u00e9us : Medida A63\/8 BIRIATOU Barri\u00e8re de p\u00e9age : Activa\u00e7\u00e3o necess\u00e1ria entre as 15h20 e 15\/12<\/p>\n<p>\u00a0<\/p>\n<p>Recomenda-se no sentido Sud-Nord ir at\u00e9 \u00e0 mudan\u00e7a 17 da A63 para reunir a mudan\u00e7a 3 da A62 para todos em dire\u00e7\u00e3o a Toulouse.<\/p>\n<p>A sa\u00edda \u00e9 obrigat\u00f3ria em todos os ve\u00edculos no permutador 23 para regressar \u00e0 rota no permutador 16 atrav\u00e9s da D1010.<\/p>\n<p>Est\u00e1 programada uma opera\u00e7\u00e3o de escargot no sector de Angoul\u00eame (na N10 e na N141) entre as 10h00 e o dia 15 de Dezembro.<\/p>\n<p>\u00a0<\/p>\n<p>Autoestrada A75 nos departamentos de Loz\u00e8re (48), Aveyron (12) e Cantal:<\/p>\n<p>\u00a0<\/p>\n<p>=&gt; Medidas de retorno para os cami\u00f5es que circulam no sentido sul no entroncamento n\u00ba 52, Lod\u00e8ve Nord (34).<\/p>\n<p>\u00a0<\/p>\n<p>=&gt; Medidas de retorno para os cami\u00f5es que circulam no sentido norte no entroncamento n\u00ba 29, St. Flour (15).<\/p>\n<p>\u00a0<\/p>\n<p>O acesso \u00e0 autoestrada A75 \u00e9 interdito a todos os ve\u00edculos que circulem no sentido norte nos n\u00f3s 30 e 31.<\/p>\n<p>\u00a0<\/p>\n<p>Loz\u00e8re (48): O tr\u00e2nsito \u00e9 proibido na autoestrada A75 para todos os ve\u00edculos que circulam no sentido norte entre o entroncamento 34 (St Ch\u00e9ly d&#8217;Apcher) e o entroncamento 37 (Le Buisson), e no sentido sul entre o entroncamento 39.1 (Bourgs-sur-Colagne) e o entroncamento 34 (St Ch\u00e9ly d&#8217;Apcher), com o tr\u00e1fego a fluir por estradas secund\u00e1rias.<\/p>\n<p>\u00a0<\/p>\n<p>=&gt; Aveyron (12): A RN 88 est\u00e1 encerrada em ambos os sentidos ao quil\u00f3metro 67+600 em Baraqueville. A sa\u00edda \u00e9 obrigat\u00f3ria no n\u00f3 25 (Naucelle) para o tr\u00e1fego que viaja de Albi para Rodez e no n\u00f3 27 para o tr\u00e1fego que viaja de Rodez para Albi.<\/p>\n<p>\u00a0<\/p>\n<p>Ari\u00e8ge (09) &#8211; Piren\u00e9us Orientais (66):<\/p>\n<p>Encerramento para ve\u00edculos pesados \u200b\u200be autocarros n\u00e3o escolares:<\/p>\n<p>&#8211; RN20 de Foix em Ari\u00e8ge a Ur em Pyr\u00e9n\u00e9es-Orientales (acesso local permitido at\u00e9 Tarascon-sur-Ari\u00e8ge).<\/p>\n<p>&#8211; RN320 de L&#8217;Hospitalet-pr\u00e8s-l&#8217;Andorre em Ari\u00e8ge at\u00e9 ao cruzamento La Croisade em Pyr\u00e9n\u00e9es-Orientales.<\/p>\n<p>&#8211; RN22 entre o cruzamento de La Croisade e a rotunda que d\u00e1 acesso ao t\u00fanel de Envalira nos Piren\u00e9us Orientais.<\/p>\n<p>\u00a0<\/p>\n<p><strong>O acesso a Andorra para ve\u00edculos pesados \u200b\u200bde mercadorias s\u00f3 \u00e9 poss\u00edvel atrav\u00e9s dos Piren\u00e9us Orientais.<\/strong><\/p>\n<p>\u00a0<\/p>\n<p>Recomenda-se que as viagens de longa dist\u00e2ncia cheguem aos Piren\u00e9us Orientais pela autoestrada A9.<\/p>\n<p>\u00a0<\/p>\n<p>Haute-Garonne (31):<\/p>\n<p>A autoestrada A64 est\u00e1 encerrada em ambos os sentidos entre o entroncamento 26 (Lafitte) e o entroncamento 27 (Carbonne).<\/p>\n<p>\u00a0<\/p>\n<p>Est\u00e1 em vigor um desvio para todos os ve\u00edculos:<\/p>\n<p>\u00a0<\/p>\n<p>&#8211; Na dire\u00e7\u00e3o Toulouse\/Bayonne, saia no entroncamento 27, siga pelas autoestradas D239, D73 e D241 e, de seguida, regresse \u00e0 A64 no entroncamento 26.<\/p>\n<p>\u00a0<\/p>\n<p>&#8211; Na dire\u00e7\u00e3o Bayonne-Toulouse, saia no entroncamento 26, siga pelas autoestradas D626B e D627 e, em seguida, regresse \u00e0 A64 no entroncamento 27.<\/p>\n<p>A A645 e a RN 125 est\u00e3o encerradas em ambos os sentidos, sendo necess\u00e1rio que os cami\u00f5es fa\u00e7am o retorno nas rotundas de Bazert (31) e Barbazan (31).<\/p>\n<p>\u00a0<\/p>\n<p>A A64 est\u00e1 encerrada na dire\u00e7\u00e3o Bayonne-Toulouse ao quil\u00f3metro 274. Sa\u00edda obrigat\u00f3ria no entroncamento n\u00ba 35 Muret Nord e reentrada direta na rampa de acesso \u00e0 ponte.<\/p>\n<p>\u00a0<\/p>\n<p>Hautes-Pyr\u00e9n\u00e9es (65): A64 encerrada em ambos os sentidos a partir do entroncamento n\u00ba 35 Muret Nord. 17 Montrejeau, sa\u00edda obrigat\u00f3ria para a fronteira departamental com os Piren\u00e9us Atl\u00e2nticos. Desvio local.<\/p>\n<p>Encerramento da A64 estendido aos Piren\u00e9us Atl\u00e2nticos at\u00e9 ao entroncamento n\u00ba 3, Briscous.<\/p>\n<p>\u00a0<\/p>\n<p>Tarn (81):<\/p>\n<p>Encerramento da RN 88 entre o entroncamento n\u00ba 13 (Fonlabour) e o entroncamento n\u00ba 14 (Le Sequestre), em ambos os sentidos.<\/p>\n<p>\u00a0<\/p>\n<p>Haute-Vienne (87):<\/p>\n<p>Segunda-feira, 15 de dezembro, manh\u00e3: a\u00e7\u00f5es em curso na RN141 em St. Junien.<\/p>\n<p>\u00a0<\/p>\n<p>Corr\u00e8ze (19): A partir das 13h00 de segunda-feira, 15 de dezembro, corte na autoestrada A89 no entroncamento 23, Ussel.<\/p>\n<p>\u00a0<\/p>\n<p>Bloqueio na autoestrada A20 na sa\u00edda 50, perto de Brive.<\/p>\n<p>\u00a0<\/p>\n<p>Gard (30):<\/p>\n<p>A Federa\u00e7\u00e3o Departamental dos Sindicatos de Agricultores (FDSEA) est\u00e1 a convocar um bloqueio de todas as entradas e sa\u00eddas de autoestradas no departamento de Gard amanh\u00e3, ter\u00e7a-feira, 16 de dezembro.<\/p>\n<p>Cantal (15)<\/p>\n<p>RN122 &gt; Ordenar abaixo<br \/>O tr\u00e1fego de ve\u00edculos pesados \u200b\u200bde mercadorias est\u00e1 temporariamente regulado na RN122 entre Aurillac e Murat em ambos os sentidos.<\/p>\n<p>Est\u00e3o em vigor desvios recomendados, implementados pelo conselho departamental, utilizando as seguintes rotas:<br \/>A partir de Aurillac: siga pela D990 at\u00e9 Saint-Flour. A partir de Murat: siga pela D3 e depois pela D922.<\/p>\n<p>Mais informa\u00e7\u00f5es e atualiza\u00e7\u00f5es sobre o estado do tr\u00e2nsito dispon\u00edveis em:\u00a0 <a href=\"https:\/\/www.fntr.fr\/espace-presse\/actualites-agenda\/infos-alerte-circulation\" rel=\"nofollow noopener\" target=\"_blank\">https:\/\/www.fntr.fr\/espace-presse\/actualites-agenda\/infos-alerte-circulation<\/a>\u00a0\u00a0<\/p>\n<p>\u00a0<\/p>\n<p>(atualizado \u00e0s 9h00 do dia 16\/12)<\/p>\n<p>Ponto de situa\u00e7\u00e3o: Manifesta\u00e7\u00f5es de agricultores &#8211; Dezembro de 2025<\/p>\n<p>\u00a0<\/p>\n<p>\u00a0<\/p>\n<p><strong>Auto-estrada A64:<\/strong>\u00a0A autoestrada A64 encontra-se encerrada aux PL entre a bifurca\u00e7\u00e3o A63\/A64 e o limite do departamento dos Piren\u00e9us Atl\u00e2nticos.<\/p>\n<p>Arr\u00eat\u00e9 ci-dessous<\/p>\n<p>\u00a0<\/p>\n<p><strong>Auto-estrada A63:<\/strong><\/p>\n<p>\u00a0<\/p>\n<p>Gironda (33):<\/p>\n<p>Interdi\u00e7\u00e3o de circula\u00e7\u00e3o de todos os ve\u00edculos em Biriatou-Bord\u00e9us: Entre o permutador 23 e o ponto de bloqueio.<\/p>\n<p>Itiner\u00e1rio alternativo para Biriatou-Bord\u00e9us: Para todos os ve\u00edculos, fa\u00e7a uma sa\u00edda obrigat\u00f3ria para o c\u00e2mbio 23 da A63 para regressar \u00e0 rota bordelaise no c\u00e2mbio 16 pela RD1010.<\/p>\n<p>\u00a0<\/p>\n<p>Landes (40):<\/p>\n<p>Sortie obrigat\u00f3ria para todos os VL sens Biriatou-Bord\u00e9us \u00e0 mudan\u00e7a 17<\/p>\n<p>Stock de PL de +7,5 t de PTAC sentido Biriatou-Bord\u00e9us : Medida A63\/4 Le Souquet : partida 16h30 a 15\/12<\/p>\n<p>Stockage des PL de +7,5 tde PTAC sens Biriatou-Bordeaux : Medida A63\/6 St Geours de Maremne : lev\u00e9e \u00e0s 19h le 15\/12<\/p>\n<p>\u00a0<\/p>\n<p>Gironda (33) e Landes (40):<\/p>\n<p>Itiner\u00e1rio alternativo para Biriatou-Bord\u00e9us : Para ve\u00edculos mais longos, itiner\u00e1rio obrigat\u00f3rio da mudan\u00e7a 17 da A63 para passar pela A62 no n\u00edvel de l&#8217;\u00e9changeur 3.<\/p>\n<p>\u00a0<\/p>\n<p>Piren\u00e9us-Atl\u00e2nticos (64):<\/p>\n<p>Retorno de PL de+7,5 t de PTAC sens Biriatou-Bord\u00e9us : Medida A63\/8 BIRIATOU Barri\u00e8re de p\u00e9age : Activa\u00e7\u00e3o necess\u00e1ria entre as 15h20 e 15\/12<\/p>\n<p>\u00a0<\/p>\n<p>Recomenda-se no sentido Sud-Nord ir at\u00e9 \u00e0 mudan\u00e7a 17 da A63 para reunir a mudan\u00e7a 3 da A62 para todos em dire\u00e7\u00e3o a Toulouse.<\/p>\n<p>A sa\u00edda \u00e9 obrigat\u00f3ria em todos os ve\u00edculos no permutador 23 para regressar \u00e0 rota no permutador 16 atrav\u00e9s da D1010.<\/p>\n<p>Est\u00e1 programada uma opera\u00e7\u00e3o de escargot no sector de Angoul\u00eame (na N10 e na N141) entre as 10h00 e o dia 15 de Dezembro.<\/p>\n<p>\u00a0<\/p>\n<p>Autoestrada A75 nos departamentos de Loz\u00e8re (48), Aveyron (12) e Cantal:<\/p>\n<p>\u00a0<\/p>\n<p>=&gt; Medidas de retorno para os cami\u00f5es que circulam no sentido sul no entroncamento n\u00ba 52, Lod\u00e8ve Nord (34).<\/p>\n<p>\u00a0<\/p>\n<p>=&gt; Medidas de retorno para os cami\u00f5es que circulam no sentido norte no entroncamento n\u00ba 29, St. Flour (15).<\/p>\n<p>\u00a0<\/p>\n<p>O acesso \u00e0 autoestrada A75 \u00e9 interdito a todos os ve\u00edculos que circulem no sentido norte nos n\u00f3s 30 e 31.<\/p>\n<p>\u00a0<\/p>\n<p>Loz\u00e8re (48): O tr\u00e2nsito \u00e9 proibido na autoestrada A75 para todos os ve\u00edculos que circulam no sentido norte entre o entroncamento 34 (St Ch\u00e9ly d&#8217;Apcher) e o entroncamento 37 (Le Buisson), e no sentido sul entre o entroncamento 39.1 (Bourgs-sur-Colagne) e o entroncamento 34 (St Ch\u00e9ly d&#8217;Apcher), com o tr\u00e1fego a fluir por estradas secund\u00e1rias.<\/p>\n<p>\u00a0<\/p>\n<p>=&gt; Aveyron (12): A RN 88 est\u00e1 encerrada em ambos os sentidos ao quil\u00f3metro 67+600 em Baraqueville. A sa\u00edda \u00e9 obrigat\u00f3ria no n\u00f3 25 (Naucelle) para o tr\u00e1fego que viaja de Albi para Rodez e no n\u00f3 27 para o tr\u00e1fego que viaja de Rodez para Albi.<\/p>\n<p>\u00a0<\/p>\n<p>Ari\u00e8ge (09) &#8211; Piren\u00e9us Orientais (66):<\/p>\n<p>Encerramento para ve\u00edculos pesados \u200b\u200be autocarros n\u00e3o escolares:<\/p>\n<p>&#8211; RN20 de Foix em Ari\u00e8ge a Ur em Pyr\u00e9n\u00e9es-Orientales (acesso local permitido at\u00e9 Tarascon-sur-Ari\u00e8ge).<\/p>\n<p>&#8211; RN320 de L&#8217;Hospitalet-pr\u00e8s-l&#8217;Andorre em Ari\u00e8ge at\u00e9 ao cruzamento La Croisade em Pyr\u00e9n\u00e9es-Orientales.<\/p>\n<p>&#8211; RN22 entre o cruzamento de La Croisade e a rotunda que d\u00e1 acesso ao t\u00fanel de Envalira nos Piren\u00e9us Orientais.<\/p>\n<p>\u00a0<\/p>\n<p><strong>O acesso a Andorra para ve\u00edculos pesados \u200b\u200bde mercadorias s\u00f3 \u00e9 poss\u00edvel atrav\u00e9s dos Piren\u00e9us Orientais.<\/strong><\/p>\n<p>\u00a0<\/p>\n<p>Recomenda-se que as viagens de longa dist\u00e2ncia cheguem aos Piren\u00e9us Orientais pela autoestrada A9.<\/p>\n<p>\u00a0<\/p>\n<p>Haute-Garonne (31):<\/p>\n<p>A autoestrada A64 est\u00e1 encerrada em ambos os sentidos entre o entroncamento 26 (Lafitte) e o entroncamento 27 (Carbonne).<\/p>\n<p>\u00a0<\/p>\n<p>Est\u00e1 em vigor um desvio para todos os ve\u00edculos:<\/p>\n<p>\u00a0<\/p>\n<p>&#8211; Na dire\u00e7\u00e3o Toulouse\/Bayonne, saia no entroncamento 27, siga pelas autoestradas D239, D73 e D241 e, de seguida, regresse \u00e0 A64 no entroncamento 26.<\/p>\n<p>\u00a0<\/p>\n<p>&#8211; Na dire\u00e7\u00e3o Bayonne-Toulouse, saia no entroncamento 26, siga pelas autoestradas D626B e D627 e, em seguida, regresse \u00e0 A64 no entroncamento 27.<\/p>\n<p>A A645 e a RN 125 est\u00e3o encerradas em ambos os sentidos, sendo necess\u00e1rio que os cami\u00f5es fa\u00e7am o retorno nas rotundas de Bazert (31) e Barbazan (31).<\/p>\n<p>\u00a0<\/p>\n<p>A A64 est\u00e1 encerrada na dire\u00e7\u00e3o Bayonne-Toulouse ao quil\u00f3metro 274. Sa\u00edda obrigat\u00f3ria no entroncamento n\u00ba 35 Muret Nord e reentrada direta na rampa de acesso \u00e0 ponte.<\/p>\n<p>\u00a0<\/p>\n<p>Hautes-Pyr\u00e9n\u00e9es (65): A64 encerrada em ambos os sentidos a partir do entroncamento n\u00ba 35 Muret Nord. 17 Montrejeau, sa\u00edda obrigat\u00f3ria para a fronteira departamental com os Piren\u00e9us Atl\u00e2nticos. Desvio local.<\/p>\n<p>Encerramento da A64 estendido aos Piren\u00e9us Atl\u00e2nticos at\u00e9 ao entroncamento n\u00ba 3, Briscous.<\/p>\n<p>\u00a0<\/p>\n<p>Tarn (81):<\/p>\n<p>Encerramento da RN 88 entre o entroncamento n\u00ba 13 (Fonlabour) e o entroncamento n\u00ba 14 (Le Sequestre), em ambos os sentidos.<\/p>\n<p>\u00a0<\/p>\n<p>Haute-Vienne (87):<\/p>\n<p>Segunda-feira, 15 de dezembro, manh\u00e3: a\u00e7\u00f5es em curso na RN141 em St. Junien.<\/p>\n<p>\u00a0<\/p>\n<p>Corr\u00e8ze (19): A partir das 13h00 de segunda-feira, 15 de dezembro, corte na autoestrada A89 no entroncamento 23, Ussel.<\/p>\n<p>\u00a0<\/p>\n<p>Bloqueio na autoestrada A20 na sa\u00edda 50, perto de Brive.<\/p>\n<p>\u00a0<\/p>\n<p>Gard (30):<\/p>\n<p>A Federa\u00e7\u00e3o Departamental dos Sindicatos de Agricultores (FDSEA) est\u00e1 a convocar um bloqueio de todas as entradas e sa\u00eddas de autoestradas no departamento de Gard amanh\u00e3, ter\u00e7a-feira, 16 de dezembro.<\/p>\n<p>Cantal (15)<\/p>\n<p>RN122 &gt; Ordenar abaixo<br \/>O tr\u00e1fego de ve\u00edculos pesados \u200b\u200bde mercadorias est\u00e1 temporariamente regulado na RN122 entre Aurillac e Murat em ambos os sentidos.<\/p>\n<p>Est\u00e3o em vigor desvios recomendados, implementados pelo conselho departamental, utilizando as seguintes rotas:<br \/>A partir de Aurillac: siga pela D990 at\u00e9 Saint-Flour. A partir de Murat: siga pela D3 e depois pela D922.<\/p>\n<p>Mais informa\u00e7\u00f5es e atualiza\u00e7\u00f5es sobre o estado do tr\u00e2nsito dispon\u00edveis em:\u00a0 <a href=\"https:\/\/www.fntr.fr\/espace-presse\/actualites-agenda\/infos-alerte-circulation\" rel=\"nofollow noopener\" target=\"_blank\">https:\/\/www.fntr.fr\/espace-presse\/actualites-agenda\/infos-alerte-circulation<\/a>\u00a0\u00a0<\/p>\n<p>\u00a0<\/p>\n<p>(INSERIDO \u00c0S 18H00 DO DIA 15\/12)<\/p>\n<p>Acabamos de receber informa\u00e7\u00e3o &#8211; 18h30 &#8211; de protestos de agricultores com recurso a bloqueios\/marchas lentas que neste momento est\u00e3o a ocorrer nos seguintes locais:<\/p>\n<p><strong data-start=\"66\" data-end=\"73\">A64<\/strong>\u00a0\u2013 todo o tr\u00e2nsito est\u00e1 a ser desviado pela sa\u00edda de\u00a0<strong data-start=\"126\" data-end=\"135\">Muret<\/strong>, devido a uma manifesta\u00e7\u00e3o nas vias no sentido\u00a0<strong data-start=\"183\" data-end=\"195\">Toulouse<\/strong>.<\/p>\n<p>Desde a noite passada, um novo bloqueio veio agravar a circula\u00e7\u00e3o na A63 no sentido\u00a0<strong data-start=\"855\" data-end=\"868\">sul\u2013norte<\/strong>, entre\u00a0<strong data-start=\"876\" data-end=\"899\">Marcheprime (n.\u00ba 3)<\/strong>\u00a0e\u00a0<strong data-start=\"902\" data-end=\"912\">Cestas<\/strong>. Os condutores devem sair em\u00a0<strong data-start=\"942\" data-end=\"957\">Marcheprime<\/strong>\u00a0para aceder \u00e0 circular de Bord\u00e9us atrav\u00e9s da\u00a0<strong data-start=\"1003\" data-end=\"1013\">RD1010<\/strong>.<br data-start=\"1014\" data-end=\"1017\"\/>Os automobilistas (apenas ve\u00edculos ligeiros) com destino a\u00a0<strong data-start=\"1076\" data-end=\"1088\">Toulouse<\/strong>\u00a0s\u00e3o aconselhados a sair da A63 em\u00a0<strong data-start=\"1123\" data-end=\"1144\">Liposthey (n.\u00ba 7)<\/strong>para entrar na\u00a0<strong data-start=\"1160\" data-end=\"1167\">A62<\/strong>\u00a0em\u00a0<strong data-start=\"1171\" data-end=\"1189\">Langon (n.\u00ba 3)<\/strong>.<br data-start=\"1190\" data-end=\"1193\"\/>Foram criadas zonas de estacionamento obrigat\u00f3rio para ve\u00edculos pesados, de modo a reter os ve\u00edculos at\u00e9 ao levantamento dos bloqueios relacionados com os protestos agr\u00edcolas.<\/p>\n<p>Na zona de\u00a0<strong data-start=\"1412\" data-end=\"1429\">Saint-Gaudens<\/strong>, uma manifesta\u00e7\u00e3o est\u00e1 a bloquear o ramo de acesso da A645 em\u00a0<strong data-start=\"1492\" data-end=\"1511\">Croix du Bazert<\/strong>, com detritos em chamas e tratores na rotunda.<\/p>\n<p>Fora da rede\u00a0<strong data-start=\"1607\" data-end=\"1627\">VINCI Autoroutes<\/strong>, a A65 encontra-se encerrada apenas no sentido\u00a0<strong data-start=\"1675\" data-end=\"1682\">Pau<\/strong>, entre\u00a0<strong data-start=\"1690\" data-end=\"1708\">Garlin (n.\u00ba 8)<\/strong>\u00a0e a liga\u00e7\u00e3o \u00e0\u00a0<strong data-start=\"1723\" data-end=\"1730\">A64<\/strong>.<\/p>\n<p>Em\u00a0<strong data-start=\"1769\" data-end=\"1792\">Vendargues (n.\u00ba 28)<\/strong>, detritos em chamas e opera\u00e7\u00f5es de filtragem est\u00e3o a perturbar o tr\u00e1fego. Todas as entradas e sa\u00eddas est\u00e3o encerradas.<\/p>\n<p>Na barreira de portagem de\u00a0<strong data-start=\"1977\" data-end=\"1987\">Thenon<\/strong>, tratores est\u00e3o a filtrar os ve\u00edculos pesados com destino a Bord\u00e9us. Foi assinalada a presen\u00e7a de um solicitador judicial e dos meios de comunica\u00e7\u00e3o social locais.<\/p>\n<p>Fora da rede\u00a0<strong data-start=\"2214\" data-end=\"2234\">VINCI Autoroutes<\/strong>, a A75 encontra-se encerrada em v\u00e1rios tro\u00e7os, em ambos os sentidos. Recomenda-se a utiliza\u00e7\u00e3o da\u00a0<strong data-start=\"2333\" data-end=\"2340\">A20<\/strong>\u00a0ou da\u00a0<strong data-start=\"2347\" data-end=\"2353\">A7<\/strong>\u00a0como alternativas. Os ve\u00edculos pesados n\u00e3o podem circular em dire\u00e7\u00e3o a\u00a0<strong data-start=\"2425\" data-end=\"2448\">B\u00e9ziers\/Montpellier<\/strong>.<\/p>\n","protected":false},"excerpt":{"rendered":"(atualizado \u00e0s 18h00) O Governo Regional do Pa\u00eds Basco, em coordena\u00e7\u00e3o \u2014 segundo eles \u2014 com as autoridades&hellip;\n","protected":false},"author":2,"featured_media":190804,"comment_status":"","ping_status":"","sticky":false,"template":"","format":"standard","meta":{"footnotes":""},"categories":[50],"tags":[38538,38541,27,28,38540,15,16,14,38466,25,26,21,22,62,12,13,19,20,23,24,38539,17,18,29,30,31,63,64,65],"class_list":{"0":"post-191405","1":"post","2":"type-post","3":"status-publish","4":"format-standard","5":"has-post-thumbnail","7":"category-mundo","8":"tag-div-styletext-align-justifyspan-stylefont-family-arial","9":"tag-acaba-de-informar-sobre-uma-alteraccedilatildeo-de-uacuteltima-hora-dos-plano-iniciais","10":"tag-breaking-news","11":"tag-breakingnews","12":"tag-em-coordenaccedilatildeo-mdash-segundo-eles-mdash-com-as-autoridades-francesas","13":"tag-featured-news","14":"tag-featurednews","15":"tag-headlines","16":"tag-helvetica","17":"tag-latest-news","18":"tag-latestnews","19":"tag-main-news","20":"tag-mainnews","21":"tag-mundo","22":"tag-news","23":"tag-noticias","24":"tag-noticias-principais","25":"tag-noticiasprincipais","26":"tag-principais-noticias","27":"tag-principaisnoticias","28":"tag-sans-serif-font-size-16pxatualizado-agraves-18h00br-br-o-governo-regional-do-paiacutes-basco","29":"tag-top-stories","30":"tag-topstories","31":"tag-ultimas","32":"tag-ultimas-noticias","33":"tag-ultimasnoticias","34":"tag-world","35":"tag-world-news","36":"tag-worldnews"},"share_on_mastodon":{"url":"https:\/\/pubeurope.com\/@pt\/115731970426641103","error":""},"_links":{"self":[{"href":"https:\/\/www.europesays.com\/pt\/wp-json\/wp\/v2\/posts\/191405","targetHints":{"allow":["GET"]}}],"collection":[{"href":"https:\/\/www.europesays.com\/pt\/wp-json\/wp\/v2\/posts"}],"about":[{"href":"https:\/\/www.europesays.com\/pt\/wp-json\/wp\/v2\/types\/post"}],"author":[{"embeddable":true,"href":"https:\/\/www.europesays.com\/pt\/wp-json\/wp\/v2\/users\/2"}],"replies":[{"embeddable":true,"href":"https:\/\/www.europesays.com\/pt\/wp-json\/wp\/v2\/comments?post=191405"}],"version-history":[{"count":0,"href":"https:\/\/www.europesays.com\/pt\/wp-json\/wp\/v2\/posts\/191405\/revisions"}],"wp:featuredmedia":[{"embeddable":true,"href":"https:\/\/www.europesays.com\/pt\/wp-json\/wp\/v2\/media\/190804"}],"wp:attachment":[{"href":"https:\/\/www.europesays.com\/pt\/wp-json\/wp\/v2\/media?parent=191405"}],"wp:term":[{"taxonomy":"category","embeddable":true,"href":"https:\/\/www.europesays.com\/pt\/wp-json\/wp\/v2\/categories?post=191405"},{"taxonomy":"post_tag","embeddable":true,"href":"https:\/\/www.europesays.com\/pt\/wp-json\/wp\/v2\/tags?post=191405"}],"curies":[{"name":"wp","href":"https:\/\/api.w.org\/{rel}","templated":true}]}}