{"id":191412,"date":"2025-12-17T00:06:11","date_gmt":"2025-12-17T00:06:11","guid":{"rendered":"https:\/\/www.europesays.com\/pt\/191412\/"},"modified":"2025-12-17T00:06:11","modified_gmt":"2025-12-17T00:06:11","slug":"marco-costa-vai-voltar-aos-reality-shows-a-resposta-que-todos-querem-saber-secret-story","status":"publish","type":"post","link":"https:\/\/www.europesays.com\/pt\/191412\/","title":{"rendered":"Marco Costa vai voltar aos reality shows? A resposta que todos querem saber &#8211; Secret Story"},"content":{"rendered":"<p><a href=\"https:\/\/tvi.iol.pt\/secretstory\/marco-costa\/avo-alcina\/marco-costa-faz-revelacao-sobre-estado-de-saude-da-avo-e-dificil\" rel=\"nofollow noopener\" target=\"_blank\">Marco Costa esteve esta manh\u00e3 no Dois \u00e0s 10<\/a>, onde apresentou alguns dos doces de Natal feitos pelo pr\u00f3prio pasteleiro, mas a conversa acabou por ir al\u00e9m da pastelaria e trouxe de volta o tema dos reality shows. Conhecido pela sua participa\u00e7\u00e3o no Secret Story 2, Marco Costa foi confrontado por Cristina Ferreira sobre a possibilidade de regressar a este tipo de formato. A resposta surpreendeu:<strong> \u00abNunca mais \u00e9 muito tempo\u2026 E depois \u00e9 assim: quando temos o objetivo de nos reformar aos 50 anos, tudo pode acontecer\u00bb<\/strong>, afirmou.<\/p>\n<p>Aproveitando a deixa, Cristina Ferreira e Cl\u00e1udio Ramos foram mais longe e questionaram Marco Costa sobre quem seriam os concorrentes com quem poderia vir a ter confrontos dentro de um reality show. Sem hesitar, respondeu: <strong>\u00abN\u00e3o tenho ningu\u00e9m em particular com quem ache que entraria em confronto. Mas podem p\u00f4r quem quiserem. Comigo, ningu\u00e9m me tira do s\u00e9rio. Eu come\u00e7o a rir-me na cara deles\u00bb.\u00a0<\/strong><\/p>\n<p>Com cinco participa\u00e7\u00f5es em reality shows, o pasteleiro reconhece que o formato mudou bastante ao longo dos anos.<strong> \u00abN\u00e3o me identifico com a maior parte das coisas que vejo nos realities hoje em dia. No meu tempo era diferente. Tamb\u00e9m estou a ficar velho\u00bb<\/strong>, confessou.\u00a0<\/p>\n<p>O ex-concorrente aproveitou ainda por refor\u00e7ar a ideia de que amadureceu com a idade e que se voltasse a entrar, a estrat\u00e9gia a usar seria outra.<strong> \u00abCom a idade, aprendi que n\u00e3o temos de ir \u00e0s lutas todas. \u00c9 s\u00f3 marcar uma posi\u00e7\u00e3o quando tem de ser. Chegas a um ponto que n\u00e3o vale a pena. H\u00e1 pessoas que acham que, a disparar para todo o lado, matas tudo. Eu sou como um sniper, s\u00f3 dou um tiro, mas \u00e9 certeiro\u00bb<\/strong>, conclui.\u00a0<\/p>\n<p><strong>Veja o momento:<\/strong><\/p>\n","protected":false},"excerpt":{"rendered":"Marco Costa esteve esta manh\u00e3 no Dois \u00e0s 10, onde apresentou alguns dos doces de Natal feitos pelo&hellip;\n","protected":false},"author":2,"featured_media":191413,"comment_status":"","ping_status":"","sticky":false,"template":"","format":"standard","meta":{"footnotes":""},"categories":[142],"tags":[18706,114,115,18705,3310,32,33,151,18704],"class_list":{"0":"post-191412","1":"post","2":"type-post","3":"status-publish","4":"format-standard","5":"has-post-thumbnail","7":"category-tv","8":"tag-bastidores-secret-story","9":"tag-entertainment","10":"tag-entretenimento","11":"tag-entrevistas-concorrentes-tvi","12":"tag-marco-costa","13":"tag-portugal","14":"tag-pt","15":"tag-tv","16":"tag-vida-fora-da-casa"},"share_on_mastodon":{"url":"https:\/\/pubeurope.com\/@pt\/115731993880445083","error":""},"_links":{"self":[{"href":"https:\/\/www.europesays.com\/pt\/wp-json\/wp\/v2\/posts\/191412","targetHints":{"allow":["GET"]}}],"collection":[{"href":"https:\/\/www.europesays.com\/pt\/wp-json\/wp\/v2\/posts"}],"about":[{"href":"https:\/\/www.europesays.com\/pt\/wp-json\/wp\/v2\/types\/post"}],"author":[{"embeddable":true,"href":"https:\/\/www.europesays.com\/pt\/wp-json\/wp\/v2\/users\/2"}],"replies":[{"embeddable":true,"href":"https:\/\/www.europesays.com\/pt\/wp-json\/wp\/v2\/comments?post=191412"}],"version-history":[{"count":0,"href":"https:\/\/www.europesays.com\/pt\/wp-json\/wp\/v2\/posts\/191412\/revisions"}],"wp:featuredmedia":[{"embeddable":true,"href":"https:\/\/www.europesays.com\/pt\/wp-json\/wp\/v2\/media\/191413"}],"wp:attachment":[{"href":"https:\/\/www.europesays.com\/pt\/wp-json\/wp\/v2\/media?parent=191412"}],"wp:term":[{"taxonomy":"category","embeddable":true,"href":"https:\/\/www.europesays.com\/pt\/wp-json\/wp\/v2\/categories?post=191412"},{"taxonomy":"post_tag","embeddable":true,"href":"https:\/\/www.europesays.com\/pt\/wp-json\/wp\/v2\/tags?post=191412"}],"curies":[{"name":"wp","href":"https:\/\/api.w.org\/{rel}","templated":true}]}}