{"id":191414,"date":"2025-12-17T00:08:10","date_gmt":"2025-12-17T00:08:10","guid":{"rendered":"https:\/\/www.europesays.com\/pt\/191414\/"},"modified":"2025-12-17T00:08:10","modified_gmt":"2025-12-17T00:08:10","slug":"o-exorcista-filme-de-mike-flanagan-escala-filho-de-scarlett-johansson","status":"publish","type":"post","link":"https:\/\/www.europesays.com\/pt\/191414\/","title":{"rendered":"O Exorcista | Filme de Mike Flanagan escala filho de Scarlett Johansson"},"content":{"rendered":"<p class=\"wp-block-yoast-seo-estimated-reading-time yoast-reading-time__wrapper\">Estimated reading time: 2 minutos<\/p>\n<p>O elenco da nova vers\u00e3o de <a href=\"https:\/\/ovicio.com.br\/tag\/o-exorcista-o-devoto\/\" rel=\"nofollow noopener\" target=\"_blank\">O Exorcista<\/a>, comandada por <strong>Mike Flanagan<\/strong> (A Maldi\u00e7\u00e3o da Resid\u00eancia Hill), acaba de ganhar um pequeno refor\u00e7o muito promissor.<\/p>\n<p>O jovem <strong>Jacobi Jupe<\/strong>, que atualmente brilha no aclamado drama <strong>Hamnet<\/strong>, foi confirmado na produ\u00e7\u00e3o da <strong>Blumhouse<\/strong> e <strong>Universal Pictures<\/strong>. Ele atuar\u00e1 ao lado de <a href=\"https:\/\/ovicio.com.br\/tag\/Scarlett-Johansson\/\" rel=\"nofollow noopener\" target=\"_blank\">Scarlett Johansson<\/a> (Vi\u00fava Negra), que lidera o projeto.<\/p>\n<p>Embora os detalhes da trama estejam sendo mantidos a sete chaves, fontes indicam que Jupe interpretar\u00e1 o filho da personagem de Johansson. As filmagens principais est\u00e3o agendadas para come\u00e7ar em mar\u00e7o, na cidade de Nova York.<\/p>\n<p>Uma nova abordagem<img fetchpriority=\"high\" decoding=\"async\" width=\"1024\" height=\"576\" src=\"https:\/\/www.europesays.com\/pt\/wp-content\/uploads\/2025\/12\/20251216-eac4203c2df8347475f77ec8ce61d7ca-1024x576.webp.webp\" alt=\"O ator Jacobi Jupe em Hamnet\" class=\"lazyload wp-image-875340\" style=\"aspect-ratio:16\/9;object-fit:cover\"  data-\/>O ator Jacobi Jupe em Hamnet (Reprodu\u00e7\u00e3o: Divulga\u00e7\u00e3o)<\/p>\n<p>Diferente da tentativa anterior do est\u00fadio com <strong>O Exorcista: O Devoto<\/strong> (2023), que fracassou em lan\u00e7ar uma nova trilogia, este projeto de Flanagan \u00e9 descrito como uma <strong>&#8220;itera\u00e7\u00e3o nova e ousada&#8221;<\/strong> da franquia.<\/p>\n<p>A <strong>Blumhouse<\/strong> refor\u00e7a que o longa n\u00e3o ser\u00e1 um remake do cl\u00e1ssico de 1973 e nem uma sequ\u00eancia direta dos filmes anteriores. A ideia \u00e9 trazer uma hist\u00f3ria original ambientada neste universo aterrorizante.<\/p>\n<p>Ainda n\u00e3o h\u00e1 uma data de lan\u00e7amento oficial para o novo <strong>O Exorcista<\/strong>, de <strong>Mike Flanagan<\/strong>.<\/p>\n<p>Leia tamb\u00e9m sobre O Exorcista:<\/p>\n","protected":false},"excerpt":{"rendered":"Estimated reading time: 2 minutos O elenco da nova vers\u00e3o de O Exorcista, comandada por Mike Flanagan (A&hellip;\n","protected":false},"author":2,"featured_media":191415,"comment_status":"","ping_status":"","sticky":false,"template":"","format":"standard","meta":{"footnotes":""},"categories":[140],"tags":[114,115,147,148,15637,146,4666,32,33,6343],"class_list":{"0":"post-191414","1":"post","2":"type-post","3":"status-publish","4":"format-standard","5":"has-post-thumbnail","7":"category-filmes","8":"tag-entertainment","9":"tag-entretenimento","10":"tag-film","11":"tag-filmes","12":"tag-mike-flanagan","13":"tag-movies","14":"tag-o-exorcista","15":"tag-portugal","16":"tag-pt","17":"tag-scarlett-johansson"},"share_on_mastodon":{"url":"https:\/\/pubeurope.com\/@pt\/115732002318553757","error":""},"_links":{"self":[{"href":"https:\/\/www.europesays.com\/pt\/wp-json\/wp\/v2\/posts\/191414","targetHints":{"allow":["GET"]}}],"collection":[{"href":"https:\/\/www.europesays.com\/pt\/wp-json\/wp\/v2\/posts"}],"about":[{"href":"https:\/\/www.europesays.com\/pt\/wp-json\/wp\/v2\/types\/post"}],"author":[{"embeddable":true,"href":"https:\/\/www.europesays.com\/pt\/wp-json\/wp\/v2\/users\/2"}],"replies":[{"embeddable":true,"href":"https:\/\/www.europesays.com\/pt\/wp-json\/wp\/v2\/comments?post=191414"}],"version-history":[{"count":0,"href":"https:\/\/www.europesays.com\/pt\/wp-json\/wp\/v2\/posts\/191414\/revisions"}],"wp:featuredmedia":[{"embeddable":true,"href":"https:\/\/www.europesays.com\/pt\/wp-json\/wp\/v2\/media\/191415"}],"wp:attachment":[{"href":"https:\/\/www.europesays.com\/pt\/wp-json\/wp\/v2\/media?parent=191414"}],"wp:term":[{"taxonomy":"category","embeddable":true,"href":"https:\/\/www.europesays.com\/pt\/wp-json\/wp\/v2\/categories?post=191414"},{"taxonomy":"post_tag","embeddable":true,"href":"https:\/\/www.europesays.com\/pt\/wp-json\/wp\/v2\/tags?post=191414"}],"curies":[{"name":"wp","href":"https:\/\/api.w.org\/{rel}","templated":true}]}}