{"id":191416,"date":"2025-12-17T00:09:12","date_gmt":"2025-12-17T00:09:12","guid":{"rendered":"https:\/\/www.europesays.com\/pt\/191416\/"},"modified":"2025-12-17T00:09:12","modified_gmt":"2025-12-17T00:09:12","slug":"ousmane-dembele-e-o-melhor-do-ano-no-the-best-futebol","status":"publish","type":"post","link":"https:\/\/www.europesays.com\/pt\/191416\/","title":{"rendered":"Ousmane Demb\u00e9l\u00e9 \u00e9 o melhor do ano no \u201cThe Best\u201d | Futebol"},"content":{"rendered":"<p>Em menos de 40 minutos, fic\u00e1mos a saber tudo, o que n\u00e3o \u00e9 nada vulgar em coisas organizadas pela FIFA \u2013 veja-se a intermin\u00e1vel cerim\u00f3nia do sorteio do Mundial 2026, que at\u00e9 teve um pr\u00e9mio de paz pelo meio. Neste jantar de pr\u00e9mios no Qatar para os \u201cThe Best\u201d de 2025, nada de grandes discursos, um galard\u00e3o atr\u00e1s do outro em velocidade supers\u00f3nica e, no final, o pr\u00e9mio de melhor jogador do ano para Ousmane Demb\u00e9l\u00e9, avan\u00e7ado do PSG. O franc\u00eas foi, ali\u00e1s, o \u00fanico de todos os premiados que subiu ao palco para receber o pr\u00e9mio da FIFA, numa noite dominada pela forma\u00e7\u00e3o parisiense, <a href=\"https:\/\/www.publico.pt\/2025\/05\/31\/desporto\/noticia\/psg-ganhar-champions-ja-nao-promessa-escrita-gelo-2135121\" rel=\"nofollow noopener\" target=\"_blank\">vencedora da \u00faltima edi\u00e7\u00e3o da Liga dos Campe\u00f5es<\/a> \u2013 ganhou ainda o pr\u00e9mio de melhor guarda-redes (Donnarumma), melhor treinador (Luis Enrique) e teve seis no melhor \u201conze\u201d do ano, incluindo Nuno Mendes e Vitinha.<\/p>\n<p>Demb\u00e9l\u00e9 foi sint\u00e9tico nos seus \u201cmerci\u201d: aos colegas, aos treinadores, \u00e0 fam\u00edlia, ao presidente do PSG e ao presidente da FIFA Gianni Infantino que, fic\u00e1mos a saber pela boca do internacional franc\u00eas, lhe mandou uma mensagem no anivers\u00e1rio. E foi assim que a FIFA tratou dos seus pr\u00e9mios anuais para melhor do ano, em menos de metade do tempo que dura um jogo de futebol.<\/p>\n<p>        &#13;<\/p>\n<blockquote class=\"twitter-tweet\" data-media-max-width=\"560\">\n<p lang=\"en\" dir=\"ltr\">Your <a href=\"https:\/\/twitter.com\/hashtag\/TheBest?src=hash&amp;ref_src=twsrc%5Etfw\" rel=\"nofollow noopener\" target=\"_blank\">#TheBest<\/a> FIFA Football Awards 2025 winners! ?? <a href=\"https:\/\/t.co\/tc95npfpyi\" rel=\"nofollow\">pic.twitter.com\/tc95npfpyi<\/a><\/p>\n<p>\u2014 FIFA World Cup (@FIFAWorldCup) <a href=\"https:\/\/twitter.com\/FIFAWorldCup\/status\/2000988101527695679?ref_src=twsrc%5Etfw\" rel=\"nofollow noopener\" target=\"_blank\">December 16, 2025<\/a><\/p><\/blockquote>\n<p> &#13;<\/p>\n<p>Foi tudo muito sint\u00e9tico, sem muita conversa e, sobretudo, sem os protagonistas \u2013 os anfitri\u00f5es, Alessandro del Piero e a modelo su\u00ed\u00e7a Melanie Winiger, n\u00e3o sa\u00edram do palco, Infantino esteve no in\u00edcio e no fim. <a href=\"https:\/\/www.publico.pt\/2025\/03\/29\/desporto\/noticia\/paris-amor-psg-apaixonouse-caos-2127854\" rel=\"nofollow noopener\" target=\"_blank\">Luis Enrique<\/a>, que est\u00e1 no Qatar com o PSG para defrontar nesta quarta-feira o Flamengo na Ta\u00e7a Intercontinental, n\u00e3o apareceu no jantar. Mandou o adjunto Rafael Pol, que tamb\u00e9m n\u00e3o deve ter ficado para o jantar \u2013 foi receber o pr\u00e9mio de fato de treino, agradeceu com um acenar de cabe\u00e7a e foi embora.<\/p>\n<p>Durante a curta cerim\u00f3nia, ouviu-se muitas vezes o nome PSG, que arrecadou muitos dos pr\u00e9mios. Para al\u00e9m de Demb\u00e9l\u00e9, que bateu na vota\u00e7\u00e3o Lamine Yamal (Barcelona) e Kylian Mbapp\u00e9 (Real Madrid), e Enrique, que superou Arne Slot (Liverpool) e Hansi Flick (Barcelona), Gigi Donnaruma, que se transferiu neste Ver\u00e3o para o City, foi eleito o melhor guarda-redes, e foram seis os jogadores do PSG no melhor \u201conze\u201d do ano: Donnarumma (PSG\/City), Hakimi (PSG), Pacho (PSG), Van Dijk (Liverpool), Nuno Mendes (PSG), Palmer (Chelsea), Bellingham (Real Madrid), Vitinha (PSG), Pedri (Barcelona), Yamal (Barcelona) e Demb\u00e9l\u00e9 (PSG).<\/p>\n<p>        &#13;<\/p>\n<blockquote class=\"twitter-tweet\" data-media-max-width=\"560\">\n<p lang=\"en\" dir=\"ltr\">Gianluigi Donnarumma is crowned <a href=\"https:\/\/twitter.com\/hashtag\/TheBest?src=hash&amp;ref_src=twsrc%5Etfw\" rel=\"nofollow noopener\" target=\"_blank\">#TheBest<\/a> FIFA Men&#8217;s Goalkeeper 2025! ??<\/p>\n<p>\u2014 FIFA World Cup (@FIFAWorldCup) <a href=\"https:\/\/twitter.com\/FIFAWorldCup\/status\/2000899070496260097?ref_src=twsrc%5Etfw\" rel=\"nofollow noopener\" target=\"_blank\">December 16, 2025<\/a><\/p><\/blockquote>\n<p> &#13;<\/p>\n<p>No que diz respeito ao pr\u00e9mio Puskas, que premeia o melhor golo do ano, o distinguindo foi Santiago Montiel, jogador do Independiente, pelo golo que marcou num jogo da liga com um pontap\u00e9 de bicicleta de fora da \u00e1rea. Entre os nomeados estava um portugu\u00eas, Kevin Rodrigues, lateral do Kas\u0131mpasa.<\/p>\n<p>        &#13;<\/p>\n<blockquote class=\"twitter-tweet\" data-media-max-width=\"560\">\n<p lang=\"tr\" dir=\"ltr\">?? Puskas \u00d6d\u00fcl\u00fc&#8217;n\u00fcn sahibi, attigi r\u00f6vesata gol\u00fcyle Santiago Montiel oldu.<a href=\"https:\/\/t.co\/B21dyZyilK\" rel=\"nofollow\">pic.twitter.com\/B21dyZyilK<\/a><\/p>\n<p>\u2014 Sabah Spor (@sabahspor) <a href=\"https:\/\/twitter.com\/sabahspor\/status\/2000937557845320036?ref_src=twsrc%5Etfw\" rel=\"nofollow noopener\" target=\"_blank\">December 16, 2025<\/a><\/p><\/blockquote>\n<p> &#13;<\/p>\n<p>Nos pr\u00e9mios femininos, <a href=\"http:\/\/publico.pt\/2024\/10\/29\/desporto\/perfil\/aitana-bonmati-mulher-catala-conquistou-independencia-2109901?ref=pesquisa&amp;cx=page__content\" rel=\"nofollow noopener\" target=\"_blank\">a espanhola Aitana Bonmati, m\u00e9dia do Barcelona<\/a>, foi considerada \u201cThe Best\u201d em 2025, ela que j\u00e1 tinha ganho este pr\u00e9mio em 2023 e 2024 \u2013 as outras duas finalistas foram as espanholas Alexia Putellas (Barcelona) e Mariona Caldentey (Arsenal). A neerlandesa Sarina Wiegman, seleccionadora de Inglaterra, foi eleita a melhor treinadora, a mexicana Lizbeth Ovalle recebeu o pr\u00e9mio Marta para o melhor golo.<\/p>\n<p>Carreira recuperada<\/p>\n<p>A primeira metade da presente \u00e9poca pode n\u00e3o estar a ser muito boa para Ousmane Demb\u00e9l\u00e9 \u2013 voltou a ser muito afectado por les\u00f5es e ainda s\u00f3 marcou tr\u00eas golos em 13 jogos, quase todos como suplente utilizado. Mas 2024-25 foi mesmo uma \u00e9poca de total supera\u00e7\u00e3o para o avan\u00e7ado franc\u00eas de 28 anos, a sua melhor de sempre a todos os n\u00edveis: 35 golos e 14 assist\u00eancias foram os seus n\u00fameros individuais, decisivos para as m\u00faltiplas conquistas do PSG, campe\u00e3o franc\u00eas, vencedor das duas ta\u00e7as, da Superta\u00e7a e da Champions. J\u00e1 tinha ficado com a Bola de Ouro da France Football, ficou agora com o \u201cThe Best\u201d da FIFA.<\/p>\n<p>Pode dizer-se que foi em Paris que Demb\u00e9l\u00e9 conseguiu recuperar uma carreira <a href=\"https:\/\/www.publico.pt\/2021\/11\/04\/desporto\/noticia\/dembele-voltou-jogou-25-minutos-lesionouse-1983686\" rel=\"nofollow noopener\" target=\"_blank\">que parecia desregulada no seu anterior clube, o Barcelona<\/a>. Contratado em 2017 ao Borussia Dortmund por um total de 135 milh\u00f5es para fazer esquecer Neymar (que tinha ido para o PSG), Demb\u00e9l\u00e9 passou anos muito dif\u00edceis na Catalunha, com muitas les\u00f5es que limitaram o seu impacto no &#8220;Bar\u00e7a&#8221;. Em 2023, os \u201cblaugrana\u201d venderam-no ao PSG por menos de metade do pre\u00e7o de custo (50 milh\u00f5es) e Demb\u00e9l\u00e9 como que renasceu, tornando-se na principal refer\u00eancia do ataque m\u00f3vel dos parisienses e ocupando com distin\u00e7\u00e3o o vazio deixado pela partida de Mbapp\u00e9, que nunca foi o melhor do mundo, nem para a France Football, nem para a FIFA.<\/p>\n<p>            <script async src=\"https:\/\/platform.twitter.com\/widgets.js\" charset=\"utf-8\"><\/script><\/p>\n","protected":false},"excerpt":{"rendered":"Em menos de 40 minutos, fic\u00e1mos a saber tudo, o que n\u00e3o \u00e9 nada vulgar em coisas organizadas&hellip;\n","protected":false},"author":2,"featured_media":191417,"comment_status":"","ping_status":"","sticky":false,"template":"","format":"standard","meta":{"footnotes":""},"categories":[87],"tags":[135,2698,524,138,32,33,134],"class_list":{"0":"post-191416","1":"post","2":"type-post","3":"status-publish","4":"format-standard","5":"has-post-thumbnail","7":"category-desporto","8":"tag-desporto","9":"tag-fifa","10":"tag-futebol","11":"tag-futebol-internacional","12":"tag-portugal","13":"tag-pt","14":"tag-sports"},"share_on_mastodon":{"url":"https:\/\/pubeurope.com\/@pt\/115732005750415885","error":""},"_links":{"self":[{"href":"https:\/\/www.europesays.com\/pt\/wp-json\/wp\/v2\/posts\/191416","targetHints":{"allow":["GET"]}}],"collection":[{"href":"https:\/\/www.europesays.com\/pt\/wp-json\/wp\/v2\/posts"}],"about":[{"href":"https:\/\/www.europesays.com\/pt\/wp-json\/wp\/v2\/types\/post"}],"author":[{"embeddable":true,"href":"https:\/\/www.europesays.com\/pt\/wp-json\/wp\/v2\/users\/2"}],"replies":[{"embeddable":true,"href":"https:\/\/www.europesays.com\/pt\/wp-json\/wp\/v2\/comments?post=191416"}],"version-history":[{"count":0,"href":"https:\/\/www.europesays.com\/pt\/wp-json\/wp\/v2\/posts\/191416\/revisions"}],"wp:featuredmedia":[{"embeddable":true,"href":"https:\/\/www.europesays.com\/pt\/wp-json\/wp\/v2\/media\/191417"}],"wp:attachment":[{"href":"https:\/\/www.europesays.com\/pt\/wp-json\/wp\/v2\/media?parent=191416"}],"wp:term":[{"taxonomy":"category","embeddable":true,"href":"https:\/\/www.europesays.com\/pt\/wp-json\/wp\/v2\/categories?post=191416"},{"taxonomy":"post_tag","embeddable":true,"href":"https:\/\/www.europesays.com\/pt\/wp-json\/wp\/v2\/tags?post=191416"}],"curies":[{"name":"wp","href":"https:\/\/api.w.org\/{rel}","templated":true}]}}