{"id":191422,"date":"2025-12-17T00:15:39","date_gmt":"2025-12-17T00:15:39","guid":{"rendered":"https:\/\/www.europesays.com\/pt\/191422\/"},"modified":"2025-12-17T00:15:39","modified_gmt":"2025-12-17T00:15:39","slug":"governo-disponivel-para-aproximar-posicoes-no-pacote-laboral-legislacao-laboral","status":"publish","type":"post","link":"https:\/\/www.europesays.com\/pt\/191422\/","title":{"rendered":"Governo dispon\u00edvel para \u201caproximar posi\u00e7\u00f5es\u201d no pacote laboral | Legisla\u00e7\u00e3o laboral"},"content":{"rendered":"<p>\u00c0 entrada para a reuni\u00e3o desta ter\u00e7a-feira com a ministra do Trabalho, o l\u00edder da UGT avisou que este n\u00e3o seria o momento para discutir medidas em concreto, mas mantinha a expectativa quanto \u00e0 disponibilidade do Governo para negociar todos os aspectos do <a href=\"https:\/\/www.publico.pt\/2025\/11\/19\/economia\/noticia\/governo-cede-ferias-trabalho-flexivel-mantem-maioria-propostas-2155276\" target=\"_blank\" rel=\"nofollow noopener\">pacote laboral<\/a> sem <a href=\"https:\/\/www.publico.pt\/2025\/12\/10\/economia\/noticia\/reforma-laboral-seis-medidas-estao-origem-greve-geral-2157680\" target=\"_blank\" rel=\"nofollow noopener\">\u201ctraves-mestras\u201d<\/a>. Passadas duas horas, Ros\u00e1rio Palma Ramalho garantiu que que est\u00e1 dispon\u00edvel para \u201caproximar as posi\u00e7\u00f5es\u201d e que espera receber propostas \u201cmais concretas\u201d dos parceiros sociais antes da reuni\u00e3o da Comiss\u00e3o Permanente de Concerta\u00e7\u00e3o Social (CPCS), marcada para 14 de Janeiro.<\/p>\n<p>\u201cO Governo manteve sempre total disponibilidade [para negociar], a atitude do Governo \u00e9 exactamente a mesma\u201d, garantiu no final do encontro que decorreu no Minist\u00e9rio do Trabalho, em Lisboa, lembrando que o executivo apresentou um anteprojecto de altera\u00e7\u00e3o \u00e0 legisla\u00e7\u00e3o laboral e \u201cn\u00e3o uma solu\u00e7\u00e3o acabada\u201d.<\/p>\n<p>\u201cA atitude do Governo \u00e9 agora exactamente igual \u00e0quela que \u00e9 desde o primeiro dia, n\u00e3o foi o Governo que suspendeu o processo de negocia\u00e7\u00e3o, foi a UGT que convocou a greve, e ao convocar a greve, suspendeu a negocia\u00e7\u00e3o\u201d, insistiu.<\/p>\n<p>Questionada sobre se o executivo estaria disposto a abdicar de algumas das medidas do pacote laboral, Ros\u00e1rio Palma Ramalho respondeu que o encontro n\u00e3o serviu para tratar do conte\u00fado do anteprojecto, mas para definir \u201cuma metodologia de negocia\u00e7\u00e3o\u201d.<\/p>\n<p>Evitando falar em eventuais recuos, lembrou que, \u201cquando h\u00e1 uma negocia\u00e7\u00e3o, as partes devem aproximar as suas posi\u00e7\u00f5es\u201d. \u201cN\u00f3s estamos dispostos para aproximar as posi\u00e7\u00f5es, a medida concreta dessa aproxima\u00e7\u00e3o s\u00f3 pode ser determinada nas reuni\u00f5es da concerta\u00e7\u00e3o social\u201d, garantiu.<\/p>\n<p>UGT promete apresentar propostas que n\u00e3o est\u00e3o no pacote do Governo<\/p>\n<p>O l\u00edder da UGT, <a href=\"https:\/\/www.publico.pt\/2025\/12\/16\/economia\/noticia\/pacote-laboral-ugt-desafia-governo-definir-traves-mestras-negociacao-2158196\" rel=\"nofollow noopener\" target=\"_blank\">M\u00e1rio Mour\u00e3o<\/a>, saiu optimista da reuni\u00e3o, que considerou \u201cmuito produtiva\u201d e \u201ctrouxe para a mesa novamente a confian\u00e7a que \u00e9 preciso\u201d para continuarem a negociar o pacote laboral do Governo.<\/p>\n<p>\u201cEstou optimista face aquilo que ouvi da parte do Governo: total disponibilidade para a negocia\u00e7\u00e3o. Temos, neste momento, a garantia de total disponibilidade para o Governo ouvir as posi\u00e7\u00f5es\u201d, resumiu, evitando falar sobre as garantias que ter\u00e1 recebido quanto \u00e0s chamadas traves mestras do anteprojecto.<\/p>\n<p>Mour\u00e3o defendeu que al\u00e9m das reuni\u00f5es bilaterais, que n\u00e3o t\u00eam data e que servem para esclarecer d\u00favidas, \u201c\u00e9 bom tamb\u00e9m que a gente v\u00e1 ao plen\u00e1rio da CPCS, porque esta negocia\u00e7\u00e3o n\u00e3o pode ser uma negocia\u00e7\u00e3o bilateral, tem mais gente, h\u00e1 outros parceiros que t\u00eam que estar nesta negocia\u00e7\u00e3o\u201d.<\/p>\n<p>A central sindical prometeu apresentar novas propostas, incluindo medidas que n\u00e3o constam do anteprojecto apresentado em Julho e que motivou a <a href=\"https:\/\/www.publico.pt\/2025\/12\/11\/economia\/noticia\/greve-geral-inexpressiva-governo-maior-sindicatos-2157783\" target=\"_blank\" rel=\"nofollow noopener\">greve geral <\/a>de 11 de Dezembro. Essas medidas ser\u00e3o abordadas na reuni\u00e3o dos \u00f3rg\u00e3os da central desta semana.<\/p>\n","protected":false},"excerpt":{"rendered":"\u00c0 entrada para a reuni\u00e3o desta ter\u00e7a-feira com a ministra do Trabalho, o l\u00edder da UGT avisou que&hellip;\n","protected":false},"author":2,"featured_media":191423,"comment_status":"","ping_status":"","sticky":false,"template":"","format":"standard","meta":{"footnotes":""},"categories":[10],"tags":[27,28,476,15,16,301,14,25,26,848,21,22,12,13,19,20,32,23,24,33,17,18,31790,29,30,31],"class_list":{"0":"post-191422","1":"post","2":"type-post","3":"status-publish","4":"format-standard","5":"has-post-thumbnail","7":"category-portugal","8":"tag-breaking-news","9":"tag-breakingnews","10":"tag-economia","11":"tag-featured-news","12":"tag-featurednews","13":"tag-governo","14":"tag-headlines","15":"tag-latest-news","16":"tag-latestnews","17":"tag-legislacao-laboral","18":"tag-main-news","19":"tag-mainnews","20":"tag-news","21":"tag-noticias","22":"tag-noticias-principais","23":"tag-noticiasprincipais","24":"tag-portugal","25":"tag-principais-noticias","26":"tag-principaisnoticias","27":"tag-pt","28":"tag-top-stories","29":"tag-topstories","30":"tag-ugt","31":"tag-ultimas","32":"tag-ultimas-noticias","33":"tag-ultimasnoticias"},"share_on_mastodon":{"url":"https:\/\/pubeurope.com\/@pt\/115732029323463301","error":""},"_links":{"self":[{"href":"https:\/\/www.europesays.com\/pt\/wp-json\/wp\/v2\/posts\/191422","targetHints":{"allow":["GET"]}}],"collection":[{"href":"https:\/\/www.europesays.com\/pt\/wp-json\/wp\/v2\/posts"}],"about":[{"href":"https:\/\/www.europesays.com\/pt\/wp-json\/wp\/v2\/types\/post"}],"author":[{"embeddable":true,"href":"https:\/\/www.europesays.com\/pt\/wp-json\/wp\/v2\/users\/2"}],"replies":[{"embeddable":true,"href":"https:\/\/www.europesays.com\/pt\/wp-json\/wp\/v2\/comments?post=191422"}],"version-history":[{"count":0,"href":"https:\/\/www.europesays.com\/pt\/wp-json\/wp\/v2\/posts\/191422\/revisions"}],"wp:featuredmedia":[{"embeddable":true,"href":"https:\/\/www.europesays.com\/pt\/wp-json\/wp\/v2\/media\/191423"}],"wp:attachment":[{"href":"https:\/\/www.europesays.com\/pt\/wp-json\/wp\/v2\/media?parent=191422"}],"wp:term":[{"taxonomy":"category","embeddable":true,"href":"https:\/\/www.europesays.com\/pt\/wp-json\/wp\/v2\/categories?post=191422"},{"taxonomy":"post_tag","embeddable":true,"href":"https:\/\/www.europesays.com\/pt\/wp-json\/wp\/v2\/tags?post=191422"}],"curies":[{"name":"wp","href":"https:\/\/api.w.org\/{rel}","templated":true}]}}