{"id":191426,"date":"2025-12-17T00:18:10","date_gmt":"2025-12-17T00:18:10","guid":{"rendered":"https:\/\/www.europesays.com\/pt\/191426\/"},"modified":"2025-12-17T00:18:10","modified_gmt":"2025-12-17T00:18:10","slug":"tela-de-tarsila-vai-para-chao-da-casa-de-herdeiro-do-itau-16-12-2025-ilustrada","status":"publish","type":"post","link":"https:\/\/www.europesays.com\/pt\/191426\/","title":{"rendered":"Tela de Tarsila vai para ch\u00e3o da casa de herdeiro do Ita\u00fa &#8211; 16\/12\/2025 &#8211; Ilustrada"},"content":{"rendered":"<p>Um quadro de <a href=\"https:\/\/www1.folha.uol.com.br\/folha-topicos\/tarsila-do-amaral\/\" rel=\"nofollow noopener\" target=\"\">Tarsila do Amaral <\/a>tem gerado burburinho no mundo da arte desde que apareceu no ch\u00e3o da casa do ex-presidente do <a href=\"https:\/\/www1.folha.uol.com.br\/folha-topicos\/itau\/\" rel=\"nofollow noopener\" target=\"\">Ita\u00fa<\/a>, Roberto Setubal, escorado numa parede. \u00c9 &#8220;Sol Poente&#8221;, de 1929, uma pintura da fase mais valiosa da artista, da mesma \u00e9poca em que criou <a href=\"https:\/\/www1.folha.uol.com.br\/colunas\/monicabergamo\/2023\/03\/como-nasceu-o-abaporu-e-a-negra-estudos-de-tarsila-do-amaral-para-suas-obras-entram-em-exposicao.shtml\" rel=\"nofollow noopener\" target=\"\">&#8220;Abaporu&#8221;, sua obra m\u00e1xima<\/a>.<\/p>\n<p>Alvo de uma disputa judicial, &#8220;Sol Poente&#8221; foi visto numa publica\u00e7\u00e3o no Instagram de <a href=\"https:\/\/www1.folha.uol.com.br\/colunas\/redesocial\/2025\/02\/nao-nasci-para-ser-madame-mas-para-produzir-diz-dani-fagundes-ex-setubal.shtml\" rel=\"nofollow noopener\" target=\"\">Daniela Fagundes, a ex-mulher do banqueiro<\/a>. Aparentemente sem querer, ela enquadrou a obra no fundo de uma imagem. O post, feito no ano passado, ficou minutos no ar. O tempo, por\u00e9m, foi suficiente para muita gente ver, registrar e dar in\u00edcio aos rumores.<\/p>\n<p><a href=\"https:\/\/www1.folha.uol.com.br\/ilustrada\/2022\/08\/conheca-a-historia-por-tras-de-obra-roubada-de-tarsila-sol-poente.shtml\" rel=\"nofollow noopener\" target=\"\">&#8220;Sol Poente&#8221; foi um dos quadros recuperados em agosto de 2022<\/a> numa opera\u00e7\u00e3o policial. Ele havia sido furtado de sua dona, Genevi\u00e8ve Boghici, vi\u00fava de <a href=\"https:\/\/www1.folha.uol.com.br\/ilustrada\/2015\/06\/1636313-morre-o-colecionador-de-arte-jean-boghici-um-dos-mais-influentes-do-pais.shtml\" rel=\"nofollow noopener\" target=\"\">Jean Boghici, um dos principais colecionadores e negociantes de arte do Brasil<\/a>, morto h\u00e1 dez anos. Essa pintura de Tarsila foi encontrada pela pol\u00edcia embaixo da cama no apartamento de uma das acusadas do crime.<\/p>\n<p>O caso, com ares cinematogr\u00e1ficos, vai <a href=\"https:\/\/www1.folha.uol.com.br\/ilustrada\/2025\/09\/caso-de-roubo-de-colecao-de-jean-boghici-pela-propria-filha-vai-virar-serie-na-hbo.shtml\" rel=\"nofollow noopener\" target=\"_blank\">virar uma s\u00e9rie da HBO<\/a>. Genevi\u00e8ve foi v\u00edtima de um <a href=\"https:\/\/www1.folha.uol.com.br\/cotidiano\/2022\/08\/filha-e-presa-por-roubar-700-milhoes-e-quadro-de-tarsila-do-amaral-da-mae.shtml\" rel=\"nofollow noopener\" target=\"\">golpe orquestrado por uma de suas filhas, Sabine<\/a>, e por uma suposta cartomante. A dupla, junto a seus comparsas, teria oferecido servi\u00e7os espirituais \u00e0 idosa e a mantido em c\u00e1rcere privado durante um ano para furtar obras de sua cole\u00e7\u00e3o, com um preju\u00edzo estimado em R$ 725 milh\u00f5es.<\/p>\n<p>Avaliada em R$ 250 milh\u00f5es pela Justi\u00e7a, &#8220;Sol Poente&#8221; \u00e9 uma pintura a \u00f3leo de 54 por 65 cent\u00edmetros onde um sol se espalha, em arcos laranjas e amarelos vibrantes, pelo c\u00e9u de uma paisagem povoada por formas que remetem a cactos e capivaras. Uma das obras mais caras da mestre do modernismo brasileiro, \u00e9 procurada por museus dentro e fora do Brasil para exposi\u00e7\u00f5es da pintora.<\/p>\n<p>Agora, tamb\u00e9m \u00e9 procurada pela Justi\u00e7a, que pede que Genevi\u00e8ve informe o paradeiro da pintura. &#8220;Est\u00e1 comigo, num lugar seguro&#8221;, afirma ela, numa conversa por telefone nesta segunda-feira. &#8220;N\u00e3o vou dizer nem se est\u00e1 no norte nem no sul. Est\u00e1 bem cuidado&#8221;, responde, ao ser questionada se o quadro est\u00e1 em sua casa.<\/p>\n<p>Genevi\u00e8ve, de 86 anos, diz que &#8220;Sol Poente&#8221; est\u00e1 com a sua fam\u00edlia h\u00e1 mais ou menos meio s\u00e9culo. Ela e o marido tiveram a obra pendurada numa parede do quarto, &#8220;o melhor lugar da casa&#8221;, diz.<\/p>\n<p>Genevi\u00e8ve herdou esta e mais de 200 obras de arte. Fazem parte da heran\u00e7a outras duas telas de Tarsila, &#8220;O Sono&#8221;, avaliada em R$ 300 milh\u00f5es, e &#8220;Pont Neuf&#8221;, em R$ 150 milh\u00f5es, ambas alvos do mesmo processo judicial e tamb\u00e9m recuperadas pela pol\u00edcia na ocasi\u00e3o em que o golpe contra ela foi desvendado. &#8220;Evidentemente est\u00e3o comigo, em lugar seguro&#8221;, diz Genevi\u00e8ve.<\/p>\n<p>No processo contra a vi\u00fava, que corre em segredo, ela \u00e9 intimada a divulgar a integralidade da heran\u00e7a, incluindo todas as obras de arte que seu marido deixou, para que elas possam ser listadas no invent\u00e1rio junto com os im\u00f3veis da fam\u00edlia e divididas entre os herdeiros.<\/p>\n<p>Al\u00e9m de Genevi\u00e8ve \u2014que tem direito \u00e0 metade dos bens amealhados pelo casal\u2014, h\u00e1 sua filha Muriel e o esp\u00f3lio de sua outra filha, Sabine, representado por um inventariante nomeado pela Justi\u00e7a. <a href=\"https:\/\/www1.folha.uol.com.br\/cotidiano\/2023\/09\/investigacao-sobre-morte-de-sabine-boghici-indica-suicidio-afirma-delegado.shtml#:~:text=Roberto%20Cardoso%2C%20delegado%20da%2015%C2%AA,%2C%20na%20quinta%20(14).\" rel=\"nofollow noopener\" target=\"\">Sabine se suicidou h\u00e1 pouco mais de dois anos<\/a>, depois de ficar alguns meses presa, acusada do golpe, e sair da cadeia.<\/p>\n<p>Sabine era casada com Rosa Stanesco, que tem um filho adotivo, e fez um testamento deixando toda a sua heran\u00e7a para a crian\u00e7a, hoje um pr\u00e9-adolescente. Contudo, a uni\u00e3o das duas \u00e9 alvo de uma a\u00e7\u00e3o anulat\u00f3ria na Justi\u00e7a, assim como o testamento. O garoto n\u00e3o \u00e9 filho adotivo de Sabine, apenas de Stanesco.<\/p>\n<p>Ainda segundo o processo, Genevi\u00e8ve n\u00e3o declarou ao esp\u00f3lio outras 18 obras de arte de nomes como Rubens Gerchman, Antonio Bandeira, Cicero Dias, Maria Martins, Almir Mavigner e Rubem Valentim, num total de cerca de R$ 48 milh\u00f5es. Os trabalhos foram vendidos a alguns dos galeristas mais ricos do pa\u00eds, anos depois da morte de seu marido.<\/p>\n<p>Procurados pela Justi\u00e7a, os compradores apresentaram os recibos de compra e os comprovantes de pagamento de todas as obras.<\/p>\n<p>Questionada se vendeu obras de arte que deveriam constar do invent\u00e1rio, Genevi\u00e8ve diz que &#8220;n\u00e3o vai comentar nada&#8221;, que &#8220;o juiz pode saber&#8221; e que &#8220;processo judicial \u00e9 processo judicial&#8221;. H\u00e1 uma leveza em seu jeito de falar mesmo quando confrontada com assuntos complicados. &#8220;\u00c9 tanta mentira, tanta cal\u00fania, que eu prefiro n\u00e3o responder&#8221;, acrescenta, sobre os rumores acerca da heran\u00e7a.<\/p>\n<p>De acordo com uma fonte pr\u00f3xima ao processo do invent\u00e1rio, a vi\u00fava deveria ter informado e tamb\u00e9m pedido autoriza\u00e7\u00e3o para a Justi\u00e7a antes de vender qualquer obra, porque os bens da heran\u00e7a s\u00e3o indivis\u00edveis at\u00e9 a partilha. Ou seja, os quadros, incluindo as telas de Tarsila, precisariam ficar congelados at\u00e9 o final dos tr\u00e2mites legais, sem circular pelo mercado.<\/p>\n<p>Quadro no ch\u00e3o<\/p>\n<p>Mas, ent\u00e3o, como &#8220;Sol Poente&#8221; foi parar no ch\u00e3o da casa de um banqueiro bilion\u00e1rio? Daniela Fagundes, a ex-mulher de Roberto Setubal, disse em publica\u00e7\u00f5es no Instagram que a obra havia chegado at\u00e9 a casa deles, no ano passado, via <a href=\"https:\/\/www1.folha.uol.com.br\/colunas\/plastico\/2025\/11\/almeida-dale-compra-bolsa-de-arte-e-expande-operacao-para-o-sul-do-pais.shtml\" rel=\"nofollow noopener\" target=\"\">galeria Almeida &amp; Dale, a mais poderosa do Brasil<\/a>.<\/p>\n<p>A Almeida &amp; Dale, afirmou Fagundes, tamb\u00e9m teria enviado um email a Setubal solicitando que ele pedisse para sua ex-mulher apagar a publica\u00e7\u00e3o onde o quadro de Tarsila aparecia, porque a obra estava envolvida em problemas judiciais.<\/p>\n<p>Consultada, a galeria Almeida &amp; Dale informa que &#8220;n\u00e3o possui qualquer registro, documento, consigna\u00e7\u00e3o ou opera\u00e7\u00e3o envolvendo a obra \u2018Sol Poente\u2019&#8221;, a mesma explica\u00e7\u00e3o que deu para a Justi\u00e7a, de acordo com os processos aos quais a reportagem teve acesso. A galeria n\u00e3o comentou o suposto pedido que teria feito a Setubal para sumir com a obra do Instagram de sua ex-mulher.<\/p>\n<p>Setubal n\u00e3o falou com a reportagem. De acordo com uma pessoa pr\u00f3xima a ele, o quadro lhe foi oferecido e esteve em sua casa \u2014praxe no mercado para obras de valor elevado\u2014, mas ele se deu conta que o neg\u00f3cio n\u00e3o era bom, porque a obra tinha uma situa\u00e7\u00e3o jur\u00eddica complicada, e n\u00e3o comprou a tela.<\/p>\n<p>O informante n\u00e3o quis contar quem ofertou a pintura ao banqueiro. Genevi\u00e8ve, por sua vez, afirma nunca ter negociado &#8220;Sol Poente&#8221; com a Almeida &amp; Dale ou com qualquer outra galeria. Ela diz que a obra ter aparecido numa foto na casa de Setubal \u00e9 produto da intelig\u00eancia artificial.<\/p>\n<p>&#8220;\u00c9 tudo mentira. O quadro nunca saiu de perto de mim, ent\u00e3o como? \u00c9 uma fotografia. Pode ser uma c\u00f3pia do quadro. E bota na casa de uma dign\u00edssima senhora, muito conhecida, que teria condi\u00e7\u00e3o de comprar uma Tarsila&#8221;, diz.<\/p>\n<p>Ela acrescenta que, se um dia vender o quadro, o mundo inteiro vai ficar sabendo, e se diz horrorizada com o local dedicado a uma das obras m\u00e1ximas da pintura brasileira na casa de Setubal. &#8220;O lugar estava muito mal escolhido. O quadro estava l\u00e1 embaixo de uma coluna com v\u00e1rios quadros, o da Tarsila \u00e9 o \u00faltimo, l\u00e1 embaixo. Passa um cachorro ali, faz xixi em cima. Uma Tarsila tem que ter um lugar de destaque.&#8221;<\/p>\n","protected":false},"excerpt":{"rendered":"Um quadro de Tarsila do Amaral tem gerado burburinho no mundo da arte desde que apareceu no ch\u00e3o&hellip;\n","protected":false},"author":2,"featured_media":191427,"comment_status":"","ping_status":"","sticky":false,"template":"","format":"standard","meta":{"footnotes":""},"categories":[144],"tags":[207,205,206,559,203,201,202,204,114,115,236,32,33,15722],"class_list":{"0":"post-191426","1":"post","2":"type-post","3":"status-publish","4":"format-standard","5":"has-post-thumbnail","7":"category-arte-e-design","8":"tag-arte","9":"tag-arte-e-design","10":"tag-artedesign","11":"tag-artes-plasticas","12":"tag-arts","13":"tag-arts-and-design","14":"tag-artsanddesign","15":"tag-design","16":"tag-entertainment","17":"tag-entretenimento","18":"tag-folha","19":"tag-portugal","20":"tag-pt","21":"tag-tarsila-do-amaral"},"share_on_mastodon":{"url":"https:\/\/pubeurope.com\/@pt\/115732041156326261","error":""},"_links":{"self":[{"href":"https:\/\/www.europesays.com\/pt\/wp-json\/wp\/v2\/posts\/191426","targetHints":{"allow":["GET"]}}],"collection":[{"href":"https:\/\/www.europesays.com\/pt\/wp-json\/wp\/v2\/posts"}],"about":[{"href":"https:\/\/www.europesays.com\/pt\/wp-json\/wp\/v2\/types\/post"}],"author":[{"embeddable":true,"href":"https:\/\/www.europesays.com\/pt\/wp-json\/wp\/v2\/users\/2"}],"replies":[{"embeddable":true,"href":"https:\/\/www.europesays.com\/pt\/wp-json\/wp\/v2\/comments?post=191426"}],"version-history":[{"count":0,"href":"https:\/\/www.europesays.com\/pt\/wp-json\/wp\/v2\/posts\/191426\/revisions"}],"wp:featuredmedia":[{"embeddable":true,"href":"https:\/\/www.europesays.com\/pt\/wp-json\/wp\/v2\/media\/191427"}],"wp:attachment":[{"href":"https:\/\/www.europesays.com\/pt\/wp-json\/wp\/v2\/media?parent=191426"}],"wp:term":[{"taxonomy":"category","embeddable":true,"href":"https:\/\/www.europesays.com\/pt\/wp-json\/wp\/v2\/categories?post=191426"},{"taxonomy":"post_tag","embeddable":true,"href":"https:\/\/www.europesays.com\/pt\/wp-json\/wp\/v2\/tags?post=191426"}],"curies":[{"name":"wp","href":"https:\/\/api.w.org\/{rel}","templated":true}]}}