{"id":191443,"date":"2025-12-17T00:37:10","date_gmt":"2025-12-17T00:37:10","guid":{"rendered":"https:\/\/www.europesays.com\/pt\/191443\/"},"modified":"2025-12-17T00:37:10","modified_gmt":"2025-12-17T00:37:10","slug":"fundacao-pro-memoria-prorroga-inscricoes-para-concurso-de-fotografias-ate-fevereiro-de-2026","status":"publish","type":"post","link":"https:\/\/www.europesays.com\/pt\/191443\/","title":{"rendered":"Funda\u00e7\u00e3o Pr\u00f3-Mem\u00f3ria prorroga inscri\u00e7\u00f5es para Concurso de Fotografias at\u00e9 fevereiro de 2026"},"content":{"rendered":"<p><img loading=\"lazy\" decoding=\"async\" width=\"780\" height=\"530\" src=\"https:\/\/www.europesays.com\/pt\/wp-content\/uploads\/2025\/12\/267dfb2c-a638-4473-b908-f74b1c727bcf.jpeg\" alt=\"Funda\u00e7\u00e3o Pr\u00f3 Mem\u00f3ria - Cr\u00e9dito: Divulga\u00e7\u00e3o\"\/>Funda\u00e7\u00e3o Pr\u00f3 Mem\u00f3ria &#8211;   <strong>Cr\u00e9dito: Divulga\u00e7\u00e3o<\/strong><\/p>\n<p>A Funda\u00e7\u00e3o Pr\u00f3-Mem\u00f3ria de S\u00e3o Carlos anunciou a prorroga\u00e7\u00e3o do prazo de inscri\u00e7\u00f5es para o Concurso de Fotografias, que agora seguem abertas at\u00e9 o dia 27 de fevereiro de 2026. A extens\u00e3o amplia a oportunidade de participa\u00e7\u00e3o para fot\u00f3grafos profissionais, amadores e entusiastas da arte visual interessados em registrar diferentes olhares sobre a cidade.<\/p>\n<p>Com o tema \u201cTurismo em S\u00e3o Carlos\u201d, o concurso convida os participantes a retratarem paisagens, pontos tur\u00edsticos, cenas do cotidiano e experi\u00eancias que valorizem a identidade local, evidenciando a diversidade cultural e os atrativos do munic\u00edpio.<\/p>\n<p>As inscri\u00e7\u00f5es s\u00e3o gratuitas e devem ser feitas exclusivamente pelo site oficial da Funda\u00e7\u00e3o Pr\u00f3-Mem\u00f3ria, onde tamb\u00e9m est\u00e1 dispon\u00edvel o edital completo com todas as informa\u00e7\u00f5es sobre requisitos, categorias, crit\u00e9rios de avalia\u00e7\u00e3o e normas para o envio das imagens digitais.<\/p>\n<p>Podem participar pessoas maiores de 18 anos, sendo permitida a inscri\u00e7\u00e3o de mais de um trabalho in\u00e9dito por participante. As fotografias ser\u00e3o avaliadas por uma comiss\u00e3o julgadora, que levar\u00e1 em conta crit\u00e9rios como fidelidade ao tema, criatividade, composi\u00e7\u00e3o, originalidade e emo\u00e7\u00e3o transmitida pelas imagens.<\/p>\n<p>Os tr\u00eas primeiros colocados receber\u00e3o premia\u00e7\u00e3o em dinheiro, sendo R$ 1.200 para o primeiro lugar, R$ 800 para o segundo e R$ 500 para o terceiro. Todas as fotografias inscritas passar\u00e3o a integrar o acervo da Funda\u00e7\u00e3o Pr\u00f3-Mem\u00f3ria e poder\u00e3o ser utilizadas em exposi\u00e7\u00f5es, materiais impressos e digitais, sempre com a devida identifica\u00e7\u00e3o e cr\u00e9dito aos autores.<\/p>\n<p>A presidente da Funda\u00e7\u00e3o Pr\u00f3-Mem\u00f3ria, Maria Isabel Alves Lima, ressaltou a import\u00e2ncia da iniciativa para a valoriza\u00e7\u00e3o do munic\u00edpio. \u201cQueremos que os moradores de S\u00e3o Carlos olhem para sua cidade com sensibilidade e criatividade. O concurso \u00e9 uma oportunidade de registrar o turismo local em suas m\u00faltiplas dimens\u00f5es, refor\u00e7ando o v\u00ednculo da popula\u00e7\u00e3o com sua hist\u00f3ria e cultura e preservando nossa mem\u00f3ria para futuras gera\u00e7\u00f5es\u201d, afirmou.<\/p>\n<p>O resultado final do concurso ser\u00e1 divulgado no site oficial e nas redes sociais da Funda\u00e7\u00e3o Pr\u00f3-Mem\u00f3ria de S\u00e3o Carlos.\n<\/p>\n<p> <a href=\"https:\/\/wa.me\/?text=Funda\u00e7\u00e3o Pr\u00f3-Mem\u00f3ria prorroga inscri\u00e7\u00f5es para Concurso de Fotografias at\u00e9 fevereiro de 2026 - https:\/\/www.saocarlosagora.com.br\/cidade\/fundacao-pro-memoria-prorroga-inscricoes-para-concurso-de-fotografias\/190223\/\" target=\"_blank\" aria-label=\"Compartilhar no Whatsapp\" class=\"share whats\" rel=\"nofollow noopener\"><\/a>\t<\/p>\n<p>Leia Tamb\u00e9m<a href=\"https:\/\/www.saocarlosagora.com.br\/ultimas-noticias\/\" title=\"\u00daltimas Not\u00edcias de S\u00e3o Carlos e Regi\u00e3o\" class=\"btMais\" rel=\"nofollow noopener\" target=\"_blank\">\u00daltimas Not\u00edcias<\/a><\/p>\n","protected":false},"excerpt":{"rendered":"Funda\u00e7\u00e3o Pr\u00f3 Mem\u00f3ria &#8211; Cr\u00e9dito: Divulga\u00e7\u00e3o A Funda\u00e7\u00e3o Pr\u00f3-Mem\u00f3ria de S\u00e3o Carlos anunciou a prorroga\u00e7\u00e3o do prazo de&hellip;\n","protected":false},"author":2,"featured_media":191444,"comment_status":"","ping_status":"","sticky":false,"template":"","format":"standard","meta":{"footnotes":""},"categories":[144],"tags":[207,205,206,203,201,202,204,114,115,32,33],"class_list":{"0":"post-191443","1":"post","2":"type-post","3":"status-publish","4":"format-standard","5":"has-post-thumbnail","7":"category-arte-e-design","8":"tag-arte","9":"tag-arte-e-design","10":"tag-artedesign","11":"tag-arts","12":"tag-arts-and-design","13":"tag-artsanddesign","14":"tag-design","15":"tag-entertainment","16":"tag-entretenimento","17":"tag-portugal","18":"tag-pt"},"share_on_mastodon":{"url":"https:\/\/pubeurope.com\/@pt\/115732116156252371","error":""},"_links":{"self":[{"href":"https:\/\/www.europesays.com\/pt\/wp-json\/wp\/v2\/posts\/191443","targetHints":{"allow":["GET"]}}],"collection":[{"href":"https:\/\/www.europesays.com\/pt\/wp-json\/wp\/v2\/posts"}],"about":[{"href":"https:\/\/www.europesays.com\/pt\/wp-json\/wp\/v2\/types\/post"}],"author":[{"embeddable":true,"href":"https:\/\/www.europesays.com\/pt\/wp-json\/wp\/v2\/users\/2"}],"replies":[{"embeddable":true,"href":"https:\/\/www.europesays.com\/pt\/wp-json\/wp\/v2\/comments?post=191443"}],"version-history":[{"count":0,"href":"https:\/\/www.europesays.com\/pt\/wp-json\/wp\/v2\/posts\/191443\/revisions"}],"wp:featuredmedia":[{"embeddable":true,"href":"https:\/\/www.europesays.com\/pt\/wp-json\/wp\/v2\/media\/191444"}],"wp:attachment":[{"href":"https:\/\/www.europesays.com\/pt\/wp-json\/wp\/v2\/media?parent=191443"}],"wp:term":[{"taxonomy":"category","embeddable":true,"href":"https:\/\/www.europesays.com\/pt\/wp-json\/wp\/v2\/categories?post=191443"},{"taxonomy":"post_tag","embeddable":true,"href":"https:\/\/www.europesays.com\/pt\/wp-json\/wp\/v2\/tags?post=191443"}],"curies":[{"name":"wp","href":"https:\/\/api.w.org\/{rel}","templated":true}]}}