{"id":191455,"date":"2025-12-17T00:47:11","date_gmt":"2025-12-17T00:47:11","guid":{"rendered":"https:\/\/www.europesays.com\/pt\/191455\/"},"modified":"2025-12-17T00:47:11","modified_gmt":"2025-12-17T00:47:11","slug":"cometa-interestelar-3i-atlas-faz-maior-aproximacao-a-terra-observador","status":"publish","type":"post","link":"https:\/\/www.europesays.com\/pt\/191455\/","title":{"rendered":"Cometa interestelar 3I\/Atlas faz maior aproxima\u00e7\u00e3o \u00e0 Terra \u2013 Observador"},"content":{"rendered":"<p>O cometa interestelar 3I\/Atlas vai fazer na sexta-feira a sua <strong>maior aproxima\u00e7\u00e3o \u00e0 Terra<\/strong>, da qual distar\u00e1 <strong>270 milh\u00f5es de quil\u00f3metros<\/strong>, quase 1,8 vezes a dist\u00e2ncia que separa o planeta do Sol.<\/p>\n<p>Antes, na sua viagem pelo Sistema Solar, o cometa esteve <strong>mais perto do Sol<\/strong> em 29 de outubro e de Marte em 3 de outubro.<\/p>\n<p>O 3I\/Atlas foi <a href=\"https:\/\/observador.pt\/2025\/07\/04\/astronomos-detetam-novo-cometa-com-origem-fora-do-sistema-solar-o-terceiro-do-genero\/\" rel=\"nofollow noopener\" target=\"_blank\">detetado pela primeira vez em 1 de julho<\/a> pelo telesc\u00f3pio ATLAS, no Chile, sendo o <strong>terceiro cometa<\/strong> confirmado com origem fora do Sistema Solar, depois de 1I\/Oumuamua, em 2017, e 2I\/Borisov, em 2019.<\/p>\n<p>O cometa 3I\/Atlas tem um n\u00facleo estimado em entre 10 e 30 quil\u00f3metros de <strong>di\u00e2metro<\/strong>, viaja a uma <strong>velocidade<\/strong> superior a 68 quil\u00f3metros por segundo na sua passagem pelo interior do Sistema Solar e a sua <strong>\u00f3rbita<\/strong> \u00e9 hiperb\u00f3lica.<\/p>\n<p>Planetas, luas, asteroides e cometas do Sistema Solar partilham uma origem comum, enquanto corpos interestelares como o cometa 3I\/Atlas s\u00e3o aut\u00eanticos \u201c<strong>forasteiros<\/strong>\u201c, transportando pistas sobre a forma\u00e7\u00e3o de outros mundos.<\/p>\n<p>Segundo os cientistas, o 3I\/Atlas pode ter tido origem num <strong>sistema estelar muito mais antigo do que o Sistema Solar.<\/strong><\/p>\n<p>Observa\u00e7\u00f5es realizadas em finais de agosto pelo telesc\u00f3pio espacial James Webb da \u201ccoma\u201d [nuvem de g\u00e1s e poeira] do cometa revelaram a liberta\u00e7\u00e3o de di\u00f3xido de carbono, \u00e1gua, mon\u00f3xido de carbono e oxissulfeto de carbono \u00e0 medida que 3I\/Atlas aquecia.<\/p>\n<p>Em mar\u00e7o, o cometa ir\u00e1 estar mais perto de <strong>J\u00fapiter, o maior planeta do Sistema Solar<\/strong>, do qual distar\u00e1 53 milh\u00f5es de quil\u00f3metros.<\/p>\n<p>O regresso do 3I\/Atlas ao espa\u00e7o interestelar est\u00e1 <strong>previsto para meados da d\u00e9cada de 2030<\/strong>, de acordo com Paul Chodas, que dirige o Centro de Estudos de Objetos Pr\u00f3ximos da Terra da NASA (ag\u00eancia espacial norte-americana).<\/p>\n","protected":false},"excerpt":{"rendered":"O cometa interestelar 3I\/Atlas vai fazer na sexta-feira a sua maior aproxima\u00e7\u00e3o \u00e0 Terra, da qual distar\u00e1 270&hellip;\n","protected":false},"author":2,"featured_media":191456,"comment_status":"","ping_status":"","sticky":false,"template":"","format":"standard","meta":{"footnotes":""},"categories":[84],"tags":[443,109,107,108,442,441,32,33,105,103,104,106,110],"class_list":{"0":"post-191455","1":"post","2":"type-post","3":"status-publish","4":"format-standard","5":"has-post-thumbnail","7":"category-ciencia-e-tecnologia","8":"tag-astronomia","9":"tag-ciencia","10":"tag-ciencia-e-tecnologia","11":"tag-cienciaetecnologia","12":"tag-ciu00eancia","13":"tag-espau00e7o","14":"tag-portugal","15":"tag-pt","16":"tag-science","17":"tag-science-and-technology","18":"tag-scienceandtechnology","19":"tag-technology","20":"tag-tecnologia"},"share_on_mastodon":{"url":"https:\/\/pubeurope.com\/@pt\/115732155169049031","error":""},"_links":{"self":[{"href":"https:\/\/www.europesays.com\/pt\/wp-json\/wp\/v2\/posts\/191455","targetHints":{"allow":["GET"]}}],"collection":[{"href":"https:\/\/www.europesays.com\/pt\/wp-json\/wp\/v2\/posts"}],"about":[{"href":"https:\/\/www.europesays.com\/pt\/wp-json\/wp\/v2\/types\/post"}],"author":[{"embeddable":true,"href":"https:\/\/www.europesays.com\/pt\/wp-json\/wp\/v2\/users\/2"}],"replies":[{"embeddable":true,"href":"https:\/\/www.europesays.com\/pt\/wp-json\/wp\/v2\/comments?post=191455"}],"version-history":[{"count":0,"href":"https:\/\/www.europesays.com\/pt\/wp-json\/wp\/v2\/posts\/191455\/revisions"}],"wp:featuredmedia":[{"embeddable":true,"href":"https:\/\/www.europesays.com\/pt\/wp-json\/wp\/v2\/media\/191456"}],"wp:attachment":[{"href":"https:\/\/www.europesays.com\/pt\/wp-json\/wp\/v2\/media?parent=191455"}],"wp:term":[{"taxonomy":"category","embeddable":true,"href":"https:\/\/www.europesays.com\/pt\/wp-json\/wp\/v2\/categories?post=191455"},{"taxonomy":"post_tag","embeddable":true,"href":"https:\/\/www.europesays.com\/pt\/wp-json\/wp\/v2\/tags?post=191455"}],"curies":[{"name":"wp","href":"https:\/\/api.w.org\/{rel}","templated":true}]}}