{"id":191457,"date":"2025-12-17T00:49:11","date_gmt":"2025-12-17T00:49:11","guid":{"rendered":"https:\/\/www.europesays.com\/pt\/191457\/"},"modified":"2025-12-17T00:49:11","modified_gmt":"2025-12-17T00:49:11","slug":"maria-corina-machado-fraturou-vertebra-durante-viagem-secreta-da-venezuela-para-a-noruega","status":"publish","type":"post","link":"https:\/\/www.europesays.com\/pt\/191457\/","title":{"rendered":"Mar\u00eda Corina Machado fraturou v\u00e9rtebra durante viagem secreta da Venezuela para a Noruega"},"content":{"rendered":"<p>\t                L\u00edder da oposi\u00e7\u00e3o venezuelana foi assistida num hospital em Oslo<\/p>\n<p>A vencedora do Pr\u00e9mio Nobel da Paz, Mar\u00eda Corina Machado, sofreu uma fratura numa v\u00e9rtebra durante a viagem secreta que realizou na semana passada da Venezuela para a Noruega, <a href=\"https:\/\/www.theguardian.com\/world\/2025\/dec\/15\/maria-corina-machado-venezuela-norway\" target=\"_blank\" rel=\"nofollow noopener\">confirmou a sua porta-voz citada pela AP<\/a>.<\/p>\n<p>De acordo com a informa\u00e7\u00e3o avan\u00e7ada pelo jornal noruegu\u00eas <a href=\"https:\/\/www.aftenposten.no\/verden\/i\/5pVdw6\/maria-corina-machado-ble-skadet-under-flukten-fra-venezuela\" target=\"_blank\" rel=\"nofollow noopener\">Aftenposten<\/a>, a les\u00e3o ocorreu durante uma travessia mar\u00edtima de alto risco, feita num pequeno barco de pesca, exposto a ondas fortes, no in\u00edcio do percurso at\u00e9 \u00e0 Europa.\u00a0<\/p>\n<p>\u201cConfirma-se a fratura da v\u00e9rtebra. De momento, n\u00e3o ser\u00e3o divulgadas outras informa\u00e7\u00f5es para al\u00e9m das que constam do artigo [do Aftenposten]\u201d, afirmou Claudia Macera.<\/p>\n<p>Segundo o mesmo jornal, a dirigente venezuelana foi observada no Hospital Universit\u00e1rio de Oslo, em Ulleval. Ap\u00f3s a chegada \u00e0 capital norueguesa, na quinta-feira de madrugada, Machado referiu em v\u00e1rias ocasi\u00f5es a inten\u00e7\u00e3o de ser avaliada por um m\u00e9dico, sem especificar a natureza dos problemas de sa\u00fade.<\/p>\n<p>A viagem, realizada sob forte secretismo, impediu-a de chegar a tempo \u00e0 cerim\u00f3nia oficial de entrega do Pr\u00e9mio Nobel da Paz, que decorreu na quarta-feira em Oslo.<\/p>\n<p>Apesar da les\u00e3o, Mar\u00eda Corina Machado apareceu pouco depois da chegada a Oslo e chegou mesmo a ultrapassar uma barreira de seguran\u00e7a para cumprimentar apoiantes concentrados junto ao hotel onde ficou alojada.<\/p>\n","protected":false},"excerpt":{"rendered":"L\u00edder da oposi\u00e7\u00e3o venezuelana foi assistida num hospital em Oslo A vencedora do Pr\u00e9mio Nobel da Paz, Mar\u00eda&hellip;\n","protected":false},"author":2,"featured_media":191458,"comment_status":"","ping_status":"","sticky":false,"template":"","format":"standard","meta":{"footnotes":""},"categories":[50],"tags":[609,836,611,27,28,16217,607,608,333,832,604,135,610,476,15,16,301,830,14,603,25,26,570,21,22,831,833,29493,62,834,12,965,13,19,20,835,21229,602,52,32,23,24,17,18,29,30,31,3023,63,64,65],"class_list":{"0":"post-191457","1":"post","2":"type-post","3":"status-publish","4":"format-standard","5":"has-post-thumbnail","7":"category-mundo","8":"tag-alerta","9":"tag-analise","10":"tag-ao-minuto","11":"tag-breaking-news","12":"tag-breakingnews","13":"tag-caracas","14":"tag-cnn","15":"tag-cnn-portugal","16":"tag-comentadores","17":"tag-costa","18":"tag-crime","19":"tag-desporto","20":"tag-direto","21":"tag-economia","22":"tag-featured-news","23":"tag-featurednews","24":"tag-governo","25":"tag-guerra","26":"tag-headlines","27":"tag-justica","28":"tag-latest-news","29":"tag-latestnews","30":"tag-live","31":"tag-main-news","32":"tag-mainnews","33":"tag-mais-vistas","34":"tag-marcelo","35":"tag-maria-corina-machado","36":"tag-mundo","37":"tag-negocios","38":"tag-news","39":"tag-noruega","40":"tag-noticias","41":"tag-noticias-principais","42":"tag-noticiasprincipais","43":"tag-opiniao","44":"tag-oslo","45":"tag-pais","46":"tag-politica","47":"tag-portugal","48":"tag-principais-noticias","49":"tag-principaisnoticias","50":"tag-top-stories","51":"tag-topstories","52":"tag-ultimas","53":"tag-ultimas-noticias","54":"tag-ultimasnoticias","55":"tag-venezuela","56":"tag-world","57":"tag-world-news","58":"tag-worldnews"},"share_on_mastodon":{"url":"","error":"Validation failed: Text character limit of 500 exceeded"},"_links":{"self":[{"href":"https:\/\/www.europesays.com\/pt\/wp-json\/wp\/v2\/posts\/191457","targetHints":{"allow":["GET"]}}],"collection":[{"href":"https:\/\/www.europesays.com\/pt\/wp-json\/wp\/v2\/posts"}],"about":[{"href":"https:\/\/www.europesays.com\/pt\/wp-json\/wp\/v2\/types\/post"}],"author":[{"embeddable":true,"href":"https:\/\/www.europesays.com\/pt\/wp-json\/wp\/v2\/users\/2"}],"replies":[{"embeddable":true,"href":"https:\/\/www.europesays.com\/pt\/wp-json\/wp\/v2\/comments?post=191457"}],"version-history":[{"count":0,"href":"https:\/\/www.europesays.com\/pt\/wp-json\/wp\/v2\/posts\/191457\/revisions"}],"wp:featuredmedia":[{"embeddable":true,"href":"https:\/\/www.europesays.com\/pt\/wp-json\/wp\/v2\/media\/191458"}],"wp:attachment":[{"href":"https:\/\/www.europesays.com\/pt\/wp-json\/wp\/v2\/media?parent=191457"}],"wp:term":[{"taxonomy":"category","embeddable":true,"href":"https:\/\/www.europesays.com\/pt\/wp-json\/wp\/v2\/categories?post=191457"},{"taxonomy":"post_tag","embeddable":true,"href":"https:\/\/www.europesays.com\/pt\/wp-json\/wp\/v2\/tags?post=191457"}],"curies":[{"name":"wp","href":"https:\/\/api.w.org\/{rel}","templated":true}]}}