{"id":191467,"date":"2025-12-17T00:58:12","date_gmt":"2025-12-17T00:58:12","guid":{"rendered":"https:\/\/www.europesays.com\/pt\/191467\/"},"modified":"2025-12-17T00:58:12","modified_gmt":"2025-12-17T00:58:12","slug":"audio-da-expulsao-de-prestianni-no-derbi-imagem-feia-e-vermelho-sem-stress","status":"publish","type":"post","link":"https:\/\/www.europesays.com\/pt\/191467\/","title":{"rendered":"\u00c1udio da expuls\u00e3o de Prestianni no d\u00e9rbi: \u00abImagem feia, \u00e9 vermelho, sem stress\u00bb"},"content":{"rendered":"<p style=\"margin-bottom:11px\">O Conselho de Disciplina (CD) da Federa\u00e7\u00e3o portuguesa de Futebol (FPF) divulgou, esta ter\u00e7a-feira, mais alguns \u00e1udios da comunica\u00e7\u00e3o das equipas de arbitragens em jogos da Liga e da II Liga. Um dos lances abordados foi a expuls\u00e3o de Gianluca Prestianni no d\u00e9rbi entre Benfica e Sporting, por uma entrada dura sobre Geny Catamo.<\/p>\n<p style=\"margin-bottom:11px\">O CD da FPF considerou que a decis\u00e3o de anular o amarelo e mostrar vermelho ao argentino foi bem tomada. \u00abO jogador salta a dois p\u00e9s, salta de longe, por acaso ainda toca com a ponta da bota na bola, depois do jogador do Sporting tocar. Mas ele n\u00e3o salta para a bola, salta para as pernas. Por acaso, toca na bola. \u00c9 uma entrada de longe, com velocidade e intensidade. E poderia ter uma consequ\u00eancia dr\u00e1stica. O cart\u00e3o vermelho \u00e9 indiscut\u00edvel\u00bb, disse Duarte Gomes, Diretor T\u00e9cnico Nacional para a arbitragem.<\/p>\n<p style=\"margin-bottom:11px\"><strong>O di\u00e1logo entre o \u00e1rbitro e o VAR:<\/strong><\/p>\n<p style=\"margin-bottom:11px\"><strong>Rui Costa (VAR): <\/strong>[Ant\u00f3nio] Nobre, daqui VAR, aconselho vires \u00e0 zona de revis\u00e3o por um poss\u00edvel vermelho<\/p>\n<p><strong>Ant\u00f3nio Nobre (\u00c1rbitro): <\/strong>Ok, imagem feia, vermelho. Sem stress.<\/p>\n<p><strong>VAR:<\/strong> O jogador n\u00famero 25, em voo, faz uma tesoura.<\/p>\n<p><strong>\u00c1rbitro: <\/strong>O p\u00e9 fica preso, \u00e9 vermelho claro.<\/p>\n<p><strong>VAR: <\/strong>Espera a\u00ed que vou mostrar outra imagem de tr\u00e1s.<\/p>\n<p>(\u2026)<\/p>\n<p><strong>\u00c1rbitro: <\/strong>Sim, sim. \u00c9 vermelho.<\/p>\n","protected":false},"excerpt":{"rendered":"O Conselho de Disciplina (CD) da Federa\u00e7\u00e3o portuguesa de Futebol (FPF) divulgou, esta ter\u00e7a-feira, mais alguns \u00e1udios da&hellip;\n","protected":false},"author":2,"featured_media":177314,"comment_status":"","ping_status":"","sticky":false,"template":"","format":"standard","meta":{"footnotes":""},"categories":[87],"tags":[3266,3265,51,12194,135,36,46,32,24245,33,47,34,134],"class_list":{"0":"post-191467","1":"post","2":"type-post","3":"status-publish","4":"format-standard","5":"has-post-thumbnail","7":"category-desporto","8":"tag-arbitragem","9":"tag-arbitro","10":"tag-benfica","11":"tag-derbi","12":"tag-desporto","13":"tag-liga","14":"tag-maisfutebol","15":"tag-portugal","16":"tag-prestianni","17":"tag-pt","18":"tag-pura-paixao","19":"tag-sporting","20":"tag-sports"},"share_on_mastodon":{"url":"https:\/\/pubeurope.com\/@pt\/115732198483268778","error":""},"_links":{"self":[{"href":"https:\/\/www.europesays.com\/pt\/wp-json\/wp\/v2\/posts\/191467","targetHints":{"allow":["GET"]}}],"collection":[{"href":"https:\/\/www.europesays.com\/pt\/wp-json\/wp\/v2\/posts"}],"about":[{"href":"https:\/\/www.europesays.com\/pt\/wp-json\/wp\/v2\/types\/post"}],"author":[{"embeddable":true,"href":"https:\/\/www.europesays.com\/pt\/wp-json\/wp\/v2\/users\/2"}],"replies":[{"embeddable":true,"href":"https:\/\/www.europesays.com\/pt\/wp-json\/wp\/v2\/comments?post=191467"}],"version-history":[{"count":0,"href":"https:\/\/www.europesays.com\/pt\/wp-json\/wp\/v2\/posts\/191467\/revisions"}],"wp:featuredmedia":[{"embeddable":true,"href":"https:\/\/www.europesays.com\/pt\/wp-json\/wp\/v2\/media\/177314"}],"wp:attachment":[{"href":"https:\/\/www.europesays.com\/pt\/wp-json\/wp\/v2\/media?parent=191467"}],"wp:term":[{"taxonomy":"category","embeddable":true,"href":"https:\/\/www.europesays.com\/pt\/wp-json\/wp\/v2\/categories?post=191467"},{"taxonomy":"post_tag","embeddable":true,"href":"https:\/\/www.europesays.com\/pt\/wp-json\/wp\/v2\/tags?post=191467"}],"curies":[{"name":"wp","href":"https:\/\/api.w.org\/{rel}","templated":true}]}}