{"id":191470,"date":"2025-12-17T01:00:09","date_gmt":"2025-12-17T01:00:09","guid":{"rendered":"https:\/\/www.europesays.com\/pt\/191470\/"},"modified":"2025-12-17T01:00:09","modified_gmt":"2025-12-17T01:00:09","slug":"filho-de-reiner-acusado-de-homicidio-do-pai-e-da-mae-observador","status":"publish","type":"post","link":"https:\/\/www.europesays.com\/pt\/191470\/","title":{"rendered":"Filho de Reiner acusado de homic\u00eddio do pai e da m\u00e3e \u2013 Observador"},"content":{"rendered":"<p>Nick Reiner foi acusado formalmente de dois crimes do homic\u00eddio em primeiro grau do pai, o ator e realizador Rob Reiner, e da m\u00e3e, Michele Singer Reiner, anunciou o procurador distrital do condado de Los Angeles, Nathan Hochman, <a href=\"https:\/\/edition.cnn.com\/entertainment\/live-news\/rob-michele-reiner-death-investigation-12-16-25-hnk?t=1765921713325\" rel=\"nofollow noopener\" target=\"_blank\">numa confer\u00eancia de imprensa citada pela CNN<\/a>. Se for considerado culpado, pode ser condenado a pris\u00e3o perp\u00e9tua sem pena suspensa, j\u00e1 que se trata da forma mais gravosa de homic\u00eddio nos EUA.<\/p>\n<p>Para al\u00e9m destas\u00a0acusa\u00e7\u00f5es, enfrenta ainda \u201cuma alega\u00e7\u00e3o especial\u201d de ter usado uma \u201carma perigosa e mort\u00edfera\u201d, acrescentou o procurador.<\/p>\n<p>A previs\u00e3o era que o acusado fosse apresentado em tribunal esta ter\u00e7a-feira. Por\u00e9m, Alan Jackson, advogado de defesa, afirmou que n\u00e3o tinha recebido autoriza\u00e7\u00e3o m\u00e9dica para tal. \u201cEsperemos que tenha autoriza\u00e7\u00e3o amanh\u00e3 e possamos traz\u00ea-lo c\u00e1\u201d, acrescentou.<\/p>\n<p>O procurador disse que a morte de Rob e Michele Reiner \u00e9 \u201cpara al\u00e9m de tr\u00e1gica\u201d. \u201cComprometemo-nos a levar o seu assassino \u00e0 justi\u00e7a\u201d, acrescentou Hochman, que disse que casos como estes s\u00e3o \u201cos mais desafiantes e os mais angustiantes\u201d, por envolverem familiares.<\/p>\n<p>J\u00e1 o chefe da Pol\u00edcia de Los Angeles, Jim McDonnell, contou na confer\u00eancia de imprensa que os agentes responderam a <a href=\"https:\/\/observador.pt\/2025\/12\/15\/realizador-rob-reiner-e-fotografa-michele-singer-encontrados-mortos-em-casa-nos-eua\/\" rel=\"nofollow noopener\" target=\"_blank\">\u201cinvestiga\u00e7\u00e3o de uma morte\u201d no domingo<\/a> e que, ao entrarem na resid\u00eancia na South Chadbourne Avenue, bairro de Brentwood, \u201cdescobriram os corpos do Sr. e da Sra. Reiner\u201d . J\u00e1 era noite de domingo quando acabaram por encontrar e deter Nick Reiner.<\/p>\n<p>Ainda n\u00e3o \u00e9 claro o que aconteceu que possa ter levado \u00e0s mortes, disse ainda McDonnell, sem conseguir tra\u00e7ar uma cronologia dos factos. Segundo a CNN, Rob e Nick discutiram na casa do comediante Conan O\u2019Brian na v\u00e9spera do assassinato. \u201cEstamos \u00e0 espera do m\u00e9dico-legista para poder tentar determinar, o melhor que podemos, a hora da morte\u201d, acrescentam.<\/p>\n<blockquote class=\"wp-embedded-content\" data-secret=\"gaL3Pid9Ra\">\n<p><a href=\"https:\/\/observador.pt\/2025\/12\/15\/realizador-rob-reiner-e-fotografa-michele-singer-encontrados-mortos-em-casa-nos-eua\/\" rel=\"nofollow noopener\" target=\"_blank\">Filho do realizador Rob Reiner e da fot\u00f3grafa Michele Singer detido ap\u00f3s ser indiciado pelo homic\u00eddio dos pais<\/a><\/p>\n<\/blockquote>\n","protected":false},"excerpt":{"rendered":"Nick Reiner foi acusado formalmente de dois crimes do homic\u00eddio em primeiro grau do pai, o ator e&hellip;\n","protected":false},"author":2,"featured_media":191471,"comment_status":"","ping_status":"","sticky":false,"template":"","format":"standard","meta":{"footnotes":""},"categories":[85],"tags":[624,604,114,115,623,62,32,33,58],"class_list":{"0":"post-191470","1":"post","2":"type-post","3":"status-publish","4":"format-standard","5":"has-post-thumbnail","7":"category-entretenimento","8":"tag-amu00e9rica","9":"tag-crime","10":"tag-entertainment","11":"tag-entretenimento","12":"tag-estados-unidos-da-amu00e9rica","13":"tag-mundo","14":"tag-portugal","15":"tag-pt","16":"tag-sociedade"},"share_on_mastodon":{"url":"https:\/\/pubeurope.com\/@pt\/115732206332308679","error":""},"_links":{"self":[{"href":"https:\/\/www.europesays.com\/pt\/wp-json\/wp\/v2\/posts\/191470","targetHints":{"allow":["GET"]}}],"collection":[{"href":"https:\/\/www.europesays.com\/pt\/wp-json\/wp\/v2\/posts"}],"about":[{"href":"https:\/\/www.europesays.com\/pt\/wp-json\/wp\/v2\/types\/post"}],"author":[{"embeddable":true,"href":"https:\/\/www.europesays.com\/pt\/wp-json\/wp\/v2\/users\/2"}],"replies":[{"embeddable":true,"href":"https:\/\/www.europesays.com\/pt\/wp-json\/wp\/v2\/comments?post=191470"}],"version-history":[{"count":0,"href":"https:\/\/www.europesays.com\/pt\/wp-json\/wp\/v2\/posts\/191470\/revisions"}],"wp:featuredmedia":[{"embeddable":true,"href":"https:\/\/www.europesays.com\/pt\/wp-json\/wp\/v2\/media\/191471"}],"wp:attachment":[{"href":"https:\/\/www.europesays.com\/pt\/wp-json\/wp\/v2\/media?parent=191470"}],"wp:term":[{"taxonomy":"category","embeddable":true,"href":"https:\/\/www.europesays.com\/pt\/wp-json\/wp\/v2\/categories?post=191470"},{"taxonomy":"post_tag","embeddable":true,"href":"https:\/\/www.europesays.com\/pt\/wp-json\/wp\/v2\/tags?post=191470"}],"curies":[{"name":"wp","href":"https:\/\/api.w.org\/{rel}","templated":true}]}}