{"id":191478,"date":"2025-12-17T01:11:07","date_gmt":"2025-12-17T01:11:07","guid":{"rendered":"https:\/\/www.europesays.com\/pt\/191478\/"},"modified":"2025-12-17T01:11:07","modified_gmt":"2025-12-17T01:11:07","slug":"vaza-o-teaser-trailer-de-homem-aranha-um-novo-dia-confira-a-descricao","status":"publish","type":"post","link":"https:\/\/www.europesays.com\/pt\/191478\/","title":{"rendered":"Vaza o teaser trailer de Homem-Aranha: Um Novo Dia; Confira a descri\u00e7\u00e3o"},"content":{"rendered":"<p class=\"wp-block-yoast-seo-estimated-reading-time yoast-reading-time__wrapper\">Estimated reading time: 2 minutos<\/p>\n<p>Uma vers\u00e3o n\u00e3o finalizada do teaser trailer de <a href=\"https:\/\/ovicio.com.br\/tag\/homem-aranha-um-novo-dia\/\" target=\"_blank\" rel=\"noreferrer noopener nofollow\">Homem-Aranha: Um Novo Dia<\/a> acabou vazando, e est\u00e1 circulando nas redes sociais.<\/p>\n<p>O conte\u00fado est\u00e1 sendo derrubado pela <strong>Sony Pictures<\/strong>, mas trouxemos a descri\u00e7\u00e3o abaixo:<\/p>\n<p><strong>Homem-Aranha:<\/strong><br \/>&#8220;Oi. Meu nome \u00e9 Peter Parker. Voc\u00ea n\u00e3o se lembra de mim, mas n\u00f3s nos conhec\u00edamos. Algo ruim ia acontecer, e a \u00fanica forma de impedir isso\u2026 foi fazer todo mundo esquecer de mim. N\u00e3o sou apenas Peter Parker. Eu sou\u2026 o Homem-Aranha. E \u00e0s vezes o Homem-Aranha precisa fazer a parte dif\u00edcil, mesmo que isso quebre o cora\u00e7\u00e3o de Peter Parker.&#8221;<\/p>\n<p><strong>Personagem de Sadie Sink:<\/strong><br \/>&#8220;Voc\u00ea est\u00e1 um desastre, Homem-Aranha. N\u00e3o fique no meu caminho. Caso contr\u00e1rio, n\u00e3o ser\u00e3o apenas seus amigos que n\u00e3o v\u00e3o se lembrar de quem \u00e9 Peter Parker.&#8221;<\/p>\n<p><strong>L\u00e1pide (?):<\/strong><br \/>&#8220;As aranhas t\u00eam tr\u00eas ciclos de vida. E, entre esses ciclos, a aranha pode ficar vulner\u00e1vel a amea\u00e7as. As aranhas que sobrevivem\u2026&#8221;<\/p>\n<p><strong>Homem-Aranha:<\/strong><br \/>&#8220;Acredite em mim, Banner, eu preciso da sua ajuda.&#8221;<\/p>\n<p><strong>L\u00e1pide (?):<\/strong><br \/>&#8220;\u2026passam por uma esp\u00e9cie de renascimento.&#8221;<\/p>\n<p><strong>Homem-Aranha:<\/strong><br \/>&#8220;Espera, o que voc\u00ea est\u00e1 fazendo aqui?!&#8221;<\/p>\n<p><strong>Justiceiro:<\/strong><br \/>&#8220;Salvando a sua pele, n\u00e3o est\u00e1 vendo?!&#8221;<\/p>\n<p>Outro detalhe importante fica pelas recria\u00e7\u00f5es de v\u00e1rias capas ic\u00f4nicas dos quadrinhos, incluindo uma que presta homenagem \u00e0 primeira apari\u00e7\u00e3o do Cabe\u00e7a de Teia.<\/p>\n<p>Aparentemente, n\u00e3o estamos t\u00e3o longe da divulga\u00e7\u00e3o oficial.<\/p>\n<p>Leia mais sobre Homem-Aranha:<\/p>\n<p>O t\u00edtulo \u00e9 uma refer\u00eancia direta ao arco dos quadrinhos publicado em 2008, que seguiu a controversa hist\u00f3ria\u00a0<strong>Um Dia a Mais<\/strong>, na qual o casamento de Peter Parker com Mary Jane Watson foi apagado da exist\u00eancia por Mefisto.<\/p>\n<p>A estreia est\u00e1 marcada para\u00a0<strong>31 de julho de 2026<\/strong>.<\/p>\n<p><strong>Fonte<\/strong>: <a href=\"https:\/\/x.com\/Spoiler_marveel\/status\/2001046409114468691\" target=\"_blank\" rel=\"noreferrer noopener nofollow\">X<\/a><\/p>\n","protected":false},"excerpt":{"rendered":"Estimated reading time: 2 minutos Uma vers\u00e3o n\u00e3o finalizada do teaser trailer de Homem-Aranha: Um Novo Dia acabou&hellip;\n","protected":false},"author":2,"featured_media":191479,"comment_status":"","ping_status":"","sticky":false,"template":"","format":"standard","meta":{"footnotes":""},"categories":[140],"tags":[1661,114,115,147,148,5814,10305,792,12733,146,32,33],"class_list":{"0":"post-191478","1":"post","2":"type-post","3":"status-publish","4":"format-standard","5":"has-post-thumbnail","7":"category-filmes","8":"tag-destaque","9":"tag-entertainment","10":"tag-entretenimento","11":"tag-film","12":"tag-filmes","13":"tag-homem-aranha","14":"tag-homem-aranha-um-novo-dia","15":"tag-marvel","16":"tag-marvel-studios","17":"tag-movies","18":"tag-portugal","19":"tag-pt"},"share_on_mastodon":{"url":"","error":""},"_links":{"self":[{"href":"https:\/\/www.europesays.com\/pt\/wp-json\/wp\/v2\/posts\/191478","targetHints":{"allow":["GET"]}}],"collection":[{"href":"https:\/\/www.europesays.com\/pt\/wp-json\/wp\/v2\/posts"}],"about":[{"href":"https:\/\/www.europesays.com\/pt\/wp-json\/wp\/v2\/types\/post"}],"author":[{"embeddable":true,"href":"https:\/\/www.europesays.com\/pt\/wp-json\/wp\/v2\/users\/2"}],"replies":[{"embeddable":true,"href":"https:\/\/www.europesays.com\/pt\/wp-json\/wp\/v2\/comments?post=191478"}],"version-history":[{"count":0,"href":"https:\/\/www.europesays.com\/pt\/wp-json\/wp\/v2\/posts\/191478\/revisions"}],"wp:featuredmedia":[{"embeddable":true,"href":"https:\/\/www.europesays.com\/pt\/wp-json\/wp\/v2\/media\/191479"}],"wp:attachment":[{"href":"https:\/\/www.europesays.com\/pt\/wp-json\/wp\/v2\/media?parent=191478"}],"wp:term":[{"taxonomy":"category","embeddable":true,"href":"https:\/\/www.europesays.com\/pt\/wp-json\/wp\/v2\/categories?post=191478"},{"taxonomy":"post_tag","embeddable":true,"href":"https:\/\/www.europesays.com\/pt\/wp-json\/wp\/v2\/tags?post=191478"}],"curies":[{"name":"wp","href":"https:\/\/api.w.org\/{rel}","templated":true}]}}