{"id":191490,"date":"2025-12-17T01:23:16","date_gmt":"2025-12-17T01:23:16","guid":{"rendered":"https:\/\/www.europesays.com\/pt\/191490\/"},"modified":"2025-12-17T01:23:16","modified_gmt":"2025-12-17T01:23:16","slug":"marco-costa-faz-revelacao-sobre-estado-de-saude-da-avo-e-dificil-secret-story","status":"publish","type":"post","link":"https:\/\/www.europesays.com\/pt\/191490\/","title":{"rendered":"Marco Costa faz revela\u00e7\u00e3o sobre estado de sa\u00fade da av\u00f3: \u00ab\u00c9 dif\u00edcil&#8230;\u00bb &#8211; Secret Story"},"content":{"rendered":"<p>A <strong>av\u00f3 de Marco Costa deixou de trabalhar na sua f\u00e1brica da pastelaria, devido a um problema de sa\u00fade<\/strong>. A revela\u00e7\u00e3o foi feita pelo <a href=\"https:\/\/tvi.iol.pt\/secretstory\/video\/marco-costa-revela-problema-de-saude-da-avo-ja-nao-vai-para-a-fabrica\/694134f60cf229bd2f8d6a3e\" rel=\"nofollow noopener\" target=\"_blank\">ex-concorrente do<strong> Secret Story 2, <\/strong>no<strong> Dois \u00e0s 10<\/strong> <\/a>desta ter\u00e7a-feira, 16 de dezembro.<\/p>\n<p>O pasteleiro, de 35 anos, contou a <strong>Cristina Ferreira<\/strong> e a <strong>Cl\u00e1udio Ramos<\/strong> que <strong>Alcina Silva deixou de trabalhar.\u00a0<\/strong><\/p>\n<p>\u00ab<strong>A minha av\u00f3 est\u00e1 com 83 anos, apareceu-lhe escoliose, j\u00e1 n\u00e3o vai para a f\u00e1brica. <\/strong>N\u00e3o, porque ela n\u00e3o consegue estar quieta e depois l\u00e1 faz-lhe pior. E depois faz-lhe mal estar l\u00e1, e eu n\u00e3o a deixar trabalhar, e depois a gente chateia-se porque ela quer trabalhar e eu n\u00e3o deixo, ent\u00e3o j\u00e1 n\u00e3o vai<strong>\u00bb, come\u00e7ou por revelar.<\/strong><\/p>\n<p>Questionado por Cristina Ferreira sobre de<a href=\"https:\/\/tvi.iol.pt\/secretstory\/video\/cristina-ferreira-provoca-marco-costa-quando-e-que-entras-no-proximo-reality\/694136550cf229bd2f8d6a3f\" rel=\"nofollow noopener\" target=\"_blank\"> Marco Costa fica triste por j\u00e1 n\u00e3o trabalhar com a av\u00f3,<\/a> que o acompanha desde sempre, Marco Costa refletiu:<strong> \u00abFico triste mais por ela, porque chega a uma fase da nossa vida que \u00e9, \u00e9 sempre mau envelhecer, <\/strong>quando tu n\u00e3o est\u00e1s bem do corpo mas est\u00e1s bem bem da cabe\u00e7a, \u00e9 mais dif\u00edcil porque tens no\u00e7\u00e3o que queres fazer mas n\u00e3o consegues<strong>\u00bb.<\/strong><\/p>\n<p><strong>Pode ver aqui o v\u00eddeo do momento:<\/strong><\/p>\n","protected":false},"excerpt":{"rendered":"A av\u00f3 de Marco Costa deixou de trabalhar na sua f\u00e1brica da pastelaria, devido a um problema de&hellip;\n","protected":false},"author":2,"featured_media":191491,"comment_status":"","ping_status":"","sticky":false,"template":"","format":"standard","meta":{"footnotes":""},"categories":[142],"tags":[38543,18706,114,115,18705,3310,32,33,151,18704],"class_list":{"0":"post-191490","1":"post","2":"type-post","3":"status-publish","4":"format-standard","5":"has-post-thumbnail","7":"category-tv","8":"tag-avo-alcina","9":"tag-bastidores-secret-story","10":"tag-entertainment","11":"tag-entretenimento","12":"tag-entrevistas-concorrentes-tvi","13":"tag-marco-costa","14":"tag-portugal","15":"tag-pt","16":"tag-tv","17":"tag-vida-fora-da-casa"},"share_on_mastodon":{"url":"https:\/\/pubeurope.com\/@pt\/115732296702427163","error":""},"_links":{"self":[{"href":"https:\/\/www.europesays.com\/pt\/wp-json\/wp\/v2\/posts\/191490","targetHints":{"allow":["GET"]}}],"collection":[{"href":"https:\/\/www.europesays.com\/pt\/wp-json\/wp\/v2\/posts"}],"about":[{"href":"https:\/\/www.europesays.com\/pt\/wp-json\/wp\/v2\/types\/post"}],"author":[{"embeddable":true,"href":"https:\/\/www.europesays.com\/pt\/wp-json\/wp\/v2\/users\/2"}],"replies":[{"embeddable":true,"href":"https:\/\/www.europesays.com\/pt\/wp-json\/wp\/v2\/comments?post=191490"}],"version-history":[{"count":0,"href":"https:\/\/www.europesays.com\/pt\/wp-json\/wp\/v2\/posts\/191490\/revisions"}],"wp:featuredmedia":[{"embeddable":true,"href":"https:\/\/www.europesays.com\/pt\/wp-json\/wp\/v2\/media\/191491"}],"wp:attachment":[{"href":"https:\/\/www.europesays.com\/pt\/wp-json\/wp\/v2\/media?parent=191490"}],"wp:term":[{"taxonomy":"category","embeddable":true,"href":"https:\/\/www.europesays.com\/pt\/wp-json\/wp\/v2\/categories?post=191490"},{"taxonomy":"post_tag","embeddable":true,"href":"https:\/\/www.europesays.com\/pt\/wp-json\/wp\/v2\/tags?post=191490"}],"curies":[{"name":"wp","href":"https:\/\/api.w.org\/{rel}","templated":true}]}}