{"id":191500,"date":"2025-12-17T01:29:37","date_gmt":"2025-12-17T01:29:37","guid":{"rendered":"https:\/\/www.europesays.com\/pt\/191500\/"},"modified":"2025-12-17T01:29:37","modified_gmt":"2025-12-17T01:29:37","slug":"adobe-e-youtube-anunciam-recurso-para-criacao-de-conteudo-no-premiere-para-iphone","status":"publish","type":"post","link":"https:\/\/www.europesays.com\/pt\/191500\/","title":{"rendered":"Adobe e YouTube anunciam recurso para cria\u00e7\u00e3o de conte\u00fado no Premiere para iPhone"},"content":{"rendered":"<p>A Adobe apresentou mais uma novidade para seus usu\u00e1rios: a integra\u00e7\u00e3o entre o Premiere para iPhone e o YouTube, que introduz um ambiente dedicado para cria\u00e7\u00e3o de v\u00eddeos no formato Shorts diretamente dentro do aplicativo. A nova funcionalidade re\u00fane modelos visuais exclusivos, transi\u00e7\u00f5es profissionais e recursos que aceleram a produ\u00e7\u00e3o de v\u00eddeos curtos em dispositivos m\u00f3veis, facilitando o trabalho de criadores e profissionais que buscam agilidade sem abrir m\u00e3o de um resultado consistente. O lan\u00e7amento faz parte da parceria apresentada no palco do Adobe MAX 2025 e, agora em dezembro, entrou em fase de comunica\u00e7\u00e3o ampliada no Brasil.<\/p>\n<p>A fase atual de comunica\u00e7\u00e3o refor\u00e7a o posicionamento da Adobe em oferecer solu\u00e7\u00f5es que unem simplicidade de uso, recursos profissionais e fluxo integrado entre plataformas <\/p>\n<p>Com a atualiza\u00e7\u00e3o, o Premiere para iPhone passa a oferecer um espa\u00e7o de cria\u00e7\u00e3o desenvolvido especialmente para atender a demanda crescente por conte\u00fados curtos. Dentro desse ambiente, os usu\u00e1rios podem acessar modelos produzidos pela Adobe e por criadores convidados, substituir elementos de forma r\u00e1pida, utilizar efeitos e transi\u00e7\u00f5es profissionais e transformar seus pr\u00f3prios v\u00eddeos em modelos compartilh\u00e1veis com outros criadores. A experi\u00eancia foi desenvolvida para reduzir etapas de edi\u00e7\u00e3o e permitir que mais pessoas produzam v\u00eddeos com qualidade e ritmo compat\u00edveis com plataformas de alta circula\u00e7\u00e3o.<\/p>\n<p>A integra\u00e7\u00e3o acompanha a evolu\u00e7\u00e3o do consumo de v\u00eddeos em formatos curtos e atende criadores que buscam produzir com frequ\u00eancia e precis\u00e3o. Ao reunir ferramentas de edi\u00e7\u00e3o r\u00e1pida, ajustes refinados em trilhas, elementos visuais e organiza\u00e7\u00e3o em um fluxo cont\u00ednuo, o Premiere para iPhone oferece uma experi\u00eancia completa para quem deseja aprimorar suas produ\u00e7\u00f5es sem a necessidade de equipamentos adicionais. Al\u00e9m disso, o YouTube passa a permitir que os usu\u00e1rios abram um Short diretamente na plataforma e enviem o conte\u00fado para edi\u00e7\u00e3o imediata no Premiere, facilitando a organiza\u00e7\u00e3o e a continuidade do trabalho criativo.<\/p>\n<p>\u201cAcompanhamos de perto a transforma\u00e7\u00e3o do consumo de v\u00eddeos e o impacto que os formatos curtos t\u00eam para novos criadores e para quem j\u00e1 trabalha profissionalmente com conte\u00fado. A integra\u00e7\u00e3o com o YouTube amplia o acesso a ferramentas de edi\u00e7\u00e3o e permite que mais pessoas criem hist\u00f3rias com qualidade, de forma r\u00e1pida e fluida. Nosso objetivo \u00e9 apoiar essa nova gera\u00e7\u00e3o de criadores, oferecendo recursos que realmente fa\u00e7am diferen\u00e7a no processo de produ\u00e7\u00e3o\u201d, afirma Vivian Kuppermann, gerente s\u00eanior de Marketing da Adobe<\/p>\n<p>A fase atual de comunica\u00e7\u00e3o refor\u00e7a o posicionamento da Adobe em oferecer solu\u00e7\u00f5es que unem simplicidade de uso, recursos profissionais e fluxo integrado entre plataformas. A integra\u00e7\u00e3o com o YouTube marca um passo importante no desenvolvimento do Premiere para dispositivos m\u00f3veis e amplia as possibilidades para criadores de diferentes perfis que desejam aprimorar a produ\u00e7\u00e3o de v\u00eddeos curtos no dia a dia.<\/p>\n<p>Servi\u00e7o<br \/>www.adobe.com<\/p>\n<p>\u00a0<\/p>\n<p>\n                    Voc\u00ea tamb\u00e9m pode gostar\n          <\/p>\n","protected":false},"excerpt":{"rendered":"A Adobe apresentou mais uma novidade para seus usu\u00e1rios: a integra\u00e7\u00e3o entre o Premiere para iPhone e o&hellip;\n","protected":false},"author":2,"featured_media":191501,"comment_status":"","ping_status":"","sticky":false,"template":"","format":"standard","meta":{"footnotes":""},"categories":[84],"tags":[109,107,108,32,33,105,103,104,106,110],"class_list":{"0":"post-191500","1":"post","2":"type-post","3":"status-publish","4":"format-standard","5":"has-post-thumbnail","7":"category-ciencia-e-tecnologia","8":"tag-ciencia","9":"tag-ciencia-e-tecnologia","10":"tag-cienciaetecnologia","11":"tag-portugal","12":"tag-pt","13":"tag-science","14":"tag-science-and-technology","15":"tag-scienceandtechnology","16":"tag-technology","17":"tag-tecnologia"},"share_on_mastodon":{"url":"https:\/\/pubeurope.com\/@pt\/115732320306233866","error":""},"_links":{"self":[{"href":"https:\/\/www.europesays.com\/pt\/wp-json\/wp\/v2\/posts\/191500","targetHints":{"allow":["GET"]}}],"collection":[{"href":"https:\/\/www.europesays.com\/pt\/wp-json\/wp\/v2\/posts"}],"about":[{"href":"https:\/\/www.europesays.com\/pt\/wp-json\/wp\/v2\/types\/post"}],"author":[{"embeddable":true,"href":"https:\/\/www.europesays.com\/pt\/wp-json\/wp\/v2\/users\/2"}],"replies":[{"embeddable":true,"href":"https:\/\/www.europesays.com\/pt\/wp-json\/wp\/v2\/comments?post=191500"}],"version-history":[{"count":0,"href":"https:\/\/www.europesays.com\/pt\/wp-json\/wp\/v2\/posts\/191500\/revisions"}],"wp:featuredmedia":[{"embeddable":true,"href":"https:\/\/www.europesays.com\/pt\/wp-json\/wp\/v2\/media\/191501"}],"wp:attachment":[{"href":"https:\/\/www.europesays.com\/pt\/wp-json\/wp\/v2\/media?parent=191500"}],"wp:term":[{"taxonomy":"category","embeddable":true,"href":"https:\/\/www.europesays.com\/pt\/wp-json\/wp\/v2\/categories?post=191500"},{"taxonomy":"post_tag","embeddable":true,"href":"https:\/\/www.europesays.com\/pt\/wp-json\/wp\/v2\/tags?post=191500"}],"curies":[{"name":"wp","href":"https:\/\/api.w.org\/{rel}","templated":true}]}}