{"id":191513,"date":"2025-12-17T01:43:10","date_gmt":"2025-12-17T01:43:10","guid":{"rendered":"https:\/\/www.europesays.com\/pt\/191513\/"},"modified":"2025-12-17T01:43:10","modified_gmt":"2025-12-17T01:43:10","slug":"samsung-expande-linha-premium-micro-rgb-para-2026-com-novos-tamanhos-e-recursos-avancados-samsung-newsroom-brasil","status":"publish","type":"post","link":"https:\/\/www.europesays.com\/pt\/191513\/","title":{"rendered":"Samsung expande linha Premium Micro RGB para 2026 com novos tamanhos e recursos avan\u00e7ados \u2013 Samsung Newsroom Brasil"},"content":{"rendered":"<p>                        De telas cinematogr\u00e1ficas de 115 polegadas a formatos premium de 55 polegadas, a nova linha oferece precis\u00e3o de cores aprimorada e capacidades de processamento inteligentes<br \/>\n                        <img loading=\"lazy\" decoding=\"async\" class=\"wp-image-49539 size-full\" src=\"https:\/\/www.europesays.com\/pt\/wp-content\/uploads\/2025\/12\/R95H_FRONT.jpg\" alt=\"\" width=\"1750\" height=\"984\"  \/><\/p>\n<p class=\"wp-caption-text\">Imagem meramente ilustrativa.<\/p>\n<p>\u00a0<\/p>\n<p>A Samsung Electronics Co., Ltd. anunciou que, em 2026, lan\u00e7ar\u00e1 uma linha expandida de TVs Micro RGB, dispon\u00edvel em modelos de 55, 65, 75, 85, 100 e 115 polegadas1. O novo e abrangente portf\u00f3lio introduz a pr\u00f3xima evolu\u00e7\u00e3o da tecnologia de display Micro RGB da Samsung, estabelecendo um novo padr\u00e3o para telas premium em casa.<\/p>\n<p>\u00a0<\/p>\n<p>\u201cCom a mais recente tecnologia da Samsung, nosso portf\u00f3lio Micro RGB oferece cores e clareza v\u00edvidas que tornam filmes, esportes e programas de TV mais expressivos e envolventes\u201d, disse Hun Lee, Vice-Presidente Executivo do Neg\u00f3cio de Visual Display (VD) na Samsung Electronics. \u201cAo expandir a linha para 2026, estamos estabelecendo uma nova categoria premium com tamanhos que cobrem toda a gama de espa\u00e7os modernos de conviv\u00eancia, mantendo nossos mais altos padr\u00f5es de imagem.\u201d<\/p>\n<p>\u00a0<\/p>\n<p>Os consumidores est\u00e3o exigindo melhor qualidade de imagem em suas TVs, e esse diferencial se tornou uma raz\u00e3o fundamental para muitos telespectadores fazerem upgrade para modelos premium2. Seja como pe\u00e7a central para grandes salas de estar ou como um display premium com foco em espa\u00e7os menores, cada modelo Micro RGB utiliza a arquitetura avan\u00e7ada de display da Samsung para refletir o compromisso da empresa com a precis\u00e3o de engenharia e o desempenho de imagem de elite.<\/p>\n<p>\u00a0<\/p>\n<p><strong>Micro RGB: engenharia de precis\u00e3o para cores realistas<\/strong><\/p>\n<p>Com base na tecnologia Micro RGB de 115 polegadas anunciada em 2025, a nova linha inclui recursos avan\u00e7ados e novos aprimoramentos que elevam o desempenho da imagem em termos de cor, clareza e estilo:<\/p>\n<p>\u00a0<\/p>\n<ul>\n<li><strong>Tecnologia Micro RGB<\/strong> utiliza LEDs vermelhos, verdes e azuis menores que 100\u03bcm que emitem luz de forma independente. Esta arquitetura avan\u00e7ada de display permite um controle de luz ultrapreciso e uma precis\u00e3o de cores aprimorada. Tecnologias de processamento de imagem aprimoradas, incluindo 4K AI Upscaling Pro e AI Motion Enhancer Pro3, refinam ainda mais o brilho, suavizam o movimento e adicionam clareza em tempo real.<\/li>\n<li><strong>Micro RGB AI Engine Pro<\/strong> \u00e9 equipado com um chipset de AI de pr\u00f3xima gera\u00e7\u00e3o que permite clareza e realismo quadro a quadro mais precisos. Tamb\u00e9m inclui Micro RGB Color Booster Pro e Micro RGB HDR Pro para proporcionar uma experi\u00eancia de cor v\u00edvida que faz com que a visualiza\u00e7\u00e3o do conte\u00fado pare\u00e7a t\u00e3o real quanto v\u00ea-lo pessoalmente4.<\/li>\n<li><strong>Micro RGB Precision Color 100<\/strong> inclui uma fonte de luz Micro RGB refinada com precis\u00e3o aprimorada de dimming de cores RGB para uma express\u00e3o de cor incompar\u00e1vel. Certificado pela VDE, o Micro RGB Precision Color 100 atinge 100% do amplo gamut de cores BT.2020, entregando tonalidades hiper-reais e brilho cintilante.<\/li>\n<li><strong>Vision AI Companion<\/strong> atualizado, a plataforma multiagente da Samsung, combina intelig\u00eancia impulsionada por grandes modelos de linguagem (LLM) com conversa\u00e7\u00e3o natural via Bixby. Ele permite pesquisa conversacional, Perguntas e Respostas interativas, recomenda\u00e7\u00f5es proativas e acesso a recursos e aplicativos de AI, como Live Translate, <strong>Papel de Parede Generativo<\/strong> e Copilot.<\/li>\n<li>A <strong>tecnologia propriet\u00e1ria Glare Free5 da Samsung<\/strong> minimiza os reflexos para preservar ainda mais a cor e o contraste n\u00edtidos em uma variedade de condi\u00e7\u00f5es de ilumina\u00e7\u00e3o, garantindo a melhor experi\u00eancia de visualiza\u00e7\u00e3o.<\/li>\n<li><strong>Recursos de \u00e1udio aprimorados<\/strong>, incluindo Dolby Atmos\u00ae para som multidimensional, Som Adaptativo Pro para clareza otimizada com base no tipo de sala e conte\u00fado, e Q-Sincronia Sonora que conecta os alto-falantes da TV com dispositivos Samsung compat\u00edveis para entregar uma paisagem sonora mais profunda. Todas as TVs Samsung de 2026 tamb\u00e9m apresentar\u00e3o o Eclipsa Audio, o novo sistema de som espacial projetado para \u00e1udio 3D imersivo.<\/li>\n<\/ul>\n<p><strong>First Look na CES 2026: Nova linha Micro RGB feita para remodelar o entretenimento dom\u00e9stico<\/strong><\/p>\n<p>Destacando os mais recentes avan\u00e7os da Samsung em desempenho de display, a empresa apresentar\u00e1 a nova linha Micro RGB durante a CES 2026, que ocorrer\u00e1 em Las Vegas de 6 a 9 de janeiro. A presen\u00e7a da Samsung no evento refor\u00e7ar\u00e1 seu compromisso em entregar displays ultra-premium em uma gama mais ampla de tamanhos de tela e espa\u00e7os de conviv\u00eancia.<\/p>\n<p>\u00a0<\/p>\n<p>Para mais informa\u00e7\u00f5es sobre o evento e sobre os produtos, acesse a <a href=\"https:\/\/news.samsung.com\/br\/\" rel=\"nofollow noopener\" target=\"_blank\">Samsung Newsroom Brasil.<\/a><\/p>\n<p>\u00a0<\/p>\n<p>1 A disponibilidade do produto pode variar por pa\u00eds.<br \/>2 Consumer Reports. \u201cEverything You Need to Know About 4K HDR TVs.\u201d Consumer Reports, <a href=\"https:\/\/www.consumerreports.org\/electronics-computers\/tvs\/everything-you-need-to-know-about-4k-hdr-tvs-a3185152015\/\" target=\"_blank\" rel=\"noopener nofollow\">https:\/\/www.consumerreports.org\/electronics-computers\/tvs\/everything-you-need-to-know-about-4k-hdr-tvs-a3185152015\/<\/a>.<br \/>3 4K AI Upscaling Pro e AI Motion Enhancer Pro est\u00e3o dispon\u00edveis apenas em certos modelos.<br \/>4 Micro RGB AI Engine Pro e Micro RGB HDR Pro est\u00e3o dispon\u00edveis apenas em certos modelos.<br \/>5 A tecnologia Glare Free est\u00e1 dispon\u00edvel apenas em certos modelos.<\/p>\n","protected":false},"excerpt":{"rendered":"De telas cinematogr\u00e1ficas de 115 polegadas a formatos premium de 55 polegadas, a nova linha oferece precis\u00e3o de&hellip;\n","protected":false},"author":2,"featured_media":191514,"comment_status":"","ping_status":"","sticky":false,"template":"","format":"standard","meta":{"footnotes":""},"categories":[84],"tags":[109,107,108,32,33,105,103,104,106,110],"class_list":{"0":"post-191513","1":"post","2":"type-post","3":"status-publish","4":"format-standard","5":"has-post-thumbnail","7":"category-ciencia-e-tecnologia","8":"tag-ciencia","9":"tag-ciencia-e-tecnologia","10":"tag-cienciaetecnologia","11":"tag-portugal","12":"tag-pt","13":"tag-science","14":"tag-science-and-technology","15":"tag-scienceandtechnology","16":"tag-technology","17":"tag-tecnologia"},"share_on_mastodon":{"url":"https:\/\/pubeurope.com\/@pt\/115732376028750133","error":""},"_links":{"self":[{"href":"https:\/\/www.europesays.com\/pt\/wp-json\/wp\/v2\/posts\/191513","targetHints":{"allow":["GET"]}}],"collection":[{"href":"https:\/\/www.europesays.com\/pt\/wp-json\/wp\/v2\/posts"}],"about":[{"href":"https:\/\/www.europesays.com\/pt\/wp-json\/wp\/v2\/types\/post"}],"author":[{"embeddable":true,"href":"https:\/\/www.europesays.com\/pt\/wp-json\/wp\/v2\/users\/2"}],"replies":[{"embeddable":true,"href":"https:\/\/www.europesays.com\/pt\/wp-json\/wp\/v2\/comments?post=191513"}],"version-history":[{"count":0,"href":"https:\/\/www.europesays.com\/pt\/wp-json\/wp\/v2\/posts\/191513\/revisions"}],"wp:featuredmedia":[{"embeddable":true,"href":"https:\/\/www.europesays.com\/pt\/wp-json\/wp\/v2\/media\/191514"}],"wp:attachment":[{"href":"https:\/\/www.europesays.com\/pt\/wp-json\/wp\/v2\/media?parent=191513"}],"wp:term":[{"taxonomy":"category","embeddable":true,"href":"https:\/\/www.europesays.com\/pt\/wp-json\/wp\/v2\/categories?post=191513"},{"taxonomy":"post_tag","embeddable":true,"href":"https:\/\/www.europesays.com\/pt\/wp-json\/wp\/v2\/tags?post=191513"}],"curies":[{"name":"wp","href":"https:\/\/api.w.org\/{rel}","templated":true}]}}