{"id":191515,"date":"2025-12-17T01:44:12","date_gmt":"2025-12-17T01:44:12","guid":{"rendered":"https:\/\/www.europesays.com\/pt\/191515\/"},"modified":"2025-12-17T01:44:12","modified_gmt":"2025-12-17T01:44:12","slug":"dacia-prepara-grande-ofensiva-para-2026-e-deixa-marcas-chinesas-em-alerta","status":"publish","type":"post","link":"https:\/\/www.europesays.com\/pt\/191515\/","title":{"rendered":"Dacia prepara grande ofensiva para 2026 e deixa marcas chinesas em alerta"},"content":{"rendered":"<p class=\"p1\">A Dacia est\u00e1 a preparar um dos seus movimentos mais ambiciosos para 2026. A marca romena, que tem registado um crescimento significativo no mercado europeu e, em particular, no mercado portugu\u00eas, vai lan\u00e7ar um modelo totalmente in\u00e9dito que poder\u00e1 travar a ascens\u00e3o das marcas chinesas no segmento dos autom\u00f3veis mais acess\u00edveis.<\/p>\n<p><a target=\"_blank\" href=\"https:\/\/pplware.sapo.pt\/wp-content\/uploads\/2025\/12\/novo_suv_dacia00.webp\" rel=\"nofollow noopener\"><img fetchpriority=\"high\" decoding=\"async\" src=\"https:\/\/www.europesays.com\/pt\/wp-content\/uploads\/2025\/12\/novo_suv_dacia00-720x405.webp.webp\" alt=\"Ilustra\u00e7\u00e3o do novo SUV Dacia\" width=\"720\" height=\"405\" class=\"aligncenter wp-image-1093826 size-medium\"  \/><\/a><\/p>\n<p>Uma marca em clara expans\u00e3o<\/p>\n<p>Depois das recentes atualiza\u00e7\u00f5es ao Dacia Sandero e ao Dacia Jogger, a marca acelerou a renova\u00e7\u00e3o da sua gama. A estes juntaram-se o Spring melhorado e o <a target=\"_blank\" href=\"https:\/\/pplware.sapo.pt\/tag\/dacia-bigster\/\" rel=\"nofollow noopener\">Bigster<\/a>, que j\u00e1 se encontra consolidado nos concession\u00e1rios. No entanto, a ofensiva de produto est\u00e1 longe de terminar.<\/p>\n<p>A Dacia prepara agora um <strong>modelo que ir\u00e1 ultrapassar o Bigster<\/strong> e assumir o papel de novo topo de gama.<\/p>\n<dl class=\"gallery-item\">\n<dt class=\"gallery-icon landscape\">\n\t\t\t\t<a data-attachment-id=\"1093827\" href=\"https:\/\/pplware.sapo.pt\/wp-content\/uploads\/2025\/12\/novo_suv_dacia01.webp\" rel=\"nofollow noopener\" target=\"_blank\"><img loading=\"lazy\" decoding=\"async\" width=\"720\" height=\"405\" src=\"https:\/\/www.europesays.com\/pt\/wp-content\/uploads\/2025\/12\/novo_suv_dacia01-720x405.webp.webp\" class=\"attachment-medium size-medium\" alt=\"\"  \/><\/a>\n\t\t\t<\/dt>\n<\/dl>\n<dl class=\"gallery-item\">\n<dt class=\"gallery-icon landscape\">\n\t\t\t\t<a data-attachment-id=\"1093831\" href=\"https:\/\/pplware.sapo.pt\/wp-content\/uploads\/2025\/12\/novo_suv_dacia03.webp\" rel=\"nofollow noopener\" target=\"_blank\"><img loading=\"lazy\" decoding=\"async\" width=\"720\" height=\"405\" src=\"https:\/\/www.europesays.com\/pt\/wp-content\/uploads\/2025\/12\/novo_suv_dacia03-720x405.webp.webp\" class=\"attachment-medium size-medium\" alt=\"\"  \/><\/a>\n\t\t\t<\/dt>\n<\/dl>\n<p><br style=\"clear: both\"\/><\/p>\n<p>O maior e mais caro Dacia de sempre<\/p>\n<p>A grande novidade para 2026 ser\u00e1 o <strong>Dacia mais ambicioso alguma vez produzido<\/strong>. Internamente conhecido como C-NEO, este modelo ser\u00e1 desenvolvido sobre a <a target=\"_blank\" href=\"https:\/\/pplware.sapo.pt\/tag\/cmf-b\/\" rel=\"nofollow noopener\">plataforma CMF-B<\/a> e <strong>ter\u00e1 cerca de 4,6 metros de comprimento<\/strong>.<\/p>\n<p>Estes n\u00fameros colocam-no como o maior Dacia de produ\u00e7\u00e3o em s\u00e9rie at\u00e9 hoje e, tudo indica, <strong>tamb\u00e9m como o mais exclusivo<\/strong>.<\/p>\n<p>Este novo familiar ir\u00e1 substituir o Bigster como \u201ctopo de gama\u201d da marca, posicionando-se acima de tudo o que a Dacia lan\u00e7ou at\u00e9 agora. O objetivo passa por oferecer um elevado n\u00edvel de espa\u00e7o, conforto e versatilidade, mantendo uma proposta de valor agressiva.<\/p>\n<p><a target=\"_blank\" href=\"https:\/\/pplware.sapo.pt\/wp-content\/uploads\/2025\/12\/novo_suv_dacia02.webp\" rel=\"nofollow noopener\"><img loading=\"lazy\" decoding=\"async\" src=\"https:\/\/www.europesays.com\/pt\/wp-content\/uploads\/2025\/12\/novo_suv_dacia02-720x405.webp.webp\" alt=\"\" width=\"720\" height=\"405\" class=\"aligncenter size-medium wp-image-1093828\"  \/><\/a><\/p>\n<p>Uma berlina familiar num mundo dominado por SUVs<\/p>\n<p>Num <strong>mercado cada vez mais focado em SUVs<\/strong>, a decis\u00e3o da Dacia de apostar numa berlina familiar t\u00e9rmica destaca-se pela diferen\u00e7a. Este tipo de carro\u00e7aria tem vindo a desaparecer entre as marcas generalistas, o que abre uma oportunidade clara para a Dacia ocupar esse espa\u00e7o com uma solu\u00e7\u00e3o pr\u00e1tica, racional e mais acess\u00edvel.<\/p>\n<p>\u00c9 precisamente aqui que as <strong>marcas chinesas poder\u00e3o sentir maior press\u00e3o<\/strong>. Ao entrar neste segmento com um produto robusto, moderno e com pre\u00e7o competitivo, a Dacia refor\u00e7a a sua posi\u00e7\u00e3o e mostra que, em 2026, pretende jogar ainda mais alto no mercado europeu.<\/p>\n","protected":false},"excerpt":{"rendered":"A Dacia est\u00e1 a preparar um dos seus movimentos mais ambiciosos para 2026. A marca romena, que tem&hellip;\n","protected":false},"author":2,"featured_media":191516,"comment_status":"","ping_status":"","sticky":false,"template":"","format":"standard","meta":{"footnotes":""},"categories":[83],"tags":[88,38544,494,89,90,32,33],"class_list":{"0":"post-191515","1":"post","2":"type-post","3":"status-publish","4":"format-standard","5":"has-post-thumbnail","7":"category-empresas","8":"tag-business","9":"tag-cmf-b","10":"tag-dacia","11":"tag-economy","12":"tag-empresas","13":"tag-portugal","14":"tag-pt"},"share_on_mastodon":{"url":"https:\/\/pubeurope.com\/@pt\/115732379596570287","error":""},"_links":{"self":[{"href":"https:\/\/www.europesays.com\/pt\/wp-json\/wp\/v2\/posts\/191515","targetHints":{"allow":["GET"]}}],"collection":[{"href":"https:\/\/www.europesays.com\/pt\/wp-json\/wp\/v2\/posts"}],"about":[{"href":"https:\/\/www.europesays.com\/pt\/wp-json\/wp\/v2\/types\/post"}],"author":[{"embeddable":true,"href":"https:\/\/www.europesays.com\/pt\/wp-json\/wp\/v2\/users\/2"}],"replies":[{"embeddable":true,"href":"https:\/\/www.europesays.com\/pt\/wp-json\/wp\/v2\/comments?post=191515"}],"version-history":[{"count":0,"href":"https:\/\/www.europesays.com\/pt\/wp-json\/wp\/v2\/posts\/191515\/revisions"}],"wp:featuredmedia":[{"embeddable":true,"href":"https:\/\/www.europesays.com\/pt\/wp-json\/wp\/v2\/media\/191516"}],"wp:attachment":[{"href":"https:\/\/www.europesays.com\/pt\/wp-json\/wp\/v2\/media?parent=191515"}],"wp:term":[{"taxonomy":"category","embeddable":true,"href":"https:\/\/www.europesays.com\/pt\/wp-json\/wp\/v2\/categories?post=191515"},{"taxonomy":"post_tag","embeddable":true,"href":"https:\/\/www.europesays.com\/pt\/wp-json\/wp\/v2\/tags?post=191515"}],"curies":[{"name":"wp","href":"https:\/\/api.w.org\/{rel}","templated":true}]}}