{"id":191531,"date":"2025-12-17T02:02:28","date_gmt":"2025-12-17T02:02:28","guid":{"rendered":"https:\/\/www.europesays.com\/pt\/191531\/"},"modified":"2025-12-17T02:02:28","modified_gmt":"2025-12-17T02:02:28","slug":"viuva-ha-dois-meses-maria-de-vasconcelos-escreve-carta-emotiva-para-o-marido-vivo-agarrada-a-ti","status":"publish","type":"post","link":"https:\/\/www.europesays.com\/pt\/191531\/","title":{"rendered":"Vi\u00fava h\u00e1 dois meses, Maria de Vasconcelos escreve carta emotiva para o marido: &#8220;Vivo agarrada a ti&#8221;"},"content":{"rendered":"<p><a href=\"https:\/\/selfie.iol.pt\/famosos\/maria-de-vasconcelos\/maria-de-vasconcelos-chora-morte-do-marido-partiu-rodeado-de-amor\/20251007\/68e4e85fd34ee0c2fed0f6bb\" target=\"_blank\" rel=\"nofollow noopener\">Maria de Vasconcelos<\/a>, psiquiatra e antiga locutora da Comercial, celebrou 55 anos no dia 14. Uma data dif\u00edcil pela aus\u00eancia do grande amor da antiga radialista, uma vez que ficou vi\u00fava h\u00e1 apenas dois meses.<\/p>\n<p>No Instagram, Maria de Vasconcelos dedicou um emotivo texto a Xavier Colette,\u00a0o falecido marido, no qual relata que, apesar de tudo, teve um dia feliz.<\/p>\n<p>&#8220;Hoje fa\u00e7o cinquenta e cinco anos. Ando a viver as primeiras vezes e hoje \u00e9 uma delas. N\u00e3o tive tempo para pensar nisto, mas agora que penso, nasci numa noite de lua cheia e hoje parece que est\u00e1 a minguar&#8221;, come\u00e7ou por escrever <a href=\"https:\/\/selfie.iol.pt\/nacional\/instagram\/cantora-maria-de-vasconcelos-escapa-a-morte-por-um-triz-nao-morremos-por-milagre\" target=\"_blank\" rel=\"nofollow noopener\">Maria de Vasconcelos<\/a> na carta dirigida ao marido que morreu no passado m\u00eas de outubro, ap\u00f3s uma longa batalha contra um cancro no p\u00e2ncreas<\/p>\n<p>&#8220;C\u2019est bon, tu adores ton anniversaire, profites! [Que bom, tu adoras o teu anivers\u00e1rio, aproveita!] Dizes tu, com a leveza da despreocupa\u00e7\u00e3o que sempre me encheu de seguran\u00e7a. Ser\u00e1s sempre a minha pessoa preferida. Vivo agarrada a ti. \u00c0 tua luz. Ao teu legado. Alisar a Nutella, ser atencioso, rir e aproveitar o mais t\u00edmido raio de sol. E nada \u00e9 imposs\u00edvel. C\u2019est bon, tu adores ton anniversaire, profites! \u00c9s o maior, mi\u00fado, sempre to digo. Tenho saudades tuas&#8221;, continuou Maria de Vasconcelos.<\/p>\n<p>&#8220;A Mathilde e a Manon [filhas da psiquiatra] quiseram cantar-me os parab\u00e9ns \u00e0 meia-noite. Foi tamb\u00e9m a primeira vez. Assim que come\u00e7aram, a Mathilde exclamou &#8216;E o papy tamb\u00e9m!&#8217;, e p\u00f4s um v\u00eddeo nosso quando eu fiz quarenta e oito, onde tu cantas e repetes todos fins de frase aos gritos. Parab\u00e9ns a voc\u00ea! Voc\u00ea\u00ea\u00ea! Nesta data querida. Queridaaa! Cantaram-me os parab\u00e9ns, contigo. Contigo! Foi t\u00e3o bom! De manh\u00e3, acordaram-me com o mais precioso dos presentes, a nossa vida, numa caderneta feita por elas com design da Mathilde. Happy Family em 254 cromos em saquetas. Para eu colar. Est\u00e1 cheia de momentos m\u00e1gicos, e at\u00e9 descobriram coisas que me escreveste atr\u00e1s de fotografias h\u00e1 quase trinta anos&#8221;, contou, ainda, Maria de Vasconcelos, antes de rematar: &#8220;Hoje fa\u00e7o cinquenta e cinco anos. Nasci numa noite de lua cheia, e hoje parece que est\u00e1 a minguar, mas tanto melhor, porque h\u00e1 uma chuva de estrelas muito intensa, cento e quarenta meteoros por hora a iluminar o c\u00e9u, e quanto mais escuro, mais se v\u00ea a luz. Hoje fa\u00e7o cinquenta e cinco anos e n\u00e3o me chateia a lua minguante porque, contigo e com as mi\u00fadas, tenho sempre luz. Querias dar-me de presente uma banheira-ilha que eu desejava h\u00e1 anos. J\u00e1 c\u00e1 est\u00e1. Nada se perde, tudo se transforma, e Lavoisier era franc\u00eas e tudo. Que bom! Que bom que me cantaste os parab\u00e9ns! Que bom elas terem pensado nesta surpresa! Que bom que \u00e9 ter esta caderneta! Que bom \u00e9 ter as mi\u00fadas, cheias de luz como tu! Que bom \u00e9 ter-te! Obrigada! Tenho saudades tuas.&#8221;<\/p>\n<blockquote class=\"instagram-media\" data-instgrm-captioned=\"\" data-instgrm-permalink=\"https:\/\/www.instagram.com\/p\/DSPyPipDG1h\/?utm_source=ig_embed&amp;utm_campaign=loading\" data-instgrm-version=\"14\" style=\" background:#FFF; border:0; border-radius:3px; box-shadow:0 0 1px 0 rgba(0,0,0,0.5),0 1px 10px 0 rgba(0,0,0,0.15); margin: 1px; max-width:540px; min-width:326px; padding:0; width:99.375%; width:-webkit-calc(100% - 2px); width:calc(100% - 2px);\">\n<\/blockquote>\n<p>\u00a0<\/p>\n<p>                        <script async src=\"\/\/www.instagram.com\/embed.js\"><\/script><\/p>\n","protected":false},"excerpt":{"rendered":"Maria de Vasconcelos, psiquiatra e antiga locutora da Comercial, celebrou 55 anos no dia 14. Uma data dif\u00edcil&hellip;\n","protected":false},"author":2,"featured_media":101305,"comment_status":"","ping_status":"","sticky":false,"template":"","format":"standard","meta":{"footnotes":""},"categories":[145],"tags":[996,211,210,114,115,980,1015,24651,619,32,33,1012,11383,24652],"class_list":{"0":"post-191531","1":"post","2":"type-post","3":"status-publish","4":"format-standard","5":"has-post-thumbnail","7":"category-celebridades","8":"tag-aniversario","9":"tag-celebridades","10":"tag-celebrities","11":"tag-entertainment","12":"tag-entretenimento","13":"tag-famosos","14":"tag-instagram","15":"tag-maria-de-vasconcelos","16":"tag-nacional","17":"tag-portugal","18":"tag-pt","19":"tag-selfie","20":"tag-viuva","21":"tag-xavier-colette"},"share_on_mastodon":{"url":"https:\/\/pubeurope.com\/@pt\/115732450076077204","error":""},"_links":{"self":[{"href":"https:\/\/www.europesays.com\/pt\/wp-json\/wp\/v2\/posts\/191531","targetHints":{"allow":["GET"]}}],"collection":[{"href":"https:\/\/www.europesays.com\/pt\/wp-json\/wp\/v2\/posts"}],"about":[{"href":"https:\/\/www.europesays.com\/pt\/wp-json\/wp\/v2\/types\/post"}],"author":[{"embeddable":true,"href":"https:\/\/www.europesays.com\/pt\/wp-json\/wp\/v2\/users\/2"}],"replies":[{"embeddable":true,"href":"https:\/\/www.europesays.com\/pt\/wp-json\/wp\/v2\/comments?post=191531"}],"version-history":[{"count":0,"href":"https:\/\/www.europesays.com\/pt\/wp-json\/wp\/v2\/posts\/191531\/revisions"}],"wp:featuredmedia":[{"embeddable":true,"href":"https:\/\/www.europesays.com\/pt\/wp-json\/wp\/v2\/media\/101305"}],"wp:attachment":[{"href":"https:\/\/www.europesays.com\/pt\/wp-json\/wp\/v2\/media?parent=191531"}],"wp:term":[{"taxonomy":"category","embeddable":true,"href":"https:\/\/www.europesays.com\/pt\/wp-json\/wp\/v2\/categories?post=191531"},{"taxonomy":"post_tag","embeddable":true,"href":"https:\/\/www.europesays.com\/pt\/wp-json\/wp\/v2\/tags?post=191531"}],"curies":[{"name":"wp","href":"https:\/\/api.w.org\/{rel}","templated":true}]}}