{"id":191534,"date":"2025-12-17T02:07:23","date_gmt":"2025-12-17T02:07:23","guid":{"rendered":"https:\/\/www.europesays.com\/pt\/191534\/"},"modified":"2025-12-17T02:07:23","modified_gmt":"2025-12-17T02:07:23","slug":"novo-filme-com-tania-maria-sensacao-de-o-agente-secreto-e-selecionado-para-o-festival-de-roterda","status":"publish","type":"post","link":"https:\/\/www.europesays.com\/pt\/191534\/","title":{"rendered":"Novo filme com T\u00e2nia Maria, sensa\u00e7\u00e3o de &#8216;O agente secreto&#8217;, \u00e9 selecionado para o Festival de Roterd\u00e3"},"content":{"rendered":"\n<p class=\" content-text__container \" data-track-category=\"Link no Texto\" data-track-links=\"\"> O filme marca o retorno de Melo ao festival onde recebeu o pr\u00eamio Bright Future por \u201cAzougue Nazar\u00e9\u201d em 2018. <\/p>\n<p class=\" content-text__container \" data-track-category=\"Link no Texto\" data-track-links=\"\"> Ambientado em Picu\u00ed, na Para\u00edba, o novo longa acompanha R\u00fabia Ribeiro (Rejane Faria), uma cientista nuclear envolvida em um projeto secreto para erradicar o Aedes aegypti utilizando ur\u00e2nio extra\u00eddo da regi\u00e3o. Al\u00e9m de T\u00e2nia e Rejane, o elenco conta com Valmir do C\u00f4co, Severino Dad\u00e1, Spencer Callahan e Wolfgang Pannek. <\/p>\n","protected":false},"excerpt":{"rendered":"O filme marca o retorno de Melo ao festival onde recebeu o pr\u00eamio Bright Future por \u201cAzougue Nazar\u00e9\u201d&hellip;\n","protected":false},"author":2,"featured_media":191535,"comment_status":"","ping_status":"","sticky":false,"template":"","format":"standard","meta":{"footnotes":""},"categories":[140],"tags":[114,115,147,148,319,2153,146,2158,32,33],"class_list":{"0":"post-191534","1":"post","2":"type-post","3":"status-publish","4":"format-standard","5":"has-post-thumbnail","7":"category-filmes","8":"tag-entertainment","9":"tag-entretenimento","10":"tag-film","11":"tag-filmes","12":"tag-hard-news","13":"tag-kleber-mendonca-filho","14":"tag-movies","15":"tag-o-agente-secreto","16":"tag-portugal","17":"tag-pt"},"share_on_mastodon":{"url":"https:\/\/pubeurope.com\/@pt\/115732469811866941","error":""},"_links":{"self":[{"href":"https:\/\/www.europesays.com\/pt\/wp-json\/wp\/v2\/posts\/191534","targetHints":{"allow":["GET"]}}],"collection":[{"href":"https:\/\/www.europesays.com\/pt\/wp-json\/wp\/v2\/posts"}],"about":[{"href":"https:\/\/www.europesays.com\/pt\/wp-json\/wp\/v2\/types\/post"}],"author":[{"embeddable":true,"href":"https:\/\/www.europesays.com\/pt\/wp-json\/wp\/v2\/users\/2"}],"replies":[{"embeddable":true,"href":"https:\/\/www.europesays.com\/pt\/wp-json\/wp\/v2\/comments?post=191534"}],"version-history":[{"count":0,"href":"https:\/\/www.europesays.com\/pt\/wp-json\/wp\/v2\/posts\/191534\/revisions"}],"wp:featuredmedia":[{"embeddable":true,"href":"https:\/\/www.europesays.com\/pt\/wp-json\/wp\/v2\/media\/191535"}],"wp:attachment":[{"href":"https:\/\/www.europesays.com\/pt\/wp-json\/wp\/v2\/media?parent=191534"}],"wp:term":[{"taxonomy":"category","embeddable":true,"href":"https:\/\/www.europesays.com\/pt\/wp-json\/wp\/v2\/categories?post=191534"},{"taxonomy":"post_tag","embeddable":true,"href":"https:\/\/www.europesays.com\/pt\/wp-json\/wp\/v2\/tags?post=191534"}],"curies":[{"name":"wp","href":"https:\/\/api.w.org\/{rel}","templated":true}]}}