{"id":191536,"date":"2025-12-17T02:08:17","date_gmt":"2025-12-17T02:08:17","guid":{"rendered":"https:\/\/www.europesays.com\/pt\/191536\/"},"modified":"2025-12-17T02:08:17","modified_gmt":"2025-12-17T02:08:17","slug":"bruno-fernandes-aborda-o-mercado-o-clube-queria-que-eu-fosse-tenho-isso-na-minha-cabeca","status":"publish","type":"post","link":"https:\/\/www.europesays.com\/pt\/191536\/","title":{"rendered":"Bruno Fernandes aborda o mercado: &#8220;O clube queria que eu fosse, tenho isso na minha cabe\u00e7a&#8221;"},"content":{"rendered":"<p data-remotead-prev-elm=\"true\" data-remotead-elm-id=\"inread\">Em entrevista para o Canal 11, no primeiro epis\u00f3dio de &#8220;Soltinhos pelo Mundo&#8221;, Bruno Fernandes falou sobre o trajeto no futebol ingl\u00eas e abordou o mercado de transfer\u00eancias.<\/p>\n<p>&#8220;Enquanto n\u00e3o ganhas trof\u00e9us, n\u00e3o \u00e9s t\u00e3o valorizado, independentemente do clube e da liga onde estejas. Fui valorizado e o que mais me valoriza tem de ser o meu clube, apesar de sentir, nos \u00faltimos tempos, que estou na corda bamba. Em Inglaterra, quando um jogador come\u00e7a a chegar aos 30 anos, come\u00e7am a pensar que \u00e9 preciso remodelar isto. \u00c9 como a mob\u00edlia&#8221;, come\u00e7ou por dizer o internacional portugu\u00eas.<\/p>\n<p>&#8220;Hoje em dia, a quest\u00e3o da lealdade n\u00e3o \u00e9 vista como antigamente. Podia ter sa\u00eddo no \u00faltimo mercado, ia ganhar muito mais dinheiro, h\u00e1 uma \u00e9poca ia sair, n\u00e3o vou dizer para onde, ia ganhar muitos trof\u00e9us nessa \u00e9poca. Decidi, n\u00e3o s\u00f3 pela quest\u00e3o familiar, mas por gostar genuinamente do clube. A conversa com o mister tamb\u00e9m fez com que eu ficasse. Mas, da parte do clube, senti um bocadinho: &#8216;se fores, n\u00e3o \u00e9 assim t\u00e3o mau para n\u00f3s&#8217;. Magoa-me um bocado. Mais do que magoar, deixa-me triste porque sou um jogador a quem n\u00e3o t\u00eam nada a apontar. Estou sempre dispon\u00edvel, jogo sempre, bem ou mal. Dou o m\u00e1ximo. Depois, v\u00eas coisas \u00e0 tua volta, jogadores que n\u00e3o d\u00e3o tanto valor ao clube e n\u00e3o defendem tanto o clube. Isso deixa-te triste&#8221;, referiu.<\/p>\n<p data-remotead-prev-elm=\"true\" data-remotead-elm-id=\"centro1\">Bruno Fernandes revelou ainda como se deram os contactos por parte do clube saudita. &#8220;Quem falou comigo foi o presidente do Al Hilal, que me ligou diretamente. O Ruben Neves mandou-me mensagem a dizer que ele queria falar comigo. Eles queriam que jogasse o Mundial de Clubes com o Al Hilal. J\u00e1 era um amor que vinha dos tempos do Jorge Jesus, j\u00e1 tinha falado com ele em 2023, ligou-me, acrescentou&#8221;.<\/p>\n<p>&#8220;N\u00e3o me posso queixar, recebo muito bem, mas obviamente a diferen\u00e7a \u00e9 abismal. Isso nunca foi o que me guiou. Se um dia tiver de jogar na Ar\u00e1bia, vou jogar na Ar\u00e1bia. O meu estilo de vida vai mudar, a vida dos meus filhos vai ser com sol, depois de seis anos em Manchester com frio e chuva, vou jogar numa liga em crescendo, com jogadores reconhecidos. Poderia ter sa\u00eddo como muita gente faz e dizia: &#8216;Quero sair, n\u00e3o quero treinar, s\u00f3 quero sair por 20 ou 30 milh\u00f5es, que assim pagam-me mais do outro lado&#8217;. Mas nunca fiz isso&#8221;, afirmou, relembrando que Ruben Amorim acabou por ter um papel importante.<\/p>\n<p>&#8220;Nunca me senti na posi\u00e7\u00e3o de o fazer, porque achei que a empatia e o carinho que tinha pelo clube eram iguais. Mas chega a um ponto em que, para eles, o dinheiro \u00e9 mais importante do que tudo. O clube queria que eu fosse, tenho isso na minha cabe\u00e7a. Disse isso aos diretores, mas acho que n\u00e3o tiveram a coragem de tomar essa decis\u00e3o, porque o mister me queria. Se tivesse dito que queria sair, mesmo com o mister a querer que eu ficasse, eles tinham-me deixado ir&#8221;, finalizou.<\/p>\n","protected":false},"excerpt":{"rendered":"Em entrevista para o Canal 11, no primeiro epis\u00f3dio de &#8220;Soltinhos pelo Mundo&#8221;, Bruno Fernandes falou sobre o&hellip;\n","protected":false},"author":2,"featured_media":191537,"comment_status":"","ping_status":"","sticky":false,"template":"","format":"standard","meta":{"footnotes":""},"categories":[87],"tags":[5532,135,665,663,32,33,134],"class_list":{"0":"post-191536","1":"post","2":"type-post","3":"status-publish","4":"format-standard","5":"has-post-thumbnail","7":"category-desporto","8":"tag-bruno-fernandes","9":"tag-desporto","10":"tag-inglaterra","11":"tag-manchester-united","12":"tag-portugal","13":"tag-pt","14":"tag-sports"},"share_on_mastodon":{"url":"https:\/\/pubeurope.com\/@pt\/115732473740620003","error":""},"_links":{"self":[{"href":"https:\/\/www.europesays.com\/pt\/wp-json\/wp\/v2\/posts\/191536","targetHints":{"allow":["GET"]}}],"collection":[{"href":"https:\/\/www.europesays.com\/pt\/wp-json\/wp\/v2\/posts"}],"about":[{"href":"https:\/\/www.europesays.com\/pt\/wp-json\/wp\/v2\/types\/post"}],"author":[{"embeddable":true,"href":"https:\/\/www.europesays.com\/pt\/wp-json\/wp\/v2\/users\/2"}],"replies":[{"embeddable":true,"href":"https:\/\/www.europesays.com\/pt\/wp-json\/wp\/v2\/comments?post=191536"}],"version-history":[{"count":0,"href":"https:\/\/www.europesays.com\/pt\/wp-json\/wp\/v2\/posts\/191536\/revisions"}],"wp:featuredmedia":[{"embeddable":true,"href":"https:\/\/www.europesays.com\/pt\/wp-json\/wp\/v2\/media\/191537"}],"wp:attachment":[{"href":"https:\/\/www.europesays.com\/pt\/wp-json\/wp\/v2\/media?parent=191536"}],"wp:term":[{"taxonomy":"category","embeddable":true,"href":"https:\/\/www.europesays.com\/pt\/wp-json\/wp\/v2\/categories?post=191536"},{"taxonomy":"post_tag","embeddable":true,"href":"https:\/\/www.europesays.com\/pt\/wp-json\/wp\/v2\/tags?post=191536"}],"curies":[{"name":"wp","href":"https:\/\/api.w.org\/{rel}","templated":true}]}}