{"id":191538,"date":"2025-12-17T02:09:12","date_gmt":"2025-12-17T02:09:12","guid":{"rendered":"https:\/\/www.europesays.com\/pt\/191538\/"},"modified":"2025-12-17T02:09:12","modified_gmt":"2025-12-17T02:09:12","slug":"nova-variante-da-gripe-dissemina-se-rapidamente-e-ja-atinge-mais-de-30-paises","status":"publish","type":"post","link":"https:\/\/www.europesays.com\/pt\/191538\/","title":{"rendered":"Nova variante da gripe dissemina-se rapidamente e j\u00e1 atinge mais de 30 pa\u00edses"},"content":{"rendered":"<p>\tNova variante da gripe dissemina-se rapidamente e j\u00e1 atinge mais de 30 pa\u00edses | e-Global<\/p>\n<p>              &#13;<\/p>\n<p>&#13;<br \/>\n\t\t&#13;<\/p>\n<p>Este site utiliza cookies para permitir uma melhor experi\u00eancia por parte do utilizador. Ao navegar no site estar\u00e1 a consentir a sua utiliza\u00e7\u00e3o.OkN\u00e3oPol\u00edtica de Privacidade<\/p>\n<p>\t\t&#13;<\/p>\n","protected":false},"excerpt":{"rendered":"Nova variante da gripe dissemina-se rapidamente e j\u00e1 atinge mais de 30 pa\u00edses | e-Global &#13; &#13; &#13;&hellip;\n","protected":false},"author":2,"featured_media":191539,"comment_status":"","ping_status":"","sticky":false,"template":"","format":"standard","meta":{"footnotes":""},"categories":[86],"tags":[489,116,32,33,117],"class_list":{"0":"post-191538","1":"post","2":"type-post","3":"status-publish","4":"format-standard","5":"has-post-thumbnail","7":"category-saude","8":"tag-destaque-principal","9":"tag-health","10":"tag-portugal","11":"tag-pt","12":"tag-saude"},"share_on_mastodon":{"url":"https:\/\/pubeurope.com\/@pt\/115732477697796736","error":""},"_links":{"self":[{"href":"https:\/\/www.europesays.com\/pt\/wp-json\/wp\/v2\/posts\/191538","targetHints":{"allow":["GET"]}}],"collection":[{"href":"https:\/\/www.europesays.com\/pt\/wp-json\/wp\/v2\/posts"}],"about":[{"href":"https:\/\/www.europesays.com\/pt\/wp-json\/wp\/v2\/types\/post"}],"author":[{"embeddable":true,"href":"https:\/\/www.europesays.com\/pt\/wp-json\/wp\/v2\/users\/2"}],"replies":[{"embeddable":true,"href":"https:\/\/www.europesays.com\/pt\/wp-json\/wp\/v2\/comments?post=191538"}],"version-history":[{"count":0,"href":"https:\/\/www.europesays.com\/pt\/wp-json\/wp\/v2\/posts\/191538\/revisions"}],"wp:featuredmedia":[{"embeddable":true,"href":"https:\/\/www.europesays.com\/pt\/wp-json\/wp\/v2\/media\/191539"}],"wp:attachment":[{"href":"https:\/\/www.europesays.com\/pt\/wp-json\/wp\/v2\/media?parent=191538"}],"wp:term":[{"taxonomy":"category","embeddable":true,"href":"https:\/\/www.europesays.com\/pt\/wp-json\/wp\/v2\/categories?post=191538"},{"taxonomy":"post_tag","embeddable":true,"href":"https:\/\/www.europesays.com\/pt\/wp-json\/wp\/v2\/tags?post=191538"}],"curies":[{"name":"wp","href":"https:\/\/api.w.org\/{rel}","templated":true}]}}