{"id":191546,"date":"2025-12-17T02:19:50","date_gmt":"2025-12-17T02:19:50","guid":{"rendered":"https:\/\/www.europesays.com\/pt\/191546\/"},"modified":"2025-12-17T02:19:50","modified_gmt":"2025-12-17T02:19:50","slug":"depois-da-vitoria-no-big-brother-2020-soraia-moreira-surpreende-com-conquista-inedita-secret-story","status":"publish","type":"post","link":"https:\/\/www.europesays.com\/pt\/191546\/","title":{"rendered":"Depois da vit\u00f3ria no Big Brother 2020, Soraia Moreira surpreende com conquista in\u00e9dita &#8211; Secret Story"},"content":{"rendered":"<p>\n                    Soraia Moreira surpreende os f\u00e3s com an\u00fancio inesperado ap\u00f3s vit\u00f3ria do Big Brother 2020.&#13;<\/p>\n<p style=\"margin-bottom:11px\">Soraia Moreira tem motivos para celebrar. A vencedora do Big Brother 2020 <strong>anunciou esta segunda-feira que concluiu o mestrado em Jornalismo<\/strong>, alcan\u00e7ando uma nota final de 17 valores, um feito que <strong>assinala uma nova etapa no seu percurso acad\u00e9mico e profissional.<\/strong><\/p>\n<p><strong>A novidade foi partilhada nas redes sociais,<\/strong> onde Soraia Moreira publicou uma fotografia a segurar a tese de mestrado <strong>e expressou a emo\u00e7\u00e3o pelo objetivo alcan\u00e7ado.<\/strong> \u00abSou mestre em Jornalismo. 17 valores. Ainda custa acreditar. Estou mesmo muito feliz e profundamente grata por esta conquista\u00bb, escreveu.<\/p>\n<p>Na mesma publica\u00e7\u00e3o, a ex-concorrente do reality show<strong> deixou uma mensagem de agradecimento a todos os que a acompanharam ao longo deste percurso.<\/strong> A jovem destacou o papel dos professores, sublinhando a orienta\u00e7\u00e3o, exig\u00eancia e confian\u00e7a demonstradas durante a forma\u00e7\u00e3o acad\u00e9mica.<\/p>\n<p>Soraia Moreira <strong>fez ainda quest\u00e3o de agradecer \u00e0 fam\u00edlia, ao companheiro Daniel Guerreiro e aos amigos, reconhecendo o apoio constante ao longo desta caminhada. <\/strong>\u00abObrigada a todos. Vou ser para sempre grata\u00bb, concluiu.<\/p>\n<p><strong>Veja agora a galeria de fotos que prepar\u00e1mos para si.<\/strong><\/p>\n<p style=\"margin-bottom:11px\">\u00a0<\/p>\n","protected":false},"excerpt":{"rendered":"Soraia Moreira surpreende os f\u00e3s com an\u00fancio inesperado ap\u00f3s vit\u00f3ria do Big Brother 2020.&#13; Soraia Moreira tem motivos&hellip;\n","protected":false},"author":2,"featured_media":191547,"comment_status":"","ping_status":"","sticky":false,"template":"","format":"standard","meta":{"footnotes":""},"categories":[142],"tags":[18706,13903,114,115,18705,32,33,1441,151,18704],"class_list":{"0":"post-191546","1":"post","2":"type-post","3":"status-publish","4":"format-standard","5":"has-post-thumbnail","7":"category-tv","8":"tag-bastidores-secret-story","9":"tag-conquista","10":"tag-entertainment","11":"tag-entretenimento","12":"tag-entrevistas-concorrentes-tvi","13":"tag-portugal","14":"tag-pt","15":"tag-soraia-moreira","16":"tag-tv","17":"tag-vida-fora-da-casa"},"share_on_mastodon":{"url":"https:\/\/pubeurope.com\/@pt\/115732520886308827","error":""},"_links":{"self":[{"href":"https:\/\/www.europesays.com\/pt\/wp-json\/wp\/v2\/posts\/191546","targetHints":{"allow":["GET"]}}],"collection":[{"href":"https:\/\/www.europesays.com\/pt\/wp-json\/wp\/v2\/posts"}],"about":[{"href":"https:\/\/www.europesays.com\/pt\/wp-json\/wp\/v2\/types\/post"}],"author":[{"embeddable":true,"href":"https:\/\/www.europesays.com\/pt\/wp-json\/wp\/v2\/users\/2"}],"replies":[{"embeddable":true,"href":"https:\/\/www.europesays.com\/pt\/wp-json\/wp\/v2\/comments?post=191546"}],"version-history":[{"count":0,"href":"https:\/\/www.europesays.com\/pt\/wp-json\/wp\/v2\/posts\/191546\/revisions"}],"wp:featuredmedia":[{"embeddable":true,"href":"https:\/\/www.europesays.com\/pt\/wp-json\/wp\/v2\/media\/191547"}],"wp:attachment":[{"href":"https:\/\/www.europesays.com\/pt\/wp-json\/wp\/v2\/media?parent=191546"}],"wp:term":[{"taxonomy":"category","embeddable":true,"href":"https:\/\/www.europesays.com\/pt\/wp-json\/wp\/v2\/categories?post=191546"},{"taxonomy":"post_tag","embeddable":true,"href":"https:\/\/www.europesays.com\/pt\/wp-json\/wp\/v2\/tags?post=191546"}],"curies":[{"name":"wp","href":"https:\/\/api.w.org\/{rel}","templated":true}]}}