{"id":191555,"date":"2025-12-17T02:30:28","date_gmt":"2025-12-17T02:30:28","guid":{"rendered":"https:\/\/www.europesays.com\/pt\/191555\/"},"modified":"2025-12-17T02:30:28","modified_gmt":"2025-12-17T02:30:28","slug":"kathy-comenta-sobre-o-episodio-da-maquete-que-carol-fez-para-duda-e-mesquita-afazenda-shorts-r7","status":"publish","type":"post","link":"https:\/\/www.europesays.com\/pt\/191555\/","title":{"rendered":"Kathy comenta sobre o epis\u00f3dio da maquete que Carol fez para Duda e Mesquita #AFazenda #shorts &#8211; R7"},"content":{"rendered":"<ol>\n<li><a href=\"https:\/\/news.google.com\/rss\/articles\/CBMi4AFBVV95cUxNTTBvS3hCUDQzampVM0VORmtTWVJiX0xFNnF5N3J2c1pXY1NHZ3FJeFZlUDJUQ3FkWmRrWUlyQlFjRktlZ2lYd1JIaUtmV21SbThwWFU3THlwMDI2VFVGRFRJYVlBa0p4Z0VOUG5XRjJXYndWVC1fMDd3SXVIdW1Od1FfZ2VrSEh6WDYybFdyVXBCYTNaQ05KdGMwbVJlUDFFWVI2dmw1Qm5OWml6Tzc2dmNRUDgxZ2JJdkdwdlMyVndLcnRQU25kQ0N3ckpsS0hHVnJpX0hVZTR6QXhIUXlTLQ?oc=5\" target=\"_blank\" rel=\"nofollow noopener\">Kathy comenta sobre o epis\u00f3dio da maquete que Carol fez para Duda e Mesquita #AFazenda #shorts<\/a>&nbsp;&nbsp;R7<\/li>\n<li><a href=\"https:\/\/news.google.com\/rss\/articles\/CBMiwgFBVV95cUxPeURCdG5iVXdvanp3OGxndUkxWE1HZXp5SHcwXzVZMjFjMlFua2JhME82cUdOSjZLeWV1Mko2VUc0SHhxV1JOSXRDTUtNRDBMX2dncW5kdjB0ZUZzcUc4cUZFT05IVGxHWHI3azEwVTdrdGpWczItMkw3bGVNZVpZbDVTN1RpYko2cHRtcTBncVhsYTBYUHdYYWdGME9jUFdsV0lnMUg0ajlfaC1hY1FOc1hIdXF0ZHhyVmp3STlYVVdCUQ?oc=5\" target=\"_blank\" rel=\"nofollow noopener\">Expulsos de A Fazenda 17 voltam ao reality nesta quarta; entenda<\/a>&nbsp;&nbsp;O POVO<\/li>\n<li><a href=\"https:\/\/news.google.com\/rss\/articles\/CBMihAJBVV95cUxOdjdEc0todVdrSm5ma1FSdllWSUxVX3lMOHRlOGJURFZtRFpXOFQ5ZmZzRjhjQVJBRjVqZ05kYXJQWkYwQUVTcjl1czdkcEphV1JqMnVfWmVBaE9Ec2hWcWI4Qy05NWhpTmF6MmhXWkNtSnRSR1hlZDFydXpGaE1FMDQ3eFhTOXFlcldwdUc1anBNMWxIMGhkX19NOVpGdm1BeVRtZkVWVzA0T2ZucGV3QjYwSmZhNlNTZVNkVnc2NmphY2FvSzZGdHR0ZmpNcDdSMkJvRE04aUtPZ3JERndEMUxvLURlMDZ5QnV0U1lWaFNRSFJJOElfNTdVYkhSVmZaWU1FTA?oc=5\" target=\"_blank\" rel=\"nofollow noopener\">Carol Lekker faz s\u00faplica \u00e0 Record ap\u00f3s ser expulsa de &#8216;A Fazenda 17&#8217;: &#8216;Qualquer coisa&#8217;<\/a>&nbsp;&nbsp;Terra<\/li>\n<li><a href=\"https:\/\/news.google.com\/rss\/articles\/CBMimgFBVV95cUxNaFJwdDJ3WGZ5SXBRaWlQcVZYOFdaZURtMWZfa3RtZzdDcWFLQWVpdGNfUTdOQ3BQZkUwaThRNXVha2ZPR3pYcFBQT2NJUmt2QlA0cnZsMTVlSTI1YnVBQXdtdlNLTFFYWjJSaFJVWUYwdW1KOF9rY1J4NXNfRzhJX2ZXX2hKc3ZjeUJSWFpUeUpMSFpuMHZnTEVn?oc=5\" target=\"_blank\" rel=\"nofollow noopener\">A Fazenda: Como ser\u00e1 a \u00faltima festa da temporada?<\/a>&nbsp;&nbsp;OFuxico<\/li>\n<li><a href=\"https:\/\/news.google.com\/rss\/articles\/CBMisgFBVV95cUxPNEltdXk0TVkydDNhc3lWdU54U2FfZXZ5aHdRc3dIcm9Land0eVV0UUFVMnVzLUpTVXdzMi1VaVBpT1VGTmwwTzkxUDl3M1dPMjgtQ2ZxTUlwMXBZR2tnZUNDSzVrNTdlMmVuT2RWUW5EeFhKLV8tTEc1M0JUcmFMeldNRTdUb1FaTFo1M3dMTzdTdzQ5ZFl1b3FiMVBMWktrTGF6bVJaZGJWLWxkRG1ZMXRn?oc=5\" target=\"_blank\" rel=\"nofollow noopener\">Expulsos de &#8220;A Fazenda&#8221; participam da festa final? Record se pronuncia<\/a>&nbsp;&nbsp;CNN Brasil<\/li>\n<\/ol>\n","protected":false},"excerpt":{"rendered":"Kathy comenta sobre o epis\u00f3dio da maquete que Carol fez para Duda e Mesquita #AFazenda #shorts&nbsp;&nbsp;R7 Expulsos de&hellip;\n","protected":false},"author":2,"featured_media":191556,"comment_status":"","ping_status":"","sticky":false,"template":"","format":"standard","meta":{"footnotes":""},"categories":[145],"tags":[657,211,210,114,115,32,33],"class_list":{"0":"post-191555","1":"post","2":"type-post","3":"status-publish","4":"format-standard","5":"has-post-thumbnail","7":"category-celebridades","8":"tag-a-fazenda","9":"tag-celebridades","10":"tag-celebrities","11":"tag-entertainment","12":"tag-entretenimento","13":"tag-portugal","14":"tag-pt"},"share_on_mastodon":{"url":"https:\/\/pubeurope.com\/@pt\/115732560190835964","error":""},"_links":{"self":[{"href":"https:\/\/www.europesays.com\/pt\/wp-json\/wp\/v2\/posts\/191555","targetHints":{"allow":["GET"]}}],"collection":[{"href":"https:\/\/www.europesays.com\/pt\/wp-json\/wp\/v2\/posts"}],"about":[{"href":"https:\/\/www.europesays.com\/pt\/wp-json\/wp\/v2\/types\/post"}],"author":[{"embeddable":true,"href":"https:\/\/www.europesays.com\/pt\/wp-json\/wp\/v2\/users\/2"}],"replies":[{"embeddable":true,"href":"https:\/\/www.europesays.com\/pt\/wp-json\/wp\/v2\/comments?post=191555"}],"version-history":[{"count":0,"href":"https:\/\/www.europesays.com\/pt\/wp-json\/wp\/v2\/posts\/191555\/revisions"}],"wp:featuredmedia":[{"embeddable":true,"href":"https:\/\/www.europesays.com\/pt\/wp-json\/wp\/v2\/media\/191556"}],"wp:attachment":[{"href":"https:\/\/www.europesays.com\/pt\/wp-json\/wp\/v2\/media?parent=191555"}],"wp:term":[{"taxonomy":"category","embeddable":true,"href":"https:\/\/www.europesays.com\/pt\/wp-json\/wp\/v2\/categories?post=191555"},{"taxonomy":"post_tag","embeddable":true,"href":"https:\/\/www.europesays.com\/pt\/wp-json\/wp\/v2\/tags?post=191555"}],"curies":[{"name":"wp","href":"https:\/\/api.w.org\/{rel}","templated":true}]}}