{"id":191567,"date":"2025-12-17T02:55:20","date_gmt":"2025-12-17T02:55:20","guid":{"rendered":"https:\/\/www.europesays.com\/pt\/191567\/"},"modified":"2025-12-17T02:55:20","modified_gmt":"2025-12-17T02:55:20","slug":"taca-de-portugal-os-arbitros-eleitos-para-os-oitavos","status":"publish","type":"post","link":"https:\/\/www.europesays.com\/pt\/191567\/","title":{"rendered":"Ta\u00e7a de Portugal: Os \u00e1rbitros eleitos para os oitavos"},"content":{"rendered":"<p data-remotead-prev-elm=\"true\" data-remotead-elm-id=\"inread\">Os oitavos de final da Ta\u00e7a de Portugal arrancam esta quarta-feira e o Conselho de Arbitragem (CA), da Federa\u00e7\u00e3o Portuguesa de Futebol (FPF), j\u00e1 divulgou os nomes dos \u00e1rbitros e das restantes equipas respons\u00e1veis por chefiar cada um dos encontros programados.<\/p>\n<p>No encontro entre Farense e Benfica, agendado para quarta-feira, \u00e0s 20.45 horas, o respons\u00e1vel ser\u00e1 H\u00e9lder Malheiro (A. F. Lisboa).<\/p>\n<p>J\u00e1 no dia seguinte, o Sporting vai at\u00e9 aos A\u00e7ores para reencontrar o Santa Clara, \u00e0s 18.45 horas, numa partida que ficar\u00e1 ao encargo de Jo\u00e3o Pinheiro (A. F. Braga). Umas horas depois, o F. C. Porto recebe o Famalic\u00e3o, no Drag\u00e3o, \u00e0s 20.45 horas, num duelo que ficar\u00e1 sob a responsabilidade de Ant\u00f3nio Nobre (A. F. Leiria).<\/p>\n<p data-remotead-prev-elm=\"true\" data-remotead-elm-id=\"centro1\"><strong>Verifique as nomea\u00e7\u00f5es:<\/strong><\/p>\n<p><strong>Vila Me\u00e3-Leiria:<\/strong><br \/>\u00c1rbitro: Jos\u00e9 Bessa<br \/>Assistentes: Miguel Martins e Hugo Santos<br \/>4.\u00ba \u00e1rbitro: V\u00edtor Lopes<br \/>VAR: Jo\u00e3o Casegas<br \/>AVAR: Marco Vieira<\/p>\n<p><strong>Casa Pia-Torreense:<\/strong><br \/>\u00c1rbitro: Jo\u00e3o Gon\u00e7alves<br \/>Assistentes: Pedro Ribeiro e \u00c2ngelo Carneiro<br \/>4.\u00ba \u00e1rbitro: Andr\u00e9 Narciso<br \/>VAR: Jo\u00e3o Bento<br \/>AVAR: Pedro Sousa<\/p>\n<p data-remotead-prev-elm=\"true\" data-remotead-elm-id=\"centro2\"><strong>Vit\u00f3ria-AVS:<\/strong><br \/>\u00c1rbitro: Gustavo Correia<br \/>Assistentes: Andr\u00e9 Dias e F\u00e1bio Silva<br \/>4.\u00ba \u00e1rbitro: David Silva<br \/>VAR: Cl\u00e1udia Ribeiro<br \/>AVAR: Pedro Felisberto<\/p>\n<p><strong>Farense-Benfica:<\/strong><br \/>\u00c1rbitro: H\u00e9lder Malheiro<br \/>Assistentes: Gon\u00e7alo Freire e Hugo Ribeiro<br \/>4.\u00ba \u00e1rbitro: Ricardo Baixinho<br \/>VAR: Lu\u00eds Ferreira<br \/>AVAR: Valdemar Maia<\/p>\n<p><strong>Santa Clara-Sporting:<\/strong><br \/>\u00c1rbitro: Jo\u00e3o Pinheiro<br \/>Assistentes: Luciano Maia e In\u00e1cio Pereira<br \/>4.\u00ba \u00e1rbitro: Anzhony Rodrigues<br \/>VAR: Rui Silva<br \/>AVAR: Tiago Leandro<\/p>\n<p><strong>F. C. Porto-Famalic\u00e3o:<\/strong><br \/>\u00c1rbitro: Ant\u00f3nio Nobre<br \/>Assistentes: N\u00e9lson Pereira e Francisco Pereira<br \/>4.\u00ba \u00e1rbitro: Cl\u00e1udio Pereira<br \/>VAR: Manuel Oliveira<br \/>AVAR: David Soares<\/p>\n","protected":false},"excerpt":{"rendered":"Os oitavos de final da Ta\u00e7a de Portugal arrancam esta quarta-feira e o Conselho de Arbitragem (CA), da&hellip;\n","protected":false},"author":2,"featured_media":191568,"comment_status":"","ping_status":"","sticky":false,"template":"","format":"standard","meta":{"footnotes":""},"categories":[87],"tags":[51,135,20558,32,33,34,134,3142],"class_list":{"0":"post-191567","1":"post","2":"type-post","3":"status-publish","4":"format-standard","5":"has-post-thumbnail","7":"category-desporto","8":"tag-benfica","9":"tag-desporto","10":"tag-f-c-porto","11":"tag-portugal","12":"tag-pt","13":"tag-sporting","14":"tag-sports","15":"tag-taca-de-portugal"},"share_on_mastodon":{"url":"https:\/\/pubeurope.com\/@pt\/115732658537216092","error":""},"_links":{"self":[{"href":"https:\/\/www.europesays.com\/pt\/wp-json\/wp\/v2\/posts\/191567","targetHints":{"allow":["GET"]}}],"collection":[{"href":"https:\/\/www.europesays.com\/pt\/wp-json\/wp\/v2\/posts"}],"about":[{"href":"https:\/\/www.europesays.com\/pt\/wp-json\/wp\/v2\/types\/post"}],"author":[{"embeddable":true,"href":"https:\/\/www.europesays.com\/pt\/wp-json\/wp\/v2\/users\/2"}],"replies":[{"embeddable":true,"href":"https:\/\/www.europesays.com\/pt\/wp-json\/wp\/v2\/comments?post=191567"}],"version-history":[{"count":0,"href":"https:\/\/www.europesays.com\/pt\/wp-json\/wp\/v2\/posts\/191567\/revisions"}],"wp:featuredmedia":[{"embeddable":true,"href":"https:\/\/www.europesays.com\/pt\/wp-json\/wp\/v2\/media\/191568"}],"wp:attachment":[{"href":"https:\/\/www.europesays.com\/pt\/wp-json\/wp\/v2\/media?parent=191567"}],"wp:term":[{"taxonomy":"category","embeddable":true,"href":"https:\/\/www.europesays.com\/pt\/wp-json\/wp\/v2\/categories?post=191567"},{"taxonomy":"post_tag","embeddable":true,"href":"https:\/\/www.europesays.com\/pt\/wp-json\/wp\/v2\/tags?post=191567"}],"curies":[{"name":"wp","href":"https:\/\/api.w.org\/{rel}","templated":true}]}}