{"id":191570,"date":"2025-12-17T03:01:06","date_gmt":"2025-12-17T03:01:06","guid":{"rendered":"https:\/\/www.europesays.com\/pt\/191570\/"},"modified":"2025-12-17T03:01:06","modified_gmt":"2025-12-17T03:01:06","slug":"crise-dos-chips-forcara-a-xiaomi-a-subir-precos-e-eliminar-modelos-de-smartphones","status":"publish","type":"post","link":"https:\/\/www.europesays.com\/pt\/191570\/","title":{"rendered":"Crise dos chips for\u00e7ar\u00e1 a Xiaomi a subir pre\u00e7os e eliminar modelos de smartphones"},"content":{"rendered":"<p class=\"leading\">\n                Os pre\u00e7os elevados das mem\u00f3ria RAM afetar\u00e3o os pre\u00e7os e disponibilidade de tablets e smartphones intermedi\u00e1rios da Redmi e POCO.            <\/p>\n<p class=\"article-image center\"><img decoding=\"async\" alt=\"Crise dos chips for\u00e7ar\u00e1 Xiaomi a subir pre\u00e7os e eliminar modelos de smartphones\" height=\"1080\" src=\"https:\/\/www.europesays.com\/pt\/wp-content\/uploads\/2025\/12\/crise-dos-chips-forcara-xiaomi-a-subir-precos-e-eliminar-modelos-de-smartphones.jpg\" width=\"1920\" fetchpriority=\"high\"\/><\/p>\n<p><a href=\"https:\/\/whatsapp.com\/channel\/0029Va54F7B7j6gBNXobAM16\" rel=\"nofollow noopener\" class=\"banner-deals mb20 banner-deals-rotation banner-deals-rotation--whatsapp\" target=\"_blank\"><\/p>\n<p>        Entra no nosso canal Whatsapp<br \/>e recebe as melhores ofertas<\/p>\n<p>        ENTRAR\n    <\/p>\n<p><\/a><\/p>\n<p>A <a href=\"https:\/\/4gnews.pt\/prepara-te-os-precos-dos-smartphones-vao-disparar-e-a-culpa-e-de-algo-que-usas-todos-os-dias\/\" rel=\"nofollow noopener\" target=\"_blank\">crise dos chips de mem\u00f3ria RAM<\/a> trar\u00e1 mudan\u00e7as no mercado mobile e consequ\u00eancias nada agrad\u00e1veis para os consumidores a partir de 2026. Para o pr\u00f3ximo ano, \u00e9 esperado que os fabricantes de dispositivos m\u00f3veis fa\u00e7am altera\u00e7\u00f5es nas especifica\u00e7\u00f5es de hardware, al\u00e9m da expectativa de aumentos de pre\u00e7os.<\/p>\n<p>Xiaomi dever\u00e1 aumentar pre\u00e7os de tablets e smartphones<\/p>\n<p>Corroborando relat\u00f3rios recentes sobre pre\u00e7os elevados para futuros lan\u00e7amentos, o conhecido informante Digital Chat Station (via <a href=\"https:\/\/www.ithome.com\/0\/905\/156.htm\" rel=\"nofollow noopener\" target=\"_blank\">ITHome<\/a>), uma fonte com contactos dentro da cadeia de fornecimento de hardware, afirma que a Xiaomi ir\u00e1 lidar com a crise dos chips aumentando o pre\u00e7o de alguns dos seus tablets entre 100 e 300 yuan (cerca de 12 a 36 euros).<\/p>\n<p>Al\u00e9m disso, o informante refere que a fabricante tamb\u00e9m dever\u00e1 aplicar algumas altera\u00e7\u00f5es nos pre\u00e7os dos seus smartphones, com alguns modelos interm\u00e9dios \u2014 ou seja, das marcas Redmi e POCO \u2014 a registarem aumentos de 300 yuan (36 euros).<\/p>\n<p>Modelos interm\u00e9dios podem perder op\u00e7\u00f5es de armazenamento<\/p>\n<p>No entanto, os pre\u00e7os n\u00e3o ser\u00e3o a \u00fanica mudan\u00e7a causada pela crise. Digital Chat Station afirma ainda que alguns modelos interm\u00e9dios da Xiaomi para 2026 n\u00e3o ter\u00e3o op\u00e7\u00f5es de 1 TB. Ainda assim, a expectativa \u00e9 que essa capacidade de armazenamento seja mantida nos modelos topo de gama, como o Xiaomi 17 Ultra.<\/p>\n<p>Pre\u00e7os da RAM devem continuar a subir em 2026<\/p>\n<p>Os pre\u00e7os das mem\u00f3rias RAM dever\u00e3o continuar a subir no primeiro trimestre de 2026, de acordo com um relat\u00f3rio recente da TrendForce, o que ir\u00e1 influenciar os custos de produ\u00e7\u00e3o de dispositivos da Xiaomi, mas tamb\u00e9m de outros fabricantes. Para lidar com este cen\u00e1rio, os analistas acreditam que as empresas dever\u00e3o aumentar os pre\u00e7os dos seus dispositivos, reduzir especifica\u00e7\u00f5es e rever as suas previs\u00f5es de vendas.<\/p>\n<p>A TrendForce avalia que os pre\u00e7os dos chips de mem\u00f3ria podem levar at\u00e9 mesmo a Apple a realizar altera\u00e7\u00f5es na sua estrat\u00e9gia de pre\u00e7os para os novos modelos de 2026. Al\u00e9m disso, modelos de iPhone mais antigos poder\u00e3o ver os seus descontos reduzidos ou at\u00e9 deixar de ter qualquer promo\u00e7\u00e3o.<\/p>\n<p>Para os smartphones Android, o relat\u00f3rio indica que dispositivos de entrada e interm\u00e9dios de 2026 tamb\u00e9m ter\u00e3o de sofrer aumentos de pre\u00e7os. Para al\u00e9m disso, os fabricantes poder\u00e3o rever o ciclo de vida dos modelos existentes; com isso, alguns lan\u00e7amentos de linhas de entrada ou interm\u00e9dias poder\u00e3o ser adiados at\u00e9 que a crise dos chips melhore ou atinja um n\u00edvel de estabilidade.<\/p>\n<p>Outra mudan\u00e7a esperada \u00e9 o regresso de modelos com capacidades b\u00e1sicas de mem\u00f3ria RAM de 4 GB em 2026, bem como redu\u00e7\u00f5es significativas na oferta de dispositivos m\u00f3veis com 12 GB de RAM.<\/p>\n<p class=\"inline-related-title\">Editores 4gnews recomendam:<\/p>\n","protected":false},"excerpt":{"rendered":"Os pre\u00e7os elevados das mem\u00f3ria RAM afetar\u00e3o os pre\u00e7os e disponibilidade de tablets e smartphones intermedi\u00e1rios da Redmi&hellip;\n","protected":false},"author":2,"featured_media":191571,"comment_status":"","ping_status":"","sticky":false,"template":"","format":"standard","meta":{"footnotes":""},"categories":[84],"tags":[109,107,108,32,33,105,103,104,106,110],"class_list":{"0":"post-191570","1":"post","2":"type-post","3":"status-publish","4":"format-standard","5":"has-post-thumbnail","7":"category-ciencia-e-tecnologia","8":"tag-ciencia","9":"tag-ciencia-e-tecnologia","10":"tag-cienciaetecnologia","11":"tag-portugal","12":"tag-pt","13":"tag-science","14":"tag-science-and-technology","15":"tag-scienceandtechnology","16":"tag-technology","17":"tag-tecnologia"},"share_on_mastodon":{"url":"https:\/\/pubeurope.com\/@pt\/115732682264695826","error":""},"_links":{"self":[{"href":"https:\/\/www.europesays.com\/pt\/wp-json\/wp\/v2\/posts\/191570","targetHints":{"allow":["GET"]}}],"collection":[{"href":"https:\/\/www.europesays.com\/pt\/wp-json\/wp\/v2\/posts"}],"about":[{"href":"https:\/\/www.europesays.com\/pt\/wp-json\/wp\/v2\/types\/post"}],"author":[{"embeddable":true,"href":"https:\/\/www.europesays.com\/pt\/wp-json\/wp\/v2\/users\/2"}],"replies":[{"embeddable":true,"href":"https:\/\/www.europesays.com\/pt\/wp-json\/wp\/v2\/comments?post=191570"}],"version-history":[{"count":0,"href":"https:\/\/www.europesays.com\/pt\/wp-json\/wp\/v2\/posts\/191570\/revisions"}],"wp:featuredmedia":[{"embeddable":true,"href":"https:\/\/www.europesays.com\/pt\/wp-json\/wp\/v2\/media\/191571"}],"wp:attachment":[{"href":"https:\/\/www.europesays.com\/pt\/wp-json\/wp\/v2\/media?parent=191570"}],"wp:term":[{"taxonomy":"category","embeddable":true,"href":"https:\/\/www.europesays.com\/pt\/wp-json\/wp\/v2\/categories?post=191570"},{"taxonomy":"post_tag","embeddable":true,"href":"https:\/\/www.europesays.com\/pt\/wp-json\/wp\/v2\/tags?post=191570"}],"curies":[{"name":"wp","href":"https:\/\/api.w.org\/{rel}","templated":true}]}}