{"id":191574,"date":"2025-12-17T03:09:09","date_gmt":"2025-12-17T03:09:09","guid":{"rendered":"https:\/\/www.europesays.com\/pt\/191574\/"},"modified":"2025-12-17T03:09:09","modified_gmt":"2025-12-17T03:09:09","slug":"fernando-alexandre-nao-culpou-alunos-pobres-pela-degradacao-das-residencias-ouca-as-declaracoes","status":"publish","type":"post","link":"https:\/\/www.europesays.com\/pt\/191574\/","title":{"rendered":"Fernando Alexandre n\u00e3o culpou alunos pobres pela degrada\u00e7\u00e3o das resid\u00eancias: ou\u00e7a as declara\u00e7\u00f5es"},"content":{"rendered":"<p data-remotead-prev-elm=\"true\" data-remotead-elm-id=\"inread\">A interven\u00e7\u00e3o feita durante a apresenta\u00e7\u00e3o do novo modelo de A\u00e7\u00e3o Social para o Ensino Superior <strong>foi disponibilizada na \u00edntegra pelo Minist\u00e9rio da Educa\u00e7\u00e3o, Ci\u00eancia e Inova\u00e7\u00e3o (MECI)<\/strong>,<strong> <\/strong>depois de ter sido noticiado que o Fernando Alexandre estaria a responsabilizar os alunos pobres pela degrada\u00e7\u00e3o das resid\u00eancias, e de o PS ter exigido que se retratasse pelas supostas declara\u00e7\u00f5es &#8220;preconceituosas&#8221;. <a href=\"https:\/\/www.jn.pt\/nacional\/artigo\/fernando-alexandre-nega-declaracoes-sobre-alunos-pobres-e-uma-distorcao-total\/18031040\" target=\"_blank\" rel=\"nofollow noopener\">Em entrevista \u00e0 RTP Not\u00edcias, o governante defendeu que a interpreta\u00e7\u00e3o feita foi &#8220;grav\u00edssima&#8221; e uma &#8220;distor\u00e7\u00e3o total&#8221;<\/a>, apelando a que se tivesse em conta toda a interven\u00e7\u00e3o, em que, de facto, <strong>n\u00e3o relacionou os estudantes carenciados \u00e0 maior degrada\u00e7\u00e3o das resid\u00eancias<\/strong> que ocupam.<\/p>\n<p>No discurso de cerca de 20 minutos, o ministro da Educa\u00e7\u00e3o sublinhou que &#8220;as resid\u00eancias acad\u00e9micas n\u00e3o deviam ser espa\u00e7os para os alunos mais pobres, para os alunos de baixos rendimentos, que \u00e9 o que s\u00e3o&#8221;. &#8220;N\u00f3s queremos que as resid\u00eancias sejam espa\u00e7os de integra\u00e7\u00e3o, espa\u00e7os de bem-estar, \u00e9 a palavra que n\u00f3s usamos sempre. Para serem isso e contribu\u00edrem para o sucesso acad\u00e9mico dos alunos, elas t\u00eam que ser espa\u00e7os, sobretudo, de acolhimento dos alunos deslocados, independentemente da sua condi\u00e7\u00e3o social. E t\u00eam que perder o estigma de ser espa\u00e7os de acolhimento de alunos de rendimentos mais baixos&#8221;, argumentou Fernando Alexandre.<\/p>\n<p>De acordo com o respons\u00e1vel pela pasta da Educa\u00e7\u00e3o, o plano de A\u00e7\u00e3o Social apresentado tem como base &#8220;a igualdade de oportunidades e a igualdade de escolha&#8221;. A ideia inicial &#8211; que n\u00e3o foi implementada por falta de consenso &#8211; seria n\u00e3o distinguir a componente &#8220;alojamento&#8221; da bolsa atribu\u00edda aos estudantes, optem ou n\u00e3o por uma resid\u00eancia. &#8220;Isto queria dizer que n\u00f3s <strong>\u00edamos ter que mudar completamente a forma de gerir as resid\u00eancias<\/strong>. Porque as resid\u00eancias deixariam de ser o espa\u00e7o para onde n\u00f3s empurramos os alunos da A\u00e7\u00e3o Social, de rendimentos mais baixos, e passariam a ser espa\u00e7os que as universidades e os polit\u00e9cnicos <strong>teriam que promover de forma mais competitiva para atrair alunos de rendimentos mais baixos e de rendimentos mais elevados&#8221;<\/strong>, explicou.<\/p>\n<blockquote data-type=\"articles\" data-id=\"related-article-18031040\"><p>\n              <strong>Leia tamb\u00e9m <\/strong><br \/>\n              <a href=\"https:\/\/www.jn.pt\/nacional\/artigo\/fernando-alexandre-nega-declaracoes-sobre-alunos-pobres-e-uma-distorcao-total\/18031040\" rel=\"nofollow noopener\" target=\"_blank\">Fernando Alexandre nega declara\u00e7\u00f5es sobre alunos pobres: &#8220;\u00c9 uma distor\u00e7\u00e3o total&#8221;<\/a>\n            <\/p><\/blockquote>\n<p>Novo modelo inclusivo chumbado pelas universidades<\/p>\n<p data-remotead-prev-elm=\"true\" data-remotead-elm-id=\"centro1\">Por\u00e9m, a ideia de &#8220;revolucionar&#8221; a forma de gerir as resid\u00eancias, <strong>&#8220;tornando-as verdadeiramente lugar de integra\u00e7\u00e3o dos alunos deslocados e de baixos rendimentos&#8221; <\/strong>n\u00e3o foi, de acordo com o governante, acolhida pelo Conselho Coordenador dos Institutos Superiores Polit\u00e9cnicos (CCISP) e pelo Conselho de Reitores das Universidades Portuguesas (CRUP). &#8220;Ou seja, n\u00f3s vamos continuar a ter um sistema que empurra, a palavra \u00e9 esta, os estudantes bolseiros para as resid\u00eancias. E isto diminui a diversidade (&#8230;) porque basicamente n\u00f3s ficamos com pessoas do mesmo estrato social&#8221;.<\/p>\n<p>&#8220;Se h\u00e1 coisa que \u00e9 importante para a mobilidade social e para a democracia <strong>\u00e9 a mistura de estratos sociais<\/strong>. E aquilo que n\u00f3s fazemos no Ensino Superior \u00e9 n\u00e3o misturar. \u00c9 p\u00f4r nas resid\u00eancias universit\u00e1rias os estudantes dos meios socioecon\u00f3micos mais desfavorecidos. E por isso tamb\u00e9m, j\u00e1 agora, \u00e9 que depois elas se degradam, <strong>\u00e9 por isso que elas depois se degradam, \u00e9 por isso que elas depois n\u00e3o s\u00e3o cuidadas&#8221;<\/strong>, afirmou Fernando Alexandre.<\/p>\n","protected":false},"excerpt":{"rendered":"A interven\u00e7\u00e3o feita durante a apresenta\u00e7\u00e3o do novo modelo de A\u00e7\u00e3o Social para o Ensino Superior foi disponibilizada&hellip;\n","protected":false},"author":2,"featured_media":191575,"comment_status":"","ping_status":"","sticky":false,"template":"","format":"standard","meta":{"footnotes":""},"categories":[10],"tags":[3984,27,28,539,15,16,14,25,26,21,22,619,12,13,19,20,32,23,24,33,17,18,29,30,31],"class_list":{"0":"post-191574","1":"post","2":"type-post","3":"status-publish","4":"format-standard","5":"has-post-thumbnail","7":"category-portugal","8":"tag-acao-social","9":"tag-breaking-news","10":"tag-breakingnews","11":"tag-educacao","12":"tag-featured-news","13":"tag-featurednews","14":"tag-headlines","15":"tag-latest-news","16":"tag-latestnews","17":"tag-main-news","18":"tag-mainnews","19":"tag-nacional","20":"tag-news","21":"tag-noticias","22":"tag-noticias-principais","23":"tag-noticiasprincipais","24":"tag-portugal","25":"tag-principais-noticias","26":"tag-principaisnoticias","27":"tag-pt","28":"tag-top-stories","29":"tag-topstories","30":"tag-ultimas","31":"tag-ultimas-noticias","32":"tag-ultimasnoticias"},"share_on_mastodon":{"url":"https:\/\/pubeurope.com\/@pt\/115732713513299355","error":""},"_links":{"self":[{"href":"https:\/\/www.europesays.com\/pt\/wp-json\/wp\/v2\/posts\/191574","targetHints":{"allow":["GET"]}}],"collection":[{"href":"https:\/\/www.europesays.com\/pt\/wp-json\/wp\/v2\/posts"}],"about":[{"href":"https:\/\/www.europesays.com\/pt\/wp-json\/wp\/v2\/types\/post"}],"author":[{"embeddable":true,"href":"https:\/\/www.europesays.com\/pt\/wp-json\/wp\/v2\/users\/2"}],"replies":[{"embeddable":true,"href":"https:\/\/www.europesays.com\/pt\/wp-json\/wp\/v2\/comments?post=191574"}],"version-history":[{"count":0,"href":"https:\/\/www.europesays.com\/pt\/wp-json\/wp\/v2\/posts\/191574\/revisions"}],"wp:featuredmedia":[{"embeddable":true,"href":"https:\/\/www.europesays.com\/pt\/wp-json\/wp\/v2\/media\/191575"}],"wp:attachment":[{"href":"https:\/\/www.europesays.com\/pt\/wp-json\/wp\/v2\/media?parent=191574"}],"wp:term":[{"taxonomy":"category","embeddable":true,"href":"https:\/\/www.europesays.com\/pt\/wp-json\/wp\/v2\/categories?post=191574"},{"taxonomy":"post_tag","embeddable":true,"href":"https:\/\/www.europesays.com\/pt\/wp-json\/wp\/v2\/tags?post=191574"}],"curies":[{"name":"wp","href":"https:\/\/api.w.org\/{rel}","templated":true}]}}