{"id":191578,"date":"2025-12-17T03:16:09","date_gmt":"2025-12-17T03:16:09","guid":{"rendered":"https:\/\/www.europesays.com\/pt\/191578\/"},"modified":"2025-12-17T03:16:09","modified_gmt":"2025-12-17T03:16:09","slug":"vingadores-destino-lewis-pullman-aborda-retorno-do-sentinela-e-empolgacao-com-o-filme","status":"publish","type":"post","link":"https:\/\/www.europesays.com\/pt\/191578\/","title":{"rendered":"Vingadores: Destino | Lewis Pullman aborda retorno do Sentinela e empolga\u00e7\u00e3o com o filme"},"content":{"rendered":"<p class=\"wp-block-yoast-seo-estimated-reading-time yoast-reading-time__wrapper\">Estimated reading time: 2 minutos<\/p>\n<p>Com a <strong>Saga do Multiverso<\/strong> se aproximando de seu cl\u00edmax, <a href=\"https:\/\/ovicio.com.br\/filme\/avengers-doomsday\" rel=\"nofollow noopener\" target=\"_blank\">Vingadores: Destino<\/a> (Avengers: Doomsday) promete ser um dos eventos mais impactantes da hist\u00f3ria do <strong>MCU<\/strong>. O <strong>Sentinela<\/strong>, interpretado por <strong>Lewis Pullman<\/strong>, ser\u00e1 uma das pe\u00e7as nesse tabuleiro que enfrentar\u00e1 o <strong>Doutor Destino<\/strong> de <strong>Robert Downey Jr<\/strong>.<\/p>\n<p>Em entrevista recente ao <a href=\"https:\/\/screenrant.com\/avengers-doomsday-lewis-pullman-sentry-bob-return-tease\/\" target=\"_blank\" rel=\"noreferrer noopener nofollow\">Screen Rant<\/a>, <strong>Lewis Pullman<\/strong>, que fez a sua estreia como <strong>&#8220;Bob&#8221;<\/strong> em <strong>Thunderbolts*<\/strong>, comentou sobre seu retorno para o pr\u00f3ximo grande filme da equipe e reagiu aos relatos de que o primeiro vislumbre da produ\u00e7\u00e3o pode ser exibido antes das sess\u00f5es de <strong>Avatar: Fogo e Cinzas<\/strong>.<\/p>\n<p>Ao saber da estrat\u00e9gia de marketing da <strong>Disney<\/strong>, o ator n\u00e3o escondeu a surpresa e o entusiasmo:<\/p>\n<p><strong>&#8220;Meu Deus, mal posso esperar para ver! Eu n\u00e3o sabia disso [sobre o trailer]! [\u2026] Ainda n\u00e3o vi nada. Mas estou muito animado. Acho que estou t\u00e3o empolgado quanto qualquer outra pessoa.&#8221;<\/strong><\/p>\n<p>Pullman destacou a qualidade da equipe envolvida em <strong>Vingadores: Destino<\/strong>, que traz os <strong>Irm\u00e3os Russo<\/strong> de volta \u00e0 dire\u00e7\u00e3o:<\/p>\n<p><strong>&#8220;\u00c9 uma equipe incr\u00edvel e um elenco extraordin\u00e1rio. H\u00e1 muita coisa que estou ansioso para ver. Eu adoro o Sentinela e adoro o Bob, ent\u00e3o estou muito empolgado por poder voltar a interpret\u00e1-lo.&#8221;<\/strong><\/p>\n<p><strong>Vingadores: Destino<\/strong> chegar\u00e1 aos cinemas em 18 de dezembro de 2026.<\/p>\n<p>Leia tamb\u00e9m sobre Vingadores:<\/p>\n","protected":false},"excerpt":{"rendered":"Estimated reading time: 2 minutos Com a Saga do Multiverso se aproximando de seu cl\u00edmax, Vingadores: Destino (Avengers:&hellip;\n","protected":false},"author":2,"featured_media":191579,"comment_status":"","ping_status":"","sticky":false,"template":"","format":"standard","meta":{"footnotes":""},"categories":[140],"tags":[114,115,147,148,13303,146,32,33,38553,12425,37711],"class_list":{"0":"post-191578","1":"post","2":"type-post","3":"status-publish","4":"format-standard","5":"has-post-thumbnail","7":"category-filmes","8":"tag-entertainment","9":"tag-entretenimento","10":"tag-film","11":"tag-filmes","12":"tag-lewis-pullman","13":"tag-movies","14":"tag-portugal","15":"tag-pt","16":"tag-sentinela","17":"tag-thunderbolts","18":"tag-vingadores-destino"},"share_on_mastodon":{"url":"https:\/\/pubeurope.com\/@pt\/115732741140825525","error":""},"_links":{"self":[{"href":"https:\/\/www.europesays.com\/pt\/wp-json\/wp\/v2\/posts\/191578","targetHints":{"allow":["GET"]}}],"collection":[{"href":"https:\/\/www.europesays.com\/pt\/wp-json\/wp\/v2\/posts"}],"about":[{"href":"https:\/\/www.europesays.com\/pt\/wp-json\/wp\/v2\/types\/post"}],"author":[{"embeddable":true,"href":"https:\/\/www.europesays.com\/pt\/wp-json\/wp\/v2\/users\/2"}],"replies":[{"embeddable":true,"href":"https:\/\/www.europesays.com\/pt\/wp-json\/wp\/v2\/comments?post=191578"}],"version-history":[{"count":0,"href":"https:\/\/www.europesays.com\/pt\/wp-json\/wp\/v2\/posts\/191578\/revisions"}],"wp:featuredmedia":[{"embeddable":true,"href":"https:\/\/www.europesays.com\/pt\/wp-json\/wp\/v2\/media\/191579"}],"wp:attachment":[{"href":"https:\/\/www.europesays.com\/pt\/wp-json\/wp\/v2\/media?parent=191578"}],"wp:term":[{"taxonomy":"category","embeddable":true,"href":"https:\/\/www.europesays.com\/pt\/wp-json\/wp\/v2\/categories?post=191578"},{"taxonomy":"post_tag","embeddable":true,"href":"https:\/\/www.europesays.com\/pt\/wp-json\/wp\/v2\/tags?post=191578"}],"curies":[{"name":"wp","href":"https:\/\/api.w.org\/{rel}","templated":true}]}}