{"id":191603,"date":"2025-12-17T03:47:14","date_gmt":"2025-12-17T03:47:14","guid":{"rendered":"https:\/\/www.europesays.com\/pt\/191603\/"},"modified":"2025-12-17T03:47:14","modified_gmt":"2025-12-17T03:47:14","slug":"trailer-empolga-fas-com-visual-fiel-e-elenco-de-peso-dol","status":"publish","type":"post","link":"https:\/\/www.europesays.com\/pt\/191603\/","title":{"rendered":"trailer empolga f\u00e3s com visual fiel e elenco de peso \u2022 DOL"},"content":{"rendered":"<p><img decoding=\"async\" src=\"https:\/\/www.europesays.com\/pt\/wp-content\/uploads\/2025\/12\/HQPOP_street_1212_00930260_0_-3.webp\" fetchpriority=\"high\" alt=\"Imagem ilustrativa da not\u00edcia Street Fighter: trailer empolga f\u00e3s com visual fiel e elenco de peso\" title=\"Andrew Koji e Noah Centineo como Ryu e Ken, respectivamente, em cena do primeiro trailer oficial de Street Fighter, lan\u00e7ado no TGA 2025.\"\/> <img decoding=\"async\" src=\"https:\/\/dol.com.br\/themes\/DOL\/assets\/img\/camera-solid.svg\" alt=\"camera\" loading=\"lazy\"\/> Andrew Koji e Noah Centineo como Ryu e Ken, respectivamente, em cena do primeiro trailer oficial de Street Fighter, lan\u00e7ado no TGA 2025. | Reprodu\u00e7\u00e3o<\/p>\n<p>O palco do The Game Awards 2025 se tornou o cen\u00e1rio de uma das maiores surpresas do ano, e os f\u00e3s de jogos de luta finalmente puderam respirar aliviados: a Legendary Pictures liberou o primeiro trailer oficial do novo filme live-action de Street Fighter. A revela\u00e7\u00e3o eletrizante foi seguida pela entrada inesperada de todo o elenco no palco do evento, gerando uma rea\u00e7\u00e3o calorosa da plateia.<\/p>\n<p>Confira o trailer completo no nosso parceiro <a href=\"https:\/\/hqpop.com.br\/street-fighter-trailer-empolga-fas-com-visual-fiel-e-elenco-de-peso\/\" target=\"_blank\" rel=\"nofollow noopener\" data-rel-defined=\"\">HQPOP<\/a> e descubra todos os detalhes!<\/p>\n<p>Leia mais em HQPOP: VEM SEGUIR OS CANAIS DO DOL! <\/p>\n<p>Seja sempre o primeiro a ficar bem informado, entre no nosso canal de not\u00edcias no <a style=\"color:#5c4463!important\" target=\"_blank\" href=\"https:\/\/whatsapp.com\/channel\/0029Va9IlAw2v1J02cbfQ31H\" rel=\"nofollow noopener\">WhatsApp<\/a> e <a style=\"color:#5c4463!important\" href=\"https:\/\/t.me\/dolnoticias\" target=\"_blank\" rel=\"nofollow\">Telegram<\/a>. Para mais informa\u00e7\u00f5es sobre os canais do WhatsApp e seguir outros canais do DOL. Acesse: <a style=\"color:#5c4463!important\" target=\"_blank\" href=\"https:\/\/dol.com.br\/n\/828815\" rel=\"nofollow noopener\">dol.com.br\/n\/828815<\/a>.<\/p>\n<p>tagsQuer receber mais not\u00edcias como essa?Cadastre seu email e comece o dia com as not\u00edcias selecionadas pelo nosso editor <b>Conte\u00fado<\/b> Relacionado<\/p>\n<p><b>IMPORTANTE:<\/b> Os coment\u00e1rios n\u00e3o representam a opini\u00e3o do Di\u00e1rio Online. Os textos escritos s\u00e3o de inteira responsabilidade dos autores.<\/p>\n","protected":false},"excerpt":{"rendered":"Andrew Koji e Noah Centineo como Ryu e Ken, respectivamente, em cena do primeiro trailer oficial de Street&hellip;\n","protected":false},"author":2,"featured_media":191604,"comment_status":"","ping_status":"","sticky":false,"template":"","format":"standard","meta":{"footnotes":""},"categories":[140],"tags":[114,115,147,38554,148,38555,38556,15676,146,32,33,37922,38557],"class_list":{"0":"post-191603","1":"post","2":"type-post","3":"status-publish","4":"format-standard","5":"has-post-thumbnail","7":"category-filmes","8":"tag-entertainment","9":"tag-entretenimento","10":"tag-film","11":"tag-filme-live-action-street-fighter","12":"tag-filmes","13":"tag-hqpop","14":"tag-jogos-de-luta","15":"tag-legendary-pictures","16":"tag-movies","17":"tag-portugal","18":"tag-pt","19":"tag-the-game-awards-2025","20":"tag-trailer-street-fighter"},"share_on_mastodon":{"url":"https:\/\/pubeurope.com\/@pt\/115732863979901832","error":""},"_links":{"self":[{"href":"https:\/\/www.europesays.com\/pt\/wp-json\/wp\/v2\/posts\/191603","targetHints":{"allow":["GET"]}}],"collection":[{"href":"https:\/\/www.europesays.com\/pt\/wp-json\/wp\/v2\/posts"}],"about":[{"href":"https:\/\/www.europesays.com\/pt\/wp-json\/wp\/v2\/types\/post"}],"author":[{"embeddable":true,"href":"https:\/\/www.europesays.com\/pt\/wp-json\/wp\/v2\/users\/2"}],"replies":[{"embeddable":true,"href":"https:\/\/www.europesays.com\/pt\/wp-json\/wp\/v2\/comments?post=191603"}],"version-history":[{"count":0,"href":"https:\/\/www.europesays.com\/pt\/wp-json\/wp\/v2\/posts\/191603\/revisions"}],"wp:featuredmedia":[{"embeddable":true,"href":"https:\/\/www.europesays.com\/pt\/wp-json\/wp\/v2\/media\/191604"}],"wp:attachment":[{"href":"https:\/\/www.europesays.com\/pt\/wp-json\/wp\/v2\/media?parent=191603"}],"wp:term":[{"taxonomy":"category","embeddable":true,"href":"https:\/\/www.europesays.com\/pt\/wp-json\/wp\/v2\/categories?post=191603"},{"taxonomy":"post_tag","embeddable":true,"href":"https:\/\/www.europesays.com\/pt\/wp-json\/wp\/v2\/tags?post=191603"}],"curies":[{"name":"wp","href":"https:\/\/api.w.org\/{rel}","templated":true}]}}