{"id":191613,"date":"2025-12-17T04:02:07","date_gmt":"2025-12-17T04:02:07","guid":{"rendered":"https:\/\/www.europesays.com\/pt\/191613\/"},"modified":"2025-12-17T04:02:07","modified_gmt":"2025-12-17T04:02:07","slug":"daniela-melchior-ainda-aguarda-ligacao-de-james-gunn-para-participar-do-dcu","status":"publish","type":"post","link":"https:\/\/www.europesays.com\/pt\/191613\/","title":{"rendered":"Daniela Melchior ainda aguarda liga\u00e7\u00e3o de James Gunn para participar do DCU"},"content":{"rendered":"<p class=\"wp-block-yoast-seo-estimated-reading-time yoast-reading-time__wrapper\">Estimated reading time: 2 minutos<\/p>\n<p><strong>Daniela Melchior<\/strong> teve a sua estreia no cinema de Hollywood como a <strong>Ca\u00e7a-Ratos 2<\/strong> em <a href=\"https:\/\/ovicio.com.br\/filme\/o-esquadrao-suicida\" rel=\"nofollow noopener\" target=\"_blank\">O Esquadr\u00e3o Suicida<\/a>, de <strong>James Gunn<\/strong>. Agora que Gunn \u00e9 o co-CEO da <a href=\"https:\/\/ovicio.com.br\/tag\/dc-studios\" rel=\"nofollow noopener\" target=\"_blank\">DC Studios<\/a>, Melchior ainda aguarda uma liga\u00e7\u00e3o do cineasta para reprisar o papel no novo <strong>DCU<\/strong> &#8211; ou dar vida a uma nova personagem.<\/p>\n<p><strong>&#8220;Ainda estou esperando que me liguem. Estou esperando pacientemente&#8221;<\/strong>, disse a atriz ao <a href=\"https:\/\/collider.com\/the-suicide-squad-star-daniela-melchior-ratcatcher-2-dcu-return-explained\/\" target=\"_blank\" rel=\"noreferrer noopener nofollow\">Collider<\/a>.<\/p>\n<p><strong>&#8220;Eu tenho torcido para que isso aconte\u00e7a. Vamos acender uma vela.&#8221;<\/strong><\/p>\n<p>Enquanto essa liga\u00e7\u00e3o n\u00e3o chega, os f\u00e3s da <strong>DC<\/strong> podem rever a atriz como a personagem em <strong>O Esquadr\u00e3o Suicida<\/strong>, que est\u00e1 dispon\u00edvel no cat\u00e1logo da <strong>HBO Max<\/strong>.<\/p>\n<p>Leia tamb\u00e9m sobre O Esquadr\u00e3o Suicida:<\/p>\n","protected":false},"excerpt":{"rendered":"Estimated reading time: 2 minutos Daniela Melchior teve a sua estreia no cinema de Hollywood como a Ca\u00e7a-Ratos&hellip;\n","protected":false},"author":2,"featured_media":191614,"comment_status":"","ping_status":"","sticky":false,"template":"","format":"standard","meta":{"footnotes":""},"categories":[140],"tags":[37440,2945,12237,114,115,147,148,7320,146,38558,32,33],"class_list":{"0":"post-191613","1":"post","2":"type-post","3":"status-publish","4":"format-standard","5":"has-post-thumbnail","7":"category-filmes","8":"tag-daniela-melchior","9":"tag-dc","10":"tag-dcu","11":"tag-entertainment","12":"tag-entretenimento","13":"tag-film","14":"tag-filmes","15":"tag-james-gunn","16":"tag-movies","17":"tag-o-esquadrao-suicida","18":"tag-portugal","19":"tag-pt"},"share_on_mastodon":{"url":"https:\/\/pubeurope.com\/@pt\/115732922036630661","error":""},"_links":{"self":[{"href":"https:\/\/www.europesays.com\/pt\/wp-json\/wp\/v2\/posts\/191613","targetHints":{"allow":["GET"]}}],"collection":[{"href":"https:\/\/www.europesays.com\/pt\/wp-json\/wp\/v2\/posts"}],"about":[{"href":"https:\/\/www.europesays.com\/pt\/wp-json\/wp\/v2\/types\/post"}],"author":[{"embeddable":true,"href":"https:\/\/www.europesays.com\/pt\/wp-json\/wp\/v2\/users\/2"}],"replies":[{"embeddable":true,"href":"https:\/\/www.europesays.com\/pt\/wp-json\/wp\/v2\/comments?post=191613"}],"version-history":[{"count":0,"href":"https:\/\/www.europesays.com\/pt\/wp-json\/wp\/v2\/posts\/191613\/revisions"}],"wp:featuredmedia":[{"embeddable":true,"href":"https:\/\/www.europesays.com\/pt\/wp-json\/wp\/v2\/media\/191614"}],"wp:attachment":[{"href":"https:\/\/www.europesays.com\/pt\/wp-json\/wp\/v2\/media?parent=191613"}],"wp:term":[{"taxonomy":"category","embeddable":true,"href":"https:\/\/www.europesays.com\/pt\/wp-json\/wp\/v2\/categories?post=191613"},{"taxonomy":"post_tag","embeddable":true,"href":"https:\/\/www.europesays.com\/pt\/wp-json\/wp\/v2\/tags?post=191613"}],"curies":[{"name":"wp","href":"https:\/\/api.w.org\/{rel}","templated":true}]}}